{"id":16034,"date":"2018-09-28T12:32:34","date_gmt":"2018-09-28T09:32:34","guid":{"rendered":"http:\/\/arantv.az\/?p=16034"},"modified":"2018-09-28T12:32:34","modified_gmt":"2018-09-28T09:32:34","slug":"f%c9%99rdi-qaydada-f%c9%99aliyy%c9%99t-gost%c9%99r%c9%99n-v%c9%99kill%c9%99r-novb%c9%99tciliy%c9%99-c%c9%99lb-edil%c9%99c%c9%99k","status":"publish","type":"post","link":"https:\/\/arantv.az\/?p=16034","title":{"rendered":"F\u0259rdi qaydada f\u0259aliyy\u0259t g\u00f6st\u0259r\u0259n v\u0259kill\u0259r n\u00f6vb\u0259t\u00e7iliy\u0259 c\u0259lb edil\u0259c\u0259k"},"content":{"rendered":"<p>Sentyabr\u0131n 27-d\u0259 V\u0259kill\u0259r Kollegiyas\u0131n\u0131n R\u0259yas\u0259t Hey\u0259tinin n\u00f6vb\u0259ti iclas\u0131 ke\u00e7irilib.<\/p>\n<p><strong>ARANTV.AZ<\/strong>-\u0131n m\u0259lumat\u0131na g\u00f6r\u0259, iclasda V\u0259kill\u0259r Kollegiyas\u0131n\u0131n s\u0259dri\u00a0<strong>Anar Ba\u011f\u0131rov<\/strong>\u00a0t\u0259r\u0259find\u0259n son d\u00f6vrl\u0259r V\u0259kill\u0259r Kollegiyas\u0131n\u0131n R\u0259yas\u0259t Hey\u0259ti t\u0259r\u0259find\u0259n g\u00f6r\u00fcl\u0259n i\u015fl\u0259rin v\u0259ziyy\u0259ti bar\u0259d\u0259 m\u0259lumat verilib, habel\u0259 v\u0259kil qurumlar\u0131 t\u0259r\u0259find\u0259n t\u0259qdim olunmu\u015f n\u00f6vb\u0259t\u00e7ilik c\u0259dv\u0259ll\u0259ri t\u0259sdiq edilib.<\/p>\n<p>H\u0259m\u00e7inin \u201cV\u0259kill\u0259r v\u0259 v\u0259killik f\u0259aliyy\u0259ti haqq\u0131nda\u201d Qanunun t\u0259l\u0259bi n\u0259z\u0259r\u0259 al\u0131nmaqla, V\u0259kill\u0259r Kollegiyas\u0131n\u0131n R\u0259yas\u0259t Hey\u0259ti t\u0259r\u0259find\u0259n ilk d\u0259f\u0259 olaraq, regionlarda v\u0259 Bak\u0131da f\u0259rdi qaydada f\u0259aliyy\u0259t g\u00f6st\u0259r\u0259n v\u0259kill\u0259rin d\u00f6vl\u0259t hesab\u0131na h\u00fcquqi yard\u0131mla ba\u011fl\u0131 n\u00f6vb\u0259t\u00e7iliy\u0259 c\u0259lb olunmas\u0131 bar\u0259d\u0259 q\u0259rar q\u0259bul olunub.<\/p>\n<p>Bununla ba\u011fl\u0131, n\u00f6vb\u0259ti ay \u00fc\u00e7\u00fcn f\u0259rdi qaydada f\u0259aliyy\u0259t g\u00f6st\u0259r\u0259n v\u0259kill\u0259rin n\u00f6vb\u0259t\u00e7ilik c\u0259dv\u0259li V\u0259kill\u0259r Kollegiyas\u0131n\u0131n r\u0259smi veb-s\u0259hif\u0259sinin \u201cElanlar\u201d b\u00f6lm\u0259sind\u0259 d\u0259rc olunacaq.<\/p>\n<p>Qeyd ed\u0259k ki, v\u0259kil qurumu olmayan v\u0259 f\u0259rdi v\u0259kil say\u0131 az olan regionlarda n\u00f6vb\u0259t\u00e7ilik c\u0259dv\u0259li \u00fczr\u0259 n\u00f6vb\u0259d\u0259 olan v\u0259kil \u00fczrl\u00fc s\u0259b\u0259bd\u0259n n\u00f6vb\u0259t\u00e7ilik v\u0259zif\u0259l\u0259rini yerin\u0259 yetir\u0259 bilm\u0259dikd\u0259 onun yerin\u0259 dig\u0259r v\u0259kilin n\u00f6vb\u0259t\u00e7ilik qaydas\u0131nda m\u0259hk\u0259m\u0259 v\u0259 h\u00fcquq-m\u00fchafiz\u0259 orqanlar\u0131n\u0131n \u00e7a\u011f\u0131r\u0131\u015flar\u0131na getm\u0259sinin z\u0259ruriliyi bildirilib.<\/p>\n<p>\u0130clasda h\u0259m\u00e7inin \u201cV\u0259kil orderi v\u0259 order markas\u0131 haqq\u0131nda\u201d \u018fsasnam\u0259nin layih\u0259si m\u00fczakir\u0259y\u0259 t\u0259qdim edilib v\u0259 m\u00fcvafiq \u0259lav\u0259 v\u0259 d\u0259yi\u015fiklikl\u0259r edilm\u0259kl\u0259 ad\u0131 \u00e7\u0259kil\u0259n s\u0259n\u0259din 2019-cu ilin yanvar\u0131n 1-d\u0259n etibar\u0259n q\u00fcvv\u0259y\u0259 minm\u0259si bar\u0259d\u0259 q\u0259rar q\u0259bul olunub.<\/p>\n<p>Bundan ba\u015fqa, yeni v\u0259kil qurumlar\u0131n\u0131n t\u0259sis edilm\u0259si il\u0259 ba\u011fl\u0131 q\u0259rarlar q\u0259bul edilib. Bel\u0259 ki, Tovuz rayonunda yeni v\u0259kil b\u00fcrosu, o c\u00fcml\u0259d\u0259n Bak\u0131 \u015f\u0259h\u0259rind\u0259 \u201c\u0130smay\u0131lb\u0259yli v\u0259 partnyorlar\u0131\u201d, \u201cFemida\u201d, 21 v\u0259 22 sayl\u0131 v\u0259kil b\u00fcrolar\u0131n\u0131n t\u0259sis olunmas\u0131 bar\u0259d\u0259 m\u0259s\u0259l\u0259l\u0259r\u0259 bax\u0131lm\u0131\u015f v\u0259 bu m\u00fcraci\u0259tl\u0259rl\u0259 \u0259laq\u0259dar R\u0259yas\u0259t Hey\u0259ti t\u0259r\u0259find\u0259n m\u00fcsb\u0259t q\u0259rarlar q\u0259bul olunub.<\/p>\n<p>Eyni zamanda, ba\u015fqa v\u0259kil qurumuna ke\u00e7m\u0259k, f\u0259rdi qaydada f\u0259aliyy\u0259t g\u00f6st\u0259rilm\u0259si v\u0259 v\u0259killiy\u0259 q\u0259bul \u00fczr\u0259 m\u00fcraci\u0259tl\u0259r\u0259 bax\u0131lm\u0131\u015f, bir s\u0131ra v\u0259kill\u0259rin m\u00fckafatland\u0131r\u0131lmas\u0131 haqq\u0131nda q\u0259rarlar q\u0259bul olunub.<\/p>\n<p>\u0130clasda v\u0259kill\u0259r bar\u0259sind\u0259 ba\u015flan\u0131lm\u0131\u015f 15 intizam icraat\u0131 \u00fczr\u0259 V\u0259kill\u0259rin \u0130ntizam Komissiyas\u0131n\u0131n r\u0259yl\u0259rin\u0259 bax\u0131laraq, v\u0259killik haqq\u0131nda qanunvericiliyin t\u0259l\u0259bini pozdu\u011funa g\u00f6r\u0259 bir v\u0259kilin f\u0259aliyy\u0259tinin dayand\u0131r\u0131lmas\u0131 v\u0259 onun V\u0259kill\u0259r Kollegiyas\u0131n\u0131n \u00fczvl\u00fcy\u00fcnd\u0259n xaric olunmas\u0131 bar\u0259d\u0259 m\u0259hk\u0259m\u0259y\u0259 m\u00fcraci\u0259t edilm\u0259si il\u0259 ba\u011fl\u0131 q\u0259rar q\u0259bul olunub.<br \/>\nOn bir i\u015f \u00fczr\u0259 is\u0259 pozuntu a\u015fkar edilm\u0259diyi, h\u0259m\u00e7inin daxil olmu\u015f \u015fikay\u0259tl\u0259rd\u0259ki m\u0259lumatlara h\u00fcquqi qiym\u0259t verilm\u0259si m\u00fcmk\u00fcn olmad\u0131\u011f\u0131 \u00fc\u00e7\u00fcn intizam icraatlar\u0131na xitam verilib v\u0259 bir intizam i\u015fi \u00fczr\u0259 icraat eyni m\u0259zmunlu \u015fikay\u0259t il\u0259 ba\u011fl\u0131 h\u00fcquq-m\u00fchafiz\u0259 orqan\u0131nda ara\u015fd\u0131rma apar\u0131lmas\u0131 \u0259sas\u0131 il\u0259 dayand\u0131r\u0131l\u0131b. \u0130ki intizam i\u015fi \u00fczr\u0259 is\u0259 \u0259lav\u0259 ara\u015fd\u0131rma apar\u0131lmas\u0131 il\u0259 \u0259laq\u0259dar m\u0259s\u0259l\u0259 n\u00f6vb\u0259ti iclasda bax\u0131lanad\u0259k t\u0259xir\u0259 sal\u0131n\u0131b.<\/p>\n<p>Sonda Kollegiyan\u0131n f\u0259aliyy\u0259tin\u0259 dair sair m\u0259s\u0259l\u0259l\u0259r \u0259traf\u0131nda m\u00fczakir\u0259l\u0259r apar\u0131lm\u0131\u015f, m\u00fcvafiq q\u0259rarlar q\u0259bul olunub.oxu.az<\/p>\n","protected":false},"excerpt":{"rendered":"<p>Sentyabr\u0131n 27-d\u0259 V\u0259kill\u0259r Kollegiyas\u0131n\u0131n R\u0259yas\u0259t Hey\u0259tinin n\u00f6vb\u0259ti iclas\u0131 ke\u00e7irilib. ARANTV.AZ-\u0131n m\u0259lumat\u0131na g\u00f6r\u0259, iclasda V\u0259kill\u0259r Kollegiyas\u0131n\u0131n s\u0259dri\u00a0Anar Ba\u011f\u0131rov\u00a0t\u0259r\u0259find\u0259n son d\u00f6vrl\u0259r V\u0259kill\u0259r Kollegiyas\u0131n\u0131n R\u0259yas\u0259t Hey\u0259ti t\u0259r\u0259find\u0259n g\u00f6r\u00fcl\u0259n i\u015fl\u0259rin v\u0259ziyy\u0259ti bar\u0259d\u0259 m\u0259lumat verilib, habel\u0259 v\u0259kil qurumlar\u0131 t\u0259r\u0259find\u0259n t\u0259qdim olunmu\u015f n\u00f6vb\u0259t\u00e7ilik c\u0259dv\u0259ll\u0259ri t\u0259sdiq edilib. H\u0259m\u00e7inin \u201cV\u0259kill\u0259r v\u0259 v\u0259killik f\u0259aliyy\u0259ti haqq\u0131nda\u201d Qanunun t\u0259l\u0259bi n\u0259z\u0259r\u0259 al\u0131nmaqla, V\u0259kill\u0259r Kollegiyas\u0131n\u0131n R\u0259yas\u0259t Hey\u0259ti t\u0259r\u0259find\u0259n ilk d\u0259f\u0259 olaraq, regionlarda v\u0259 Bak\u0131da f\u0259rdi qaydada f\u0259aliyy\u0259t g\u00f6st\u0259r\u0259n v\u0259kill\u0259rin d\u00f6vl\u0259t hesab\u0131na h\u00fcquqi yard\u0131mla ba\u011fl\u0131 n\u00f6vb\u0259t\u00e7iliy\u0259 c\u0259lb olunmas\u0131 bar\u0259d\u0259 q\u0259rar q\u0259bul olunub. Bununla ba\u011fl\u0131, n\u00f6vb\u0259ti ay \u00fc\u00e7\u00fcn f\u0259rdi qaydada f\u0259aliyy\u0259t g\u00f6st\u0259r\u0259n v\u0259kill\u0259rin n\u00f6vb\u0259t\u00e7ilik c\u0259dv\u0259li&hellip;<\/p>\n","protected":false},"author":2,"featured_media":16035,"comment_status":"closed","ping_status":"closed","sticky":false,"template":"","format":"standard","meta":{"om_disable_all_campaigns":false,"_monsterinsights_skip_tracking":false,"_monsterinsights_sitenote_active":false,"_monsterinsights_sitenote_note":"","_monsterinsights_sitenote_category":0},"categories":[1],"tags":[],"aioseo_notices":[],"gutentor_comment":0,"rttpg_featured_image_url":{"full":["https:\/\/arantv.az\/wp-content\/uploads\/2018\/09\/Clipboard02-3.jpg",620,396,false],"landscape":["https:\/\/arantv.az\/wp-content\/uploads\/2018\/09\/Clipboard02-3.jpg",620,396,false],"portraits":["https:\/\/arantv.az\/wp-content\/uploads\/2018\/09\/Clipboard02-3.jpg",620,396,false],"thumbnail":["https:\/\/arantv.az\/wp-content\/uploads\/2018\/09\/Clipboard02-3-150x150.jpg",150,150,true],"medium":["https:\/\/arantv.az\/wp-content\/uploads\/2018\/09\/Clipboard02-3-300x192.jpg",300,192,true],"large":["https:\/\/arantv.az\/wp-content\/uploads\/2018\/09\/Clipboard02-3.jpg",620,396,false],"1536x1536":["https:\/\/arantv.az\/wp-content\/uploads\/2018\/09\/Clipboard02-3.jpg",620,396,false],"2048x2048":["https:\/\/arantv.az\/wp-content\/uploads\/2018\/09\/Clipboard02-3.jpg",620,396,false],"post-thumbnail":["https:\/\/arantv.az\/wp-content\/uploads\/2018\/09\/Clipboard02-3-240x172.jpg",240,172,true],"advps-thumb-one":["https:\/\/arantv.az\/wp-content\/uploads\/2018\/09\/Clipboard02-3.jpg",620,396,false]},"rttpg_author":{"display_name":"V\u00fcsal Rafiqo\u011flu","author_link":"https:\/\/arantv.az\/?author=2"},"rttpg_comment":0,"rttpg_category":"<a href=\"https:\/\/arantv.az\/?cat=1\" rel=\"category\">C\u0259miyy\u0259t<\/a>","rttpg_excerpt":"Sentyabr\u0131n 27-d\u0259 V\u0259kill\u0259r Kollegiyas\u0131n\u0131n R\u0259yas\u0259t Hey\u0259tinin n\u00f6vb\u0259ti iclas\u0131 ke\u00e7irilib. ARANTV.AZ-\u0131n m\u0259lumat\u0131na g\u00f6r\u0259, iclasda V\u0259kill\u0259r Kollegiyas\u0131n\u0131n s\u0259dri\u00a0Anar Ba\u011f\u0131rov\u00a0t\u0259r\u0259find\u0259n son d\u00f6vrl\u0259r V\u0259kill\u0259r Kollegiyas\u0131n\u0131n R\u0259yas\u0259t Hey\u0259ti t\u0259r\u0259find\u0259n g\u00f6r\u00fcl\u0259n i\u015fl\u0259rin v\u0259ziyy\u0259ti bar\u0259d\u0259 m\u0259lumat verilib, habel\u0259 v\u0259kil qurumlar\u0131 t\u0259r\u0259find\u0259n t\u0259qdim olunmu\u015f n\u00f6vb\u0259t\u00e7ilik c\u0259dv\u0259ll\u0259ri t\u0259sdiq edilib. H\u0259m\u00e7inin \u201cV\u0259kill\u0259r v\u0259 v\u0259killik f\u0259aliyy\u0259ti haqq\u0131nda\u201d Qanunun t\u0259l\u0259bi n\u0259z\u0259r\u0259 al\u0131nmaqla, V\u0259kill\u0259r Kollegiyas\u0131n\u0131n R\u0259yas\u0259t Hey\u0259ti t\u0259r\u0259find\u0259n&hellip;","_links":{"self":[{"href":"https:\/\/arantv.az\/index.php?rest_route=\/wp\/v2\/posts\/16034"}],"collection":[{"href":"https:\/\/arantv.az\/index.php?rest_route=\/wp\/v2\/posts"}],"about":[{"href":"https:\/\/arantv.az\/index.php?rest_route=\/wp\/v2\/types\/post"}],"author":[{"embeddable":true,"href":"https:\/\/arantv.az\/index.php?rest_route=\/wp\/v2\/users\/2"}],"replies":[{"embeddable":true,"href":"https:\/\/arantv.az\/index.php?rest_route=%2Fwp%2Fv2%2Fcomments&post=16034"}],"version-history":[{"count":0,"href":"https:\/\/arantv.az\/index.php?rest_route=\/wp\/v2\/posts\/16034\/revisions"}],"wp:featuredmedia":[{"embeddable":true,"href":"https:\/\/arantv.az\/index.php?rest_route=\/wp\/v2\/media\/16035"}],"wp:attachment":[{"href":"https:\/\/arantv.az\/index.php?rest_route=%2Fwp%2Fv2%2Fmedia&parent=16034"}],"wp:term":[{"taxonomy":"category","embeddable":true,"href":"https:\/\/arantv.az\/index.php?rest_route=%2Fwp%2Fv2%2Fcategories&post=16034"},{"taxonomy":"post_tag","embeddable":true,"href":"https:\/\/arantv.az\/index.php?rest_route=%2Fwp%2Fv2%2Ftags&post=16034"}],"curies":[{"name":"wp","href":"https:\/\/api.w.org\/{rel}","templated":true}]}}