{"id":16050,"date":"2018-09-28T13:17:07","date_gmt":"2018-09-28T10:17:07","guid":{"rendered":"http:\/\/arantv.az\/?p=16050"},"modified":"2018-09-28T13:17:07","modified_gmt":"2018-09-28T10:17:07","slug":"federasiya-prezidenti-idmanci-yalan-danisir-atasi-d%c9%99l%c9%99duzdur","status":"publish","type":"post","link":"https:\/\/arantv.az\/?p=16050","title":{"rendered":"Federasiya prezidenti: \u0130dman\u00e7\u0131 yalan dan\u0131\u015f\u0131r, atas\u0131 d\u0259l\u0259duzdur"},"content":{"rendered":"<p>T\u00fcrkiy\u0259 m\u0259tbuat\u0131nda u\u015fu v\u0259 kunq fu idman n\u00f6vl\u0259ri il\u0259 m\u0259\u015f\u011ful olan\u00a0<strong>Ruzi V\u0259liyev<\/strong>in qarda\u015f \u00f6lk\u0259 millisi ad\u0131ndan \u00e7\u0131x\u0131\u015f etm\u0259k ist\u0259m\u0259sin\u0259 dair x\u0259b\u0259rl\u0259r yay\u0131l\u0131b.<\/p>\n<p><b>ARANTV.AZ\u00a0<\/b> x\u0259b\u0259r verir ki, 18 ya\u015fl\u0131 Ruzi V\u0259liyev T\u00fcrkiy\u0259d\u0259 B\u00fcl\u0259nt Ecevit ad\u0131na Universitet\u0259 daxil oldu\u011funu v\u0259 \u201ca\u011f-q\u0131rm\u0131z\u0131\u201d millinin hey\u0259tind\u0259 \u00e7\u0131x\u0131\u015f etm\u0259k ist\u0259diyini dil\u0259 g\u0259tirib.<\/p>\n<p>O, 2013-2016-c\u0131 ill\u0259rd\u0259 \u00c7inin paytaxt\u0131 Pekind\u0259 ke\u00e7iril\u0259n yar\u0131\u015flarda d\u00f6rd q\u0131z\u0131l medal qazanaraq, iki d\u0259f\u0259 d\u00fcnya \u00e7empionu oldu\u011funu dil\u0259 g\u0259tirib. Onun atas\u0131\u00a0<strong>Zahid V\u0259liyev\u00a0<\/strong>is\u0259 27 il m\u0259\u015fq\u00e7i i\u015fl\u0259diyini v\u0259 o\u011flunun T\u00fcrkiy\u0259 ad\u0131ndan \u00e7\u0131x\u0131\u015f etm\u0259sini ist\u0259diyini bildirib.<\/p>\n<div id=\"AdributorNativeVideo0\" class=\"AdributorNativeVideo\"><\/div>\n<p>M\u0259s\u0259l\u0259 il\u0259 ba\u011fl\u0131 Az\u0259rbaycan U\u015fu Federasiyas\u0131n\u0131n prezidenti\u00a0<strong>Az\u0259r H\u0259s\u0259nsoy<\/strong>la \u0259laq\u0259 saxlad\u0131q. O, idman\u00e7\u0131n\u0131 tan\u0131mad\u0131\u011f\u0131n\u0131 v\u0259 onun atas\u0131n\u0131n d\u0259l\u0259duz oldu\u011funu bildirib:<\/p>\n<p>\u201cO, yalan deyir. He\u00e7 u\u015fuda ikiqat d\u00fcnya \u00e7empionumuz yoxdur. Az\u0259rbaycanda \u00e7empion olmay\u0131b. Getsin, T\u00fcrkiy\u0259ni t\u0259msil etsin, g\u00f6r\u0259k, onlara n\u0259 fayda ver\u0259c\u0259k?! Amma atas\u0131 Zahid V\u0259liyevi tan\u0131d\u0131m. D\u0259l\u0259duzun, ba\u015f\u0131xarab\u0131n biridir. \u015eizofreniyas\u0131 var. Federasiyada ona bir m\u00fcdd\u0259t i\u015fl\u0259m\u0259k \u015fans\u0131 yaratm\u0131\u015fd\u0131m.<\/p>\n<p>Deyirdi ki, d\u00fcnya \u00e7empionat\u0131nda i\u015ftirak edib, Rusiya ad\u0131ndan \u00e7\u0131x\u0131\u015f edib. Halbuki m\u0259n oldu\u011fum h\u0259min d\u00fcnya \u00e7empionat\u0131nda onu g\u00f6rm\u0259mi\u015f\u0259m, ruslar\u0131n da hey\u0259tini \u0259zb\u0259r bilir\u0259m. Yalan\u0131n\u0131 \u00fcz\u0259 \u00e7\u0131xard\u0131m, pis oldu. Sonra bir ara kunq-fu il\u0259\u00a0m\u0259\u015f\u011ful oldu, dey\u0259s\u0259n\u201d.<\/p>\n<p>Kunq Fu Federasiyas\u0131n\u0131n prezidenti\u00a0<strong>Nurlan Aslanov\u00a0<\/strong>bu idman\u00e7\u0131n\u0131n millimizin hey\u0259tind\u0259 yer almad\u0131\u011f\u0131n\u0131 vur\u011fulay\u0131b:<\/p>\n<p>\u201cBizim millid\u0259 18 ya\u015f\u0131nda d\u00fcnya \u00e7empionu yoxdur. \u00dcmumiyy\u0259tl\u0259, 18 ya\u015f\u0131nda iki d\u0259f\u0259 d\u00fcnya \u00e7empionu olmaq qeyri-m\u00fcmk\u00fcnd\u00fcr. Biz sonuncu d\u0259f\u0259 Pekind\u0259 2015-ci ild\u0259 \u00e7\u0131x\u0131\u015f etmi\u015fik. Orada bel\u0259 bir idman\u00e7\u0131 i\u015ftirak etm\u0259yib. Q\u0131zlar, yeniyetm\u0259l\u0259r, g\u0259ncl\u0259r v\u0259 b\u00f6y\u00fck y\u0131\u011fma komandalar\u0131n hey\u0259tini \u00f6z\u00fcm m\u00fc\u0259yy\u0259nl\u0259\u015fdirir\u0259m.<\/p>\n<p>Bel\u0259 bir idman\u00e7\u0131m\u0131z y\u0131\u011fmada olmay\u0131b. Atas\u0131 Zahid V\u0259liyevi is\u0259, dey\u0259s\u0259n, tan\u0131y\u0131ram. \u0130randan bir n\u0259f\u0259r g\u0259lib burada q\u0259rib\u0259 bir t\u0259riq\u0259tl\u0259 m\u0259\u015f\u011ful olurdu. \u018fll\u0259rind\u0259 \u015far \u015fi\u015firdirdil\u0259r. Orada bir Zahid m\u00fc\u0259llim oldu\u011fu yad\u0131mdad\u0131r\u201d.<\/p>\n<p><img src=\"https:\/\/qaynarinfo.az\/photo\/600x300\/2018-09\/1537778313_untitled-1-recovered.jpg\" alt=\"\u00c4\u00b0kiqat d\u00c3\u00bcnya \u00c3\u00a7empionumuz T\u00c3\u00bcrkiy\u00c9\u0099 millisin\u00c9\u0099 ke\u00c3\u00a7ir (S\u00c6\u008fB\u00c6\u008fB)\" \/><\/p>\n<p>oxu.az<\/p>\n","protected":false},"excerpt":{"rendered":"<p>T\u00fcrkiy\u0259 m\u0259tbuat\u0131nda u\u015fu v\u0259 kunq fu idman n\u00f6vl\u0259ri il\u0259 m\u0259\u015f\u011ful olan\u00a0Ruzi V\u0259liyevin qarda\u015f \u00f6lk\u0259 millisi ad\u0131ndan \u00e7\u0131x\u0131\u015f etm\u0259k ist\u0259m\u0259sin\u0259 dair x\u0259b\u0259rl\u0259r yay\u0131l\u0131b. ARANTV.AZ\u00a0 x\u0259b\u0259r verir ki, 18 ya\u015fl\u0131 Ruzi V\u0259liyev T\u00fcrkiy\u0259d\u0259 B\u00fcl\u0259nt Ecevit ad\u0131na Universitet\u0259 daxil oldu\u011funu v\u0259 \u201ca\u011f-q\u0131rm\u0131z\u0131\u201d millinin hey\u0259tind\u0259 \u00e7\u0131x\u0131\u015f etm\u0259k ist\u0259diyini dil\u0259 g\u0259tirib. O, 2013-2016-c\u0131 ill\u0259rd\u0259 \u00c7inin paytaxt\u0131 Pekind\u0259 ke\u00e7iril\u0259n yar\u0131\u015flarda d\u00f6rd q\u0131z\u0131l medal qazanaraq, iki d\u0259f\u0259 d\u00fcnya \u00e7empionu oldu\u011funu dil\u0259 g\u0259tirib. Onun atas\u0131\u00a0Zahid V\u0259liyev\u00a0is\u0259 27 il m\u0259\u015fq\u00e7i i\u015fl\u0259diyini v\u0259 o\u011flunun T\u00fcrkiy\u0259 ad\u0131ndan \u00e7\u0131x\u0131\u015f etm\u0259sini ist\u0259diyini bildirib. M\u0259s\u0259l\u0259 il\u0259 ba\u011fl\u0131 Az\u0259rbaycan U\u015fu Federasiyas\u0131n\u0131n prezidenti\u00a0Az\u0259r H\u0259s\u0259nsoyla \u0259laq\u0259 saxlad\u0131q.&hellip;<\/p>\n","protected":false},"author":2,"featured_media":16051,"comment_status":"closed","ping_status":"closed","sticky":false,"template":"","format":"standard","meta":{"om_disable_all_campaigns":false,"_monsterinsights_skip_tracking":false,"_monsterinsights_sitenote_active":false,"_monsterinsights_sitenote_note":"","_monsterinsights_sitenote_category":0},"categories":[6],"tags":[],"aioseo_notices":[],"gutentor_comment":0,"rttpg_featured_image_url":{"full":["https:\/\/arantv.az\/wp-content\/uploads\/2018\/09\/azer-1.jpg",620,336,false],"landscape":["https:\/\/arantv.az\/wp-content\/uploads\/2018\/09\/azer-1.jpg",620,336,false],"portraits":["https:\/\/arantv.az\/wp-content\/uploads\/2018\/09\/azer-1.jpg",620,336,false],"thumbnail":["https:\/\/arantv.az\/wp-content\/uploads\/2018\/09\/azer-1-150x150.jpg",150,150,true],"medium":["https:\/\/arantv.az\/wp-content\/uploads\/2018\/09\/azer-1-300x163.jpg",300,163,true],"large":["https:\/\/arantv.az\/wp-content\/uploads\/2018\/09\/azer-1.jpg",620,336,false],"1536x1536":["https:\/\/arantv.az\/wp-content\/uploads\/2018\/09\/azer-1.jpg",620,336,false],"2048x2048":["https:\/\/arantv.az\/wp-content\/uploads\/2018\/09\/azer-1.jpg",620,336,false],"post-thumbnail":["https:\/\/arantv.az\/wp-content\/uploads\/2018\/09\/azer-1-240x172.jpg",240,172,true],"advps-thumb-one":["https:\/\/arantv.az\/wp-content\/uploads\/2018\/09\/azer-1.jpg",620,336,false]},"rttpg_author":{"display_name":"V\u00fcsal Rafiqo\u011flu","author_link":"https:\/\/arantv.az\/?author=2"},"rttpg_comment":0,"rttpg_category":"<a href=\"https:\/\/arantv.az\/?cat=6\" rel=\"category\">\u0130dman<\/a>","rttpg_excerpt":"T\u00fcrkiy\u0259 m\u0259tbuat\u0131nda u\u015fu v\u0259 kunq fu idman n\u00f6vl\u0259ri il\u0259 m\u0259\u015f\u011ful olan\u00a0Ruzi V\u0259liyevin qarda\u015f \u00f6lk\u0259 millisi ad\u0131ndan \u00e7\u0131x\u0131\u015f etm\u0259k ist\u0259m\u0259sin\u0259 dair x\u0259b\u0259rl\u0259r yay\u0131l\u0131b. ARANTV.AZ\u00a0 x\u0259b\u0259r verir ki, 18 ya\u015fl\u0131 Ruzi V\u0259liyev T\u00fcrkiy\u0259d\u0259 B\u00fcl\u0259nt Ecevit ad\u0131na Universitet\u0259 daxil oldu\u011funu v\u0259 \u201ca\u011f-q\u0131rm\u0131z\u0131\u201d millinin hey\u0259tind\u0259 \u00e7\u0131x\u0131\u015f etm\u0259k ist\u0259diyini dil\u0259 g\u0259tirib. O, 2013-2016-c\u0131 ill\u0259rd\u0259 \u00c7inin paytaxt\u0131 Pekind\u0259 ke\u00e7iril\u0259n yar\u0131\u015flarda d\u00f6rd&hellip;","_links":{"self":[{"href":"https:\/\/arantv.az\/index.php?rest_route=\/wp\/v2\/posts\/16050"}],"collection":[{"href":"https:\/\/arantv.az\/index.php?rest_route=\/wp\/v2\/posts"}],"about":[{"href":"https:\/\/arantv.az\/index.php?rest_route=\/wp\/v2\/types\/post"}],"author":[{"embeddable":true,"href":"https:\/\/arantv.az\/index.php?rest_route=\/wp\/v2\/users\/2"}],"replies":[{"embeddable":true,"href":"https:\/\/arantv.az\/index.php?rest_route=%2Fwp%2Fv2%2Fcomments&post=16050"}],"version-history":[{"count":0,"href":"https:\/\/arantv.az\/index.php?rest_route=\/wp\/v2\/posts\/16050\/revisions"}],"wp:featuredmedia":[{"embeddable":true,"href":"https:\/\/arantv.az\/index.php?rest_route=\/wp\/v2\/media\/16051"}],"wp:attachment":[{"href":"https:\/\/arantv.az\/index.php?rest_route=%2Fwp%2Fv2%2Fmedia&parent=16050"}],"wp:term":[{"taxonomy":"category","embeddable":true,"href":"https:\/\/arantv.az\/index.php?rest_route=%2Fwp%2Fv2%2Fcategories&post=16050"},{"taxonomy":"post_tag","embeddable":true,"href":"https:\/\/arantv.az\/index.php?rest_route=%2Fwp%2Fv2%2Ftags&post=16050"}],"curies":[{"name":"wp","href":"https:\/\/api.w.org\/{rel}","templated":true}]}}