{"id":160518,"date":"2020-05-06T21:13:34","date_gmt":"2020-05-06T18:13:34","guid":{"rendered":"http:\/\/arantv.az\/?p=160518"},"modified":"2020-05-06T21:13:34","modified_gmt":"2020-05-06T18:13:34","slug":"turk-surasinin-iqtisadiyyat-nazirl%c9%99rinin-videokonfrans-formatinda-gorusu-kecirilib-foto","status":"publish","type":"post","link":"https:\/\/arantv.az\/?p=160518","title":{"rendered":"T\u00fcrk \u015euras\u0131n\u0131n iqtisadiyyat nazirl\u0259rinin videokonfrans format\u0131nda g\u00f6r\u00fc\u015f\u00fc ke\u00e7irilib &#8211; FOTO"},"content":{"rendered":"<p>May\u0131n 6-da T\u00fcrkdilli D\u00f6vl\u0259tl\u0259rin \u018fm\u0259kda\u015fl\u0131q \u015euras\u0131na (T\u00fcrk \u015euras\u0131) \u00fczv v\u0259 m\u00fc\u015fahid\u0259\u00e7i \u00f6lk\u0259l\u0259rin iqtisadiyyat nazirl\u0259ri v\u0259 g\u00f6mr\u00fck xidm\u0259ti r\u0259hb\u0259rl\u0259rinin videokonfrans format\u0131nda m\u00fczakir\u0259l\u0259ri t\u0259\u015fkil edilib.<\/p>\n<p>Videokonfrans\u0131n m\u0259qs\u0259di aprelin 10-da Az\u0259rbaycan Respublikas\u0131n\u0131n Prezidenti c\u0259nab \u0130lham \u018fliyevin t\u0259\u015f\u0259bb\u00fcs\u00fc v\u0259 s\u0259drliyi il\u0259 videokonfrans format\u0131nda ke\u00e7irilmi\u015f T\u00fcrk \u015euras\u0131n\u0131n f\u00f6vq\u0259lad\u0259 Zirv\u0259 g\u00f6r\u00fc\u015f\u00fcnd\u0259 d\u00f6vl\u0259t ba\u015f\u00e7\u0131lar\u0131 t\u0259r\u0259find\u0259n qald\u0131r\u0131lan m\u0259s\u0259l\u0259l\u0259rin icras\u0131 \u00fc\u00e7\u00fcn birg\u0259 f\u0259aliyy\u0259t istiqam\u0259tl\u0259rinin m\u00fc\u0259yy\u0259nl\u0259\u015fdirilm\u0259si idi.<\/p>\n<p>T\u0259dbiri haz\u0131rda t\u0259\u015fkilata s\u0259drlik ed\u0259n \u00f6lk\u0259 olaraq Az\u0259rbaycan\u0131n \u0130qtisadiyyat naziri Mikay\u0131l Cabbarov apar\u0131b. G\u00f6r\u00fc\u015fd\u0259 t\u0259r\u0259fda\u015f \u00f6lk\u0259l\u0259rd\u0259 m\u00f6vcud iqtisadi v\u0259ziyy\u0259t, COVID-19 pandemiyas\u0131n\u0131n m\u0259nfi sosial-iqtisadi t\u0259sirl\u0259rin\u0259 qar\u015f\u0131 birg\u0259 t\u0259klifl\u0259rin v\u0259 praktik t\u0259dbirl\u0259rin haz\u0131rlanmas\u0131, h\u0259m\u00e7inin postpandemiya d\u00f6vr\u00fcnd\u0259 aidiyy\u0259ti sah\u0259l\u0259r \u00fczr\u0259 \u0259m\u0259kda\u015fl\u0131\u011f\u0131n daha da m\u00f6hk\u0259ml\u0259ndirilm\u0259si m\u0259s\u0259l\u0259l\u0259ri m\u00fczakir\u0259 edilib.<\/p>\n<p>Mikay\u0131l Cabbarov Az\u0259rbaycan Respublikas\u0131n\u0131n Prezidenti c\u0259nab \u0130lham \u018fliyevin r\u0259hb\u0259rliyi v\u0259 bilavasit\u0259 n\u0259zar\u0259ti il\u0259 vaxt\u0131nda g\u00f6r\u00fcl\u0259n \u00e7ox\u015fax\u0259li qabaqlay\u0131c\u0131 t\u0259dbirl\u0259r n\u0259tic\u0259sind\u0259 \u00f6lk\u0259mizd\u0259 koronavirusa yoluxma hallar\u0131n\u0131n m\u0259hdudla\u015fd\u0131r\u0131ld\u0131\u011f\u0131n\u0131 vur\u011fulay\u0131b. Qeyd edib ki, d\u00fc\u015f\u00fcn\u00fclm\u00fc\u015f v\u0259 m\u0259qs\u0259dy\u00f6nl\u00fc siyas\u0259ti il\u0259 n\u00fcmun\u0259 olan Az\u0259rbaycan bu m\u0259s\u0259l\u0259d\u0259 d\u0259 m\u00fcsb\u0259t m\u0259nada f\u0259rql\u0259nir. \u0130qtisadiyyat naziri ilk n\u00f6vb\u0259d\u0259, s\u0131x d\u00f6vl\u0259t-v\u0259t\u0259nda\u015f h\u0259mr\u0259yliyin\u0259 s\u00f6yk\u0259nm\u0259kl\u0259 insanlar\u0131n sa\u011flaml\u0131\u011f\u0131n\u0131n qorunmas\u0131 il\u0259 yana\u015f\u0131, pandemiyan\u0131n milli iqtisadiyyata t\u0259sirl\u0259rinin azald\u0131lmas\u0131, z\u0259r\u0259r \u00e7\u0259kmi\u015f sah\u0259l\u0259rd\u0259 f\u0259aliyy\u0259t g\u00f6st\u0259r\u0259n sahibkarlara v\u0259 muzdlu i\u015f\u00e7il\u0259r\u0259 d\u0259st\u0259k verilm\u0259si, i\u015f yerl\u0259rinin qorunmas\u0131, \u0259halinin sosial m\u00fcdafi\u0259sinin t\u0259min edilm\u0259si, h\u0259m\u00e7inin postpandemiya d\u00f6vr\u00fcnd\u0259 yeni iqtisadi inki\u015faf modelinin t\u0259tbiqi \u00fc\u00e7\u00fcn real z\u0259min haz\u0131rlamaq m\u0259qs\u0259dil\u0259 h\u0259yata ke\u00e7iril\u0259n operativ v\u0259 sistemli t\u0259dbirl\u0259r bar\u0259d\u0259 m\u0259lumat verib.<\/p>\n<p>Az\u0259rbaycan\u0131n \u0130qtisadiyyat naziri \u00fczv d\u00f6vl\u0259tl\u0259r aras\u0131nda ikit\u0259r\u0259fli s\u0259rb\u0259st ticar\u0259t haqq\u0131nda sazi\u015fl\u0259rin yaratd\u0131\u011f\u0131 \u00fcst\u00fcnl\u00fckl\u0259rd\u0259n s\u0259m\u0259r\u0259li istifad\u0259 edilm\u0259si, elektron ticar\u0259tin inki\u015faf\u0131 m\u0259qs\u0259dil\u0259 T\u00fcrk \u015euras\u0131 d\u00f6vl\u0259tl\u0259ri aras\u0131nda elektron imzalar\u0131n qar\u015f\u0131l\u0131ql\u0131 tan\u0131nmas\u0131 \u00fc\u00e7\u00fcn t\u0259dbirl\u0259rin g\u00f6r\u00fclm\u0259si, T\u00fcrk Ticar\u0259t Evinin, h\u0259m\u00e7inin T\u00fcrk \u015euras\u0131 \u00e7\u0259r\u00e7iv\u0259sind\u0259 \u00fczv \u00f6lk\u0259l\u0259rd\u0259 m\u00f6vcud s\u0259rh\u0259d v\u0259 tranzit rejiml\u0259rinin kataloqunun haz\u0131rlanmas\u0131, el\u0259c\u0259 d\u0259 n\u0259qliyyat v\u0259 tranzit rejimind\u0259 h\u0259r hans\u0131 t\u0259xir\u0259sal\u0131nmaz v\u0259 ya planla\u015fd\u0131r\u0131lan d\u0259yi\u015fiklik bar\u0259d\u0259 \u00fczv d\u00f6vl\u0259tl\u0259rin m\u0259lumatland\u0131r\u0131lmas\u0131, h\u0259m\u00e7inin yax\u0131n g\u0259l\u0259c\u0259kd\u0259 \u00f6lk\u0259l\u0259rimizd\u0259 mallar\u0131n v\u0259 prosedurlar\u0131n izl\u0259nilm\u0259sin\u0259 imkan ver\u0259n onlayn m\u0259lumat m\u00fcbadil\u0259si sisteminin yarad\u0131lmas\u0131n\u0131 t\u0259klif edib.<\/p>\n<p>Mikay\u0131l Cabbarov \u00fczv \u00f6lk\u0259l\u0259rd\u0259 ticar\u0259t v\u0259 investisiyalara m\u0259nfi t\u0259sirin aradan qald\u0131r\u0131lmas\u0131 istiqam\u0259tind\u0259 T\u00fcrk \u015euras\u0131n\u0131n D\u00f6vl\u0259t ba\u015f\u00e7\u0131lar\u0131n\u0131n ke\u00e7irdiyi f\u00f6vq\u0259lad\u0259 Sammit zaman\u0131 T\u00fcrk Ticar\u0259t v\u0259 S\u0259naye Palatas\u0131n\u0131n f\u0259aliyy\u0259tinin t\u0259\u015fviqi v\u0259 Birg\u0259 \u0130nvestisiya Fondunun yarad\u0131lmas\u0131 m\u0259s\u0259l\u0259sini xat\u0131rladaraq, bel\u0259 bir fondun yarad\u0131lmas\u0131n\u0131n qar\u015f\u0131l\u0131ql\u0131 investisiya imkanlar\u0131n\u0131 art\u0131rmaqla \u00f6lk\u0259l\u0259rimizd\u0259 sahibkarl\u0131\u011f\u0131n, x\u00fcsusil\u0259 ki\u00e7ik v\u0259 orta biznesin inki\u015faf\u0131na, yeni i\u015f yerl\u0259rinin yarad\u0131lmas\u0131na, innovasiyalar\u0131n d\u0259st\u0259kl\u0259nm\u0259sin\u0259, son n\u0259tic\u0259d\u0259 \u00f6lk\u0259l\u0259rin \u00fcmumi iqtisadi v\u0259 sosial inki\u015faf\u0131na geni\u015f t\u0259kan ver\u0259 bil\u0259c\u0259yini bildirib.<\/p>\n<p>Nazir Bak\u0131 \u015f\u0259h\u0259rind\u0259 yerl\u0259\u015fm\u0259kl\u0259 Birg\u0259 \u0130nvestisiya Fondunun yarad\u0131lmas\u0131na Az\u0259rbaycan t\u0259r\u0259finin h\u0259r c\u00fcr d\u0259st\u0259k g\u00f6st\u0259rm\u0259y\u0259 haz\u0131r oldu\u011funu bildirib. R\u0259q\u0259msal iqtisadiyyatdan dan\u0131\u015fark\u0259n Mikay\u0131l Cabbarov cari ilin \u0259vv\u0259lind\u0259 D\u00fcnya \u0130qtisadi Forumunun D\u00f6rd\u00fcnc\u00fc S\u0259naye \u0130nqilab\u0131 M\u0259rk\u0259zinin filial\u0131n\u0131n Az\u0259rbaycanda yarad\u0131lmas\u0131 bar\u0259d\u0259 q\u0259rar q\u0259bul edildiyini xat\u0131rlad\u0131b v\u0259 M\u0259rk\u0259zin f\u0259aliyy\u0259tind\u0259n qarda\u015f \u00f6lk\u0259l\u0259rin d\u0259 faydalana bilm\u0259si, M\u0259rk\u0259zin regional \u0259h\u0259miyy\u0259t k\u0259sb etm\u0259si \u00fc\u00e7\u00fcn z\u0259ruri t\u0259dbirl\u0259rin g\u00f6r\u00fcl\u0259c\u0259yini vur\u011fulay\u0131b.<\/p>\n<p>Mikay\u0131l Cabbarov qeyd edib ki, \u0259rzaq m\u0259hsullar\u0131 \u00fczr\u0259 d\u00f6vl\u0259t ehtiyatlar\u0131n\u0131n formala\u015fd\u0131r\u0131lmas\u0131 x\u00fcsusi \u0259h\u0259miyy\u0259t da\u015f\u0131y\u0131r. Bu bax\u0131mdan b\u00fct\u00fcn \u00fczv \u00f6lk\u0259l\u0259r \u00fc\u00e7\u00fcn vahid siyah\u0131n\u0131n formala\u015fd\u0131r\u0131lmas\u0131 m\u0259qs\u0259d\u0259uy\u011fundur.<\/p>\n<p>Videokonfransda i\u015ftirak\u00e7\u0131 \u00f6lk\u0259l\u0259rin m\u00fcvafiq qurumlar\u0131n\u0131n r\u0259hb\u0259rl\u0259ri COVID-19 pandemiyas\u0131n\u0131n iqtisadi inki\u015fafa v\u0259 ticar\u0259t \u0259laq\u0259l\u0259rin\u0259 m\u0259nfi t\u0259sirinin azald\u0131lmas\u0131 \u00fc\u00e7\u00fcn t\u0259msil etdikl\u0259ri \u00f6lk\u0259l\u0259rd\u0259 g\u00f6r\u00fcl\u0259n i\u015fl\u0259r bar\u0259d\u0259 m\u0259lumat verib, T\u00fcrk \u015euras\u0131 \u00e7\u0259r\u00e7iv\u0259sind\u0259 h\u0259yata ke\u00e7iril\u0259 bil\u0259c\u0259k birg\u0259 t\u0259dbirl\u0259rl\u0259 ba\u011fl\u0131 t\u0259klifl\u0259rini bildiribl\u0259r.<\/p>\n<p>G\u00f6r\u00fc\u015fd\u0259 h\u0259m\u00e7inin, T\u00fcrk \u015euras\u0131na \u00fczv v\u0259 m\u00fc\u015fahid\u0259\u00e7i \u00f6lk\u0259l\u0259rin g\u00f6mr\u00fck xidm\u0259ti r\u0259hb\u0259rl\u0259ri aras\u0131nda fikir m\u00fcbadil\u0259si apar\u0131l\u0131b, g\u00f6mr\u00fck orqanlar\u0131n\u0131n r\u0259hb\u0259rl\u0259ri pandemiya d\u00f6vr\u00fcnd\u0259 praktiki add\u0131mlar\u0131n icras\u0131 bar\u0259d\u0259 t\u0259klifl\u0259rini s\u0259sl\u0259ndiribl\u0259r.<\/p>\n<p>T\u00fcrk \u015euras\u0131n\u0131n Ba\u015f katibi Ba\u011fdad Amreyev t\u0259dbirin operativ t\u0259\u015fkilin\u0259 g\u00f6r\u0259 Az\u0259rbaycan t\u0259r\u0259fin\u0259 t\u0259\u015f\u0259kk\u00fcr edib.<\/p>\n<p>Videokonfransda T\u00fcrk \u015euras\u0131n\u0131n Ba\u015f katibi Ba\u011fdad Amreyev, Ba\u015f katibin m\u00fcavinl\u0259ri \u00d6m\u0259r Kocaman v\u0259 Qism\u0259t G\u00f6z\u0259lov, Az\u0259rbaycan\u0131n \u0130qtisadiyyat naziri Mikay\u0131l Cabbarov, T\u00fcrkiy\u0259nin Ticar\u0259t naziri Ruhsar Pekcan, \u00d6zb\u0259kistan\u0131n Ba\u015f nazirinin m\u00fcavini, \u0130nvestisiyalar v\u0259 Xarici Ticar\u0259t naziri Sardor Umurzakov, Qazax\u0131stan\u0131n Milli \u0130qtisadiyyat naziri Ruslan Dalenov, Ticar\u0259t v\u0259 \u0130nteqrasiya nazirinin m\u00fcavini Kayrat Torebayev, Xarici \u0130\u015fl\u0259r Nazirliyinin \u0130nvestisiyalar \u00fczr\u0259 komit\u0259sinin s\u0259dri Rustam \u0130satayev, Q\u0131r\u011f\u0131z\u0131stan\u0131n \u0130qtisadiyyat naziri Sanjar Mukanbetov, Macar\u0131stan\u0131n Xarici \u0130\u015fl\u0259r v\u0259 Ticar\u0259t naziri Peter Siyarto, h\u0259m\u00e7inin Az\u0259rbaycan D\u00f6vl\u0259t G\u00f6mr\u00fck Komit\u0259sinin s\u0259dri S\u0259f\u0259r Mehdiyev, Qazax\u0131stan\u0131n Maliyy\u0259 Nazirliyinin D\u00f6vl\u0259t G\u0259lirl\u0259r Komit\u0259sinin s\u0259dri Marat Sultanqaziyev, Q\u0131r\u011f\u0131z\u0131stan D\u00f6vl\u0259t G\u00f6mr\u00fck Xidm\u0259tinin s\u0259dri Alt\u0131nbek Torutayev, \u00d6zb\u0259kistan\u0131n D\u00f6vl\u0259t G\u00f6mr\u00fck Komit\u0259sinin s\u0259dri Murotjon Azimov, Macar\u0131stan\u0131n Milli Vergi v\u0259 G\u00f6mr\u00fck Administrasiyas\u0131n\u0131n g\u00f6mr\u00fck \u00fczr\u0259 ba\u015f direktoru Kri\u015ftof Bokoi i\u015ftirak edibl\u0259r.<\/p>\n","protected":false},"excerpt":{"rendered":"<p>May\u0131n 6-da T\u00fcrkdilli D\u00f6vl\u0259tl\u0259rin \u018fm\u0259kda\u015fl\u0131q \u015euras\u0131na (T\u00fcrk \u015euras\u0131) \u00fczv v\u0259 m\u00fc\u015fahid\u0259\u00e7i \u00f6lk\u0259l\u0259rin iqtisadiyyat nazirl\u0259ri v\u0259 g\u00f6mr\u00fck xidm\u0259ti r\u0259hb\u0259rl\u0259rinin videokonfrans format\u0131nda m\u00fczakir\u0259l\u0259ri t\u0259\u015fkil edilib. Videokonfrans\u0131n m\u0259qs\u0259di aprelin 10-da Az\u0259rbaycan Respublikas\u0131n\u0131n Prezidenti c\u0259nab \u0130lham \u018fliyevin t\u0259\u015f\u0259bb\u00fcs\u00fc v\u0259 s\u0259drliyi il\u0259 videokonfrans format\u0131nda ke\u00e7irilmi\u015f T\u00fcrk \u015euras\u0131n\u0131n f\u00f6vq\u0259lad\u0259 Zirv\u0259 g\u00f6r\u00fc\u015f\u00fcnd\u0259 d\u00f6vl\u0259t ba\u015f\u00e7\u0131lar\u0131 t\u0259r\u0259find\u0259n qald\u0131r\u0131lan m\u0259s\u0259l\u0259l\u0259rin icras\u0131 \u00fc\u00e7\u00fcn birg\u0259 f\u0259aliyy\u0259t istiqam\u0259tl\u0259rinin m\u00fc\u0259yy\u0259nl\u0259\u015fdirilm\u0259si idi. T\u0259dbiri haz\u0131rda t\u0259\u015fkilata s\u0259drlik ed\u0259n \u00f6lk\u0259 olaraq Az\u0259rbaycan\u0131n \u0130qtisadiyyat naziri Mikay\u0131l Cabbarov apar\u0131b. G\u00f6r\u00fc\u015fd\u0259 t\u0259r\u0259fda\u015f \u00f6lk\u0259l\u0259rd\u0259 m\u00f6vcud iqtisadi v\u0259ziyy\u0259t, COVID-19 pandemiyas\u0131n\u0131n m\u0259nfi sosial-iqtisadi t\u0259sirl\u0259rin\u0259 qar\u015f\u0131 birg\u0259 t\u0259klifl\u0259rin v\u0259 praktik t\u0259dbirl\u0259rin haz\u0131rlanmas\u0131, h\u0259m\u00e7inin postpandemiya&hellip;<\/p>\n","protected":false},"author":2,"featured_media":160522,"comment_status":"closed","ping_status":"closed","sticky":false,"template":"","format":"standard","meta":{"om_disable_all_campaigns":false,"_monsterinsights_skip_tracking":false,"_monsterinsights_sitenote_active":false,"_monsterinsights_sitenote_note":"","_monsterinsights_sitenote_category":0},"categories":[19],"tags":[],"aioseo_notices":[],"gutentor_comment":0,"rttpg_featured_image_url":{"full":["https:\/\/arantv.az\/wp-content\/uploads\/2020\/05\/LihqZySr0HRWNNv7SaL72iZJ34-5tUp6.jpg",620,413,false],"landscape":["https:\/\/arantv.az\/wp-content\/uploads\/2020\/05\/LihqZySr0HRWNNv7SaL72iZJ34-5tUp6.jpg",620,413,false],"portraits":["https:\/\/arantv.az\/wp-content\/uploads\/2020\/05\/LihqZySr0HRWNNv7SaL72iZJ34-5tUp6.jpg",620,413,false],"thumbnail":["https:\/\/arantv.az\/wp-content\/uploads\/2020\/05\/LihqZySr0HRWNNv7SaL72iZJ34-5tUp6-150x150.jpg",150,150,true],"medium":["https:\/\/arantv.az\/wp-content\/uploads\/2020\/05\/LihqZySr0HRWNNv7SaL72iZJ34-5tUp6-300x200.jpg",300,200,true],"large":["https:\/\/arantv.az\/wp-content\/uploads\/2020\/05\/LihqZySr0HRWNNv7SaL72iZJ34-5tUp6.jpg",620,413,false],"1536x1536":["https:\/\/arantv.az\/wp-content\/uploads\/2020\/05\/LihqZySr0HRWNNv7SaL72iZJ34-5tUp6.jpg",620,413,false],"2048x2048":["https:\/\/arantv.az\/wp-content\/uploads\/2020\/05\/LihqZySr0HRWNNv7SaL72iZJ34-5tUp6.jpg",620,413,false],"post-thumbnail":["https:\/\/arantv.az\/wp-content\/uploads\/2020\/05\/LihqZySr0HRWNNv7SaL72iZJ34-5tUp6-240x172.jpg",240,172,true],"advps-thumb-one":["https:\/\/arantv.az\/wp-content\/uploads\/2020\/05\/LihqZySr0HRWNNv7SaL72iZJ34-5tUp6.jpg",620,413,false]},"rttpg_author":{"display_name":"V\u00fcsal Rafiqo\u011flu","author_link":"https:\/\/arantv.az\/?author=2"},"rttpg_comment":0,"rttpg_category":"<a href=\"https:\/\/arantv.az\/?cat=19\" rel=\"category\">G\u00fcnd\u0259m<\/a>","rttpg_excerpt":"May\u0131n 6-da T\u00fcrkdilli D\u00f6vl\u0259tl\u0259rin \u018fm\u0259kda\u015fl\u0131q \u015euras\u0131na (T\u00fcrk \u015euras\u0131) \u00fczv v\u0259 m\u00fc\u015fahid\u0259\u00e7i \u00f6lk\u0259l\u0259rin iqtisadiyyat nazirl\u0259ri v\u0259 g\u00f6mr\u00fck xidm\u0259ti r\u0259hb\u0259rl\u0259rinin videokonfrans format\u0131nda m\u00fczakir\u0259l\u0259ri t\u0259\u015fkil edilib. Videokonfrans\u0131n m\u0259qs\u0259di aprelin 10-da Az\u0259rbaycan Respublikas\u0131n\u0131n Prezidenti c\u0259nab \u0130lham \u018fliyevin t\u0259\u015f\u0259bb\u00fcs\u00fc v\u0259 s\u0259drliyi il\u0259 videokonfrans format\u0131nda ke\u00e7irilmi\u015f T\u00fcrk \u015euras\u0131n\u0131n f\u00f6vq\u0259lad\u0259 Zirv\u0259 g\u00f6r\u00fc\u015f\u00fcnd\u0259 d\u00f6vl\u0259t ba\u015f\u00e7\u0131lar\u0131 t\u0259r\u0259find\u0259n qald\u0131r\u0131lan m\u0259s\u0259l\u0259l\u0259rin icras\u0131 \u00fc\u00e7\u00fcn birg\u0259 f\u0259aliyy\u0259t istiqam\u0259tl\u0259rinin&hellip;","_links":{"self":[{"href":"https:\/\/arantv.az\/index.php?rest_route=\/wp\/v2\/posts\/160518"}],"collection":[{"href":"https:\/\/arantv.az\/index.php?rest_route=\/wp\/v2\/posts"}],"about":[{"href":"https:\/\/arantv.az\/index.php?rest_route=\/wp\/v2\/types\/post"}],"author":[{"embeddable":true,"href":"https:\/\/arantv.az\/index.php?rest_route=\/wp\/v2\/users\/2"}],"replies":[{"embeddable":true,"href":"https:\/\/arantv.az\/index.php?rest_route=%2Fwp%2Fv2%2Fcomments&post=160518"}],"version-history":[{"count":0,"href":"https:\/\/arantv.az\/index.php?rest_route=\/wp\/v2\/posts\/160518\/revisions"}],"wp:featuredmedia":[{"embeddable":true,"href":"https:\/\/arantv.az\/index.php?rest_route=\/wp\/v2\/media\/160522"}],"wp:attachment":[{"href":"https:\/\/arantv.az\/index.php?rest_route=%2Fwp%2Fv2%2Fmedia&parent=160518"}],"wp:term":[{"taxonomy":"category","embeddable":true,"href":"https:\/\/arantv.az\/index.php?rest_route=%2Fwp%2Fv2%2Fcategories&post=160518"},{"taxonomy":"post_tag","embeddable":true,"href":"https:\/\/arantv.az\/index.php?rest_route=%2Fwp%2Fv2%2Ftags&post=160518"}],"curies":[{"name":"wp","href":"https:\/\/api.w.org\/{rel}","templated":true}]}}