{"id":160523,"date":"2020-05-06T21:23:32","date_gmt":"2020-05-06T18:23:32","guid":{"rendered":"http:\/\/arantv.az\/?p=160523"},"modified":"2020-05-06T21:23:32","modified_gmt":"2020-05-06T18:23:32","slug":"az%c9%99rbaycan-qosulmama-h%c9%99r%c9%99kati-olk%c9%99l%c9%99rinin-s%c9%99hiyy%c9%99-nazirl%c9%99rinin-toplantisini-kecir%c9%99c%c9%99k-isci-qrup-yaradilib-video","status":"publish","type":"post","link":"https:\/\/arantv.az\/?p=160523","title":{"rendered":"Az\u0259rbaycan Qo\u015fulmama H\u0259r\u0259kat\u0131 \u00f6lk\u0259l\u0259rinin s\u0259hiyy\u0259 nazirl\u0259rinin toplant\u0131s\u0131n\u0131 ke\u00e7ir\u0259c\u0259k &#8211; \u0130\u015f\u00e7i Qrup yarad\u0131l\u0131b &#8211; V\u0130DEO"},"content":{"rendered":"<div class=\"article_text\">\n<p>&#8220;Qo\u015fulmama H\u0259r\u0259kat\u0131 \u00e7\u0259r\u00e7iv\u0259sind\u0259 Prezident \u0130lham \u018fliyevin t\u0259\u015f\u0259bb\u00fcs\u00fc il\u0259 \u0130\u015f\u00e7i Qrup yarad\u0131l\u0131b. Bu \u0130\u015f\u00e7i Qrupunun qar\u015f\u0131s\u0131nda bir ne\u00e7\u0259 v\u0259zif\u0259 var. Birinci v\u0259zif\u0259 Qo\u015fulmama H\u0259r\u0259kat\u0131na \u00fczv \u00f6lk\u0259l\u0259rin s\u0259hiyy\u0259 nazirl\u0259rinin toplant\u0131s\u0131n\u0131n ke\u00e7irilm\u0259sidir&#8221;.<\/p>\n<p><strong>ARANTV.AZ<\/strong>\u00a0<a href=\"http:\/\/az.trend.az\/\" target=\"_blank\" rel=\"noopener\">Trend<\/a>-\u0259 istinad\u0259n bildirir ki, bu s\u00f6zl\u0259ri Az\u0259rbaycan Televiziyas\u0131n\u0131n (AzTV) &#8220;H\u0259d\u0259f&#8221; verili\u015find\u0259 Prezident Administrasiyas\u0131n\u0131n xarici \u0259laq\u0259l\u0259r \u015f\u00f6b\u0259sinin r\u0259hb\u0259ri, Prezidentin k\u00f6m\u0259k\u00e7isi Hikm\u0259t Hac\u0131yev deyib. PA r\u0259smisi bildirib ki, art\u0131q s\u0259hiyy\u0259 sah\u0259sind\u0259 \u0259m\u0259kda\u015fl\u0131\u011fa, m\u00fcxt\u0259lif tibbi protokol v\u0259 alqoritml\u0259rin b\u00f6l\u00fc\u015f\u00fclm\u0259sin\u0259, t\u0259cr\u00fcb\u0259 m\u00fcbadil\u0259sin\u0259 ehtiyyac vard\u0131: &#8220;Qar\u015f\u0131dan g\u0259l\u0259n d\u00f6vr \u0259rzind\u0259 \u00dcmumd\u00fcnya S\u0259hiyy\u0259 T\u0259\u015fkilat\u0131n\u0131n (\u00dcST) t\u0259rkib hiss\u0259si olaraq, D\u00fcnya S\u0259hiyy\u0259 Assambleyas\u0131 ba\u015f tutacaq. O \u00e7\u0259r\u00e7iv\u0259d\u0259 Prezident \u0130lham \u018fliyevin tap\u015f\u0131r\u0131\u011f\u0131ndan ir\u0259li g\u0259l\u0259r\u0259k, Az\u0259rbaycan aidiyyat\u0131 \u00fczr\u0259 s\u0259hiyy\u0259 nazirl\u0259rinin toplant\u0131s\u0131n\u0131 ke\u00e7ir\u0259c\u0259k. Bu istiqam\u0259td\u0259 real i\u015fl\u0259r gedir, Qo\u015fulmama H\u0259r\u0259kat\u0131 daxilind\u0259 prosedurlardan \u00e7\u0131x\u0131\u015f ed\u0259r\u0259k, d\u00f6vl\u0259tl\u0259rl\u0259 raz\u0131la\u015fd\u0131r\u0131l\u0131r&#8221;.<\/p>\n<p><iframe loading=\"lazy\" src=\"https:\/\/www.trend.az\/player.php?f=%20https:\/\/cdn.trend.az\/2020\/05\/06\/video_hikmat_hajiyev_060520.mp4\" width=\"100%\" height=\"360\" frameborder=\"0\" allowfullscreen=\"allowfullscreen\" data-mce-fragment=\"1\"><\/iframe><\/p>\n<\/div>\n<div class=\"social-banner\"><\/div>\n","protected":false},"excerpt":{"rendered":"<p>&#8220;Qo\u015fulmama H\u0259r\u0259kat\u0131 \u00e7\u0259r\u00e7iv\u0259sind\u0259 Prezident \u0130lham \u018fliyevin t\u0259\u015f\u0259bb\u00fcs\u00fc il\u0259 \u0130\u015f\u00e7i Qrup yarad\u0131l\u0131b. Bu \u0130\u015f\u00e7i Qrupunun qar\u015f\u0131s\u0131nda bir ne\u00e7\u0259 v\u0259zif\u0259 var. Birinci v\u0259zif\u0259 Qo\u015fulmama H\u0259r\u0259kat\u0131na \u00fczv \u00f6lk\u0259l\u0259rin s\u0259hiyy\u0259 nazirl\u0259rinin toplant\u0131s\u0131n\u0131n ke\u00e7irilm\u0259sidir&#8221;. ARANTV.AZ\u00a0Trend-\u0259 istinad\u0259n bildirir ki, bu s\u00f6zl\u0259ri Az\u0259rbaycan Televiziyas\u0131n\u0131n (AzTV) &#8220;H\u0259d\u0259f&#8221; verili\u015find\u0259 Prezident Administrasiyas\u0131n\u0131n xarici \u0259laq\u0259l\u0259r \u015f\u00f6b\u0259sinin r\u0259hb\u0259ri, Prezidentin k\u00f6m\u0259k\u00e7isi Hikm\u0259t Hac\u0131yev deyib. PA r\u0259smisi bildirib ki, art\u0131q s\u0259hiyy\u0259 sah\u0259sind\u0259 \u0259m\u0259kda\u015fl\u0131\u011fa, m\u00fcxt\u0259lif tibbi protokol v\u0259 alqoritml\u0259rin b\u00f6l\u00fc\u015f\u00fclm\u0259sin\u0259, t\u0259cr\u00fcb\u0259 m\u00fcbadil\u0259sin\u0259 ehtiyyac vard\u0131: &#8220;Qar\u015f\u0131dan g\u0259l\u0259n d\u00f6vr \u0259rzind\u0259 \u00dcmumd\u00fcnya S\u0259hiyy\u0259 T\u0259\u015fkilat\u0131n\u0131n (\u00dcST) t\u0259rkib hiss\u0259si olaraq, D\u00fcnya S\u0259hiyy\u0259 Assambleyas\u0131 ba\u015f tutacaq. O \u00e7\u0259r\u00e7iv\u0259d\u0259 Prezident \u0130lham \u018fliyevin&hellip;<\/p>\n","protected":false},"author":2,"featured_media":160535,"comment_status":"closed","ping_status":"closed","sticky":false,"template":"","format":"standard","meta":{"om_disable_all_campaigns":false,"_monsterinsights_skip_tracking":false,"_monsterinsights_sitenote_active":false,"_monsterinsights_sitenote_note":"","_monsterinsights_sitenote_category":0},"categories":[19],"tags":[],"aioseo_notices":[],"gutentor_comment":0,"rttpg_featured_image_url":{"full":["https:\/\/arantv.az\/wp-content\/uploads\/2020\/05\/847980.jpg",800,600,false],"landscape":["https:\/\/arantv.az\/wp-content\/uploads\/2020\/05\/847980.jpg",800,600,false],"portraits":["https:\/\/arantv.az\/wp-content\/uploads\/2020\/05\/847980.jpg",800,600,false],"thumbnail":["https:\/\/arantv.az\/wp-content\/uploads\/2020\/05\/847980-150x150.jpg",150,150,true],"medium":["https:\/\/arantv.az\/wp-content\/uploads\/2020\/05\/847980-300x225.jpg",300,225,true],"large":["https:\/\/arantv.az\/wp-content\/uploads\/2020\/05\/847980.jpg",640,480,false],"1536x1536":["https:\/\/arantv.az\/wp-content\/uploads\/2020\/05\/847980.jpg",800,600,false],"2048x2048":["https:\/\/arantv.az\/wp-content\/uploads\/2020\/05\/847980.jpg",800,600,false],"post-thumbnail":["https:\/\/arantv.az\/wp-content\/uploads\/2020\/05\/847980-240x172.jpg",240,172,true],"advps-thumb-one":["https:\/\/arantv.az\/wp-content\/uploads\/2020\/05\/847980.jpg",800,600,false]},"rttpg_author":{"display_name":"V\u00fcsal Rafiqo\u011flu","author_link":"https:\/\/arantv.az\/?author=2"},"rttpg_comment":0,"rttpg_category":"<a href=\"https:\/\/arantv.az\/?cat=19\" rel=\"category\">G\u00fcnd\u0259m<\/a>","rttpg_excerpt":"&#8220;Qo\u015fulmama H\u0259r\u0259kat\u0131 \u00e7\u0259r\u00e7iv\u0259sind\u0259 Prezident \u0130lham \u018fliyevin t\u0259\u015f\u0259bb\u00fcs\u00fc il\u0259 \u0130\u015f\u00e7i Qrup yarad\u0131l\u0131b. Bu \u0130\u015f\u00e7i Qrupunun qar\u015f\u0131s\u0131nda bir ne\u00e7\u0259 v\u0259zif\u0259 var. Birinci v\u0259zif\u0259 Qo\u015fulmama H\u0259r\u0259kat\u0131na \u00fczv \u00f6lk\u0259l\u0259rin s\u0259hiyy\u0259 nazirl\u0259rinin toplant\u0131s\u0131n\u0131n ke\u00e7irilm\u0259sidir&#8221;. ARANTV.AZ\u00a0Trend-\u0259 istinad\u0259n bildirir ki, bu s\u00f6zl\u0259ri Az\u0259rbaycan Televiziyas\u0131n\u0131n (AzTV) &#8220;H\u0259d\u0259f&#8221; verili\u015find\u0259 Prezident Administrasiyas\u0131n\u0131n xarici \u0259laq\u0259l\u0259r \u015f\u00f6b\u0259sinin r\u0259hb\u0259ri, Prezidentin k\u00f6m\u0259k\u00e7isi Hikm\u0259t Hac\u0131yev deyib. PA r\u0259smisi bildirib ki,&hellip;","_links":{"self":[{"href":"https:\/\/arantv.az\/index.php?rest_route=\/wp\/v2\/posts\/160523"}],"collection":[{"href":"https:\/\/arantv.az\/index.php?rest_route=\/wp\/v2\/posts"}],"about":[{"href":"https:\/\/arantv.az\/index.php?rest_route=\/wp\/v2\/types\/post"}],"author":[{"embeddable":true,"href":"https:\/\/arantv.az\/index.php?rest_route=\/wp\/v2\/users\/2"}],"replies":[{"embeddable":true,"href":"https:\/\/arantv.az\/index.php?rest_route=%2Fwp%2Fv2%2Fcomments&post=160523"}],"version-history":[{"count":0,"href":"https:\/\/arantv.az\/index.php?rest_route=\/wp\/v2\/posts\/160523\/revisions"}],"wp:featuredmedia":[{"embeddable":true,"href":"https:\/\/arantv.az\/index.php?rest_route=\/wp\/v2\/media\/160535"}],"wp:attachment":[{"href":"https:\/\/arantv.az\/index.php?rest_route=%2Fwp%2Fv2%2Fmedia&parent=160523"}],"wp:term":[{"taxonomy":"category","embeddable":true,"href":"https:\/\/arantv.az\/index.php?rest_route=%2Fwp%2Fv2%2Fcategories&post=160523"},{"taxonomy":"post_tag","embeddable":true,"href":"https:\/\/arantv.az\/index.php?rest_route=%2Fwp%2Fv2%2Ftags&post=160523"}],"curies":[{"name":"wp","href":"https:\/\/api.w.org\/{rel}","templated":true}]}}