{"id":160526,"date":"2020-05-06T21:14:19","date_gmt":"2020-05-06T18:14:19","guid":{"rendered":"http:\/\/arantv.az\/?p=160526"},"modified":"2020-05-06T21:14:19","modified_gmt":"2020-05-06T18:14:19","slug":"atv-v%c9%99-lider-tv-nin-yayiminin-bir-saatliq-dayandirilmasina-q%c9%99rar-verilib","status":"publish","type":"post","link":"https:\/\/arantv.az\/?p=160526","title":{"rendered":"ATV v\u0259 Lider TV-nin yay\u0131m\u0131n\u0131n bir saatl\u0131q dayand\u0131r\u0131lmas\u0131na q\u0259rar verilib"},"content":{"rendered":"<p>Milli Televiziya v\u0259 Radio \u015euras\u0131n\u0131n (MTR\u015e) iclas\u0131 ke\u00e7irilib.<\/p>\n<p>MTR\u015e-dan veril\u0259n m\u0259lumata g\u00f6r\u0259, iclasda 1-3 may 2020-ci il tarixl\u0259rind\u0259 \u00fcmumrespublika televiziya kanallar\u0131n\u0131n efirinin monitorinqinin n\u0259tic\u0259l\u0259rin\u0259 bax\u0131l\u0131b.<\/p>\n<p>1 may 2020-ci il tarixd\u0259 \u201cATV\u201d televiziyas\u0131n\u0131n efirind\u0259 yay\u0131mlanan \u201cB\u0259z\u0259dilmi\u015f duvaq\u201d b\u0259dii filmind\u0259 t\u00fct\u00fcn m\u0259mulat\u0131ndan istifad\u0259 s\u0259hn\u0259sinin a\u015fkar \u015f\u0259kild\u0259 yay\u0131mlanmas\u0131 il\u0259 \u201cTeleviziya v\u0259 radio yay\u0131m\u0131 haqq\u0131nda\u201d Az\u0259rbaycan Respublikas\u0131n\u0131n Qanununun 35.10-cu madd\u0259sinin t\u0259l\u0259bl\u0259ri pozulub. \u015eura h\u0259min Qanunun 23.1-ci madd\u0259sini r\u0259hb\u0259r tutaraq \u201cATV\u201d televiziya kanal\u0131n\u0131n efirind\u0259 9 may 2020-ci il tarixd\u0259 proqramlar\u0131n yay\u0131m\u0131n\u0131n bir\u00a0saatl\u0131q m\u00fcdd\u0259t\u0259d\u0259k (saat 10:00-dan saat 11:00-d\u0259k) dayand\u0131r\u0131lmas\u0131 haqq\u0131nda q\u0259rar q\u0259bul edib.<\/p>\n<p>3 may 2020-ci il tarixd\u0259 \u201cLider\u201d televiziyas\u0131n\u0131n efirind\u0259 yay\u0131mlanan \u201cO q\u0131z\u0131 tap\u0131n\u201d b\u0259dii filmind\u0259 t\u00fct\u00fcn m\u0259mulat\u0131ndan istifad\u0259 s\u0259hn\u0259sinin a\u015fkar \u015f\u0259kild\u0259 yay\u0131mlanmas\u0131 il\u0259 \u201cTeleviziya v\u0259 radio yay\u0131m\u0131 haqq\u0131nda\u201d Az\u0259rbaycan Respublikas\u0131n\u0131n Qanununun 35.10-cu madd\u0259sinin t\u0259l\u0259bl\u0259ri pozulub. \u015eura h\u0259min Qanunun 23.1-ci madd\u0259sini r\u0259hb\u0259r tutaraq \u201cLider\u201d televiziya kanal\u0131n\u0131n efirind\u0259 7 may 2020-ci il tarixd\u0259 proqramlar\u0131n yay\u0131m\u0131n\u0131n 1 saatl\u0131q m\u00fcdd\u0259t\u0259d\u0259k (saat 11:00-dan saat 12:00-d\u0259k) dayand\u0131r\u0131lmas\u0131 haqq\u0131nda q\u0259rar q\u0259bul edib.<\/p>\n<p>H\u0259m\u00e7inin, 2 may 2020-ci il tarixd\u0259 \u201cSpace\u201d televiziya kanal\u0131n\u0131n efirind\u0259 \u0130nzibati X\u0259talar M\u0259c\u0259ll\u0259sinin 383-c\u00fc madd\u0259sinin (teleradio proqramlar\u0131ndan istifad\u0259 qaydalar\u0131n\u0131 pozma) pozulmas\u0131 fakt\u0131 il\u0259 \u0259laq\u0259dar kanal\u0131n c\u0259rim\u0259 olunmas\u0131 il\u0259 ba\u011fl\u0131 Milli Televiziya v\u0259 Radio \u015euras\u0131 t\u0259r\u0259find\u0259n inzibati x\u0259ta haqq\u0131nda protokol t\u0259rtib olunub v\u0259 m\u00fcvafiq rayon m\u0259hk\u0259m\u0259sin\u0259 g\u00f6nd\u0259rilib.<\/p>\n","protected":false},"excerpt":{"rendered":"<p>Milli Televiziya v\u0259 Radio \u015euras\u0131n\u0131n (MTR\u015e) iclas\u0131 ke\u00e7irilib. MTR\u015e-dan veril\u0259n m\u0259lumata g\u00f6r\u0259, iclasda 1-3 may 2020-ci il tarixl\u0259rind\u0259 \u00fcmumrespublika televiziya kanallar\u0131n\u0131n efirinin monitorinqinin n\u0259tic\u0259l\u0259rin\u0259 bax\u0131l\u0131b. 1 may 2020-ci il tarixd\u0259 \u201cATV\u201d televiziyas\u0131n\u0131n efirind\u0259 yay\u0131mlanan \u201cB\u0259z\u0259dilmi\u015f duvaq\u201d b\u0259dii filmind\u0259 t\u00fct\u00fcn m\u0259mulat\u0131ndan istifad\u0259 s\u0259hn\u0259sinin a\u015fkar \u015f\u0259kild\u0259 yay\u0131mlanmas\u0131 il\u0259 \u201cTeleviziya v\u0259 radio yay\u0131m\u0131 haqq\u0131nda\u201d Az\u0259rbaycan Respublikas\u0131n\u0131n Qanununun 35.10-cu madd\u0259sinin t\u0259l\u0259bl\u0259ri pozulub. \u015eura h\u0259min Qanunun 23.1-ci madd\u0259sini r\u0259hb\u0259r tutaraq \u201cATV\u201d televiziya kanal\u0131n\u0131n efirind\u0259 9 may 2020-ci il tarixd\u0259 proqramlar\u0131n yay\u0131m\u0131n\u0131n bir\u00a0saatl\u0131q m\u00fcdd\u0259t\u0259d\u0259k (saat 10:00-dan saat 11:00-d\u0259k) dayand\u0131r\u0131lmas\u0131 haqq\u0131nda q\u0259rar q\u0259bul edib. 3 may 2020-ci&hellip;<\/p>\n","protected":false},"author":2,"featured_media":160527,"comment_status":"closed","ping_status":"closed","sticky":false,"template":"","format":"standard","meta":{"om_disable_all_campaigns":false,"_monsterinsights_skip_tracking":false,"_monsterinsights_sitenote_active":false,"_monsterinsights_sitenote_note":"","_monsterinsights_sitenote_category":0},"categories":[24],"tags":[],"aioseo_notices":[],"gutentor_comment":0,"rttpg_featured_image_url":{"full":["https:\/\/arantv.az\/wp-content\/uploads\/2020\/05\/4ee0afde-214c-4493-b9ca-62250fb5abb5.jpg",620,421,false],"landscape":["https:\/\/arantv.az\/wp-content\/uploads\/2020\/05\/4ee0afde-214c-4493-b9ca-62250fb5abb5.jpg",620,421,false],"portraits":["https:\/\/arantv.az\/wp-content\/uploads\/2020\/05\/4ee0afde-214c-4493-b9ca-62250fb5abb5.jpg",620,421,false],"thumbnail":["https:\/\/arantv.az\/wp-content\/uploads\/2020\/05\/4ee0afde-214c-4493-b9ca-62250fb5abb5-150x150.jpg",150,150,true],"medium":["https:\/\/arantv.az\/wp-content\/uploads\/2020\/05\/4ee0afde-214c-4493-b9ca-62250fb5abb5-300x204.jpg",300,204,true],"large":["https:\/\/arantv.az\/wp-content\/uploads\/2020\/05\/4ee0afde-214c-4493-b9ca-62250fb5abb5.jpg",620,421,false],"1536x1536":["https:\/\/arantv.az\/wp-content\/uploads\/2020\/05\/4ee0afde-214c-4493-b9ca-62250fb5abb5.jpg",620,421,false],"2048x2048":["https:\/\/arantv.az\/wp-content\/uploads\/2020\/05\/4ee0afde-214c-4493-b9ca-62250fb5abb5.jpg",620,421,false],"post-thumbnail":["https:\/\/arantv.az\/wp-content\/uploads\/2020\/05\/4ee0afde-214c-4493-b9ca-62250fb5abb5-240x172.jpg",240,172,true],"advps-thumb-one":["https:\/\/arantv.az\/wp-content\/uploads\/2020\/05\/4ee0afde-214c-4493-b9ca-62250fb5abb5.jpg",620,421,false]},"rttpg_author":{"display_name":"V\u00fcsal Rafiqo\u011flu","author_link":"https:\/\/arantv.az\/?author=2"},"rttpg_comment":0,"rttpg_category":"<a href=\"https:\/\/arantv.az\/?cat=24\" rel=\"category\">Maraql\u0131<\/a>","rttpg_excerpt":"Milli Televiziya v\u0259 Radio \u015euras\u0131n\u0131n (MTR\u015e) iclas\u0131 ke\u00e7irilib. MTR\u015e-dan veril\u0259n m\u0259lumata g\u00f6r\u0259, iclasda 1-3 may 2020-ci il tarixl\u0259rind\u0259 \u00fcmumrespublika televiziya kanallar\u0131n\u0131n efirinin monitorinqinin n\u0259tic\u0259l\u0259rin\u0259 bax\u0131l\u0131b. 1 may 2020-ci il tarixd\u0259 \u201cATV\u201d televiziyas\u0131n\u0131n efirind\u0259 yay\u0131mlanan \u201cB\u0259z\u0259dilmi\u015f duvaq\u201d b\u0259dii filmind\u0259 t\u00fct\u00fcn m\u0259mulat\u0131ndan istifad\u0259 s\u0259hn\u0259sinin a\u015fkar \u015f\u0259kild\u0259 yay\u0131mlanmas\u0131 il\u0259 \u201cTeleviziya v\u0259 radio yay\u0131m\u0131 haqq\u0131nda\u201d Az\u0259rbaycan Respublikas\u0131n\u0131n Qanununun 35.10-cu&hellip;","_links":{"self":[{"href":"https:\/\/arantv.az\/index.php?rest_route=\/wp\/v2\/posts\/160526"}],"collection":[{"href":"https:\/\/arantv.az\/index.php?rest_route=\/wp\/v2\/posts"}],"about":[{"href":"https:\/\/arantv.az\/index.php?rest_route=\/wp\/v2\/types\/post"}],"author":[{"embeddable":true,"href":"https:\/\/arantv.az\/index.php?rest_route=\/wp\/v2\/users\/2"}],"replies":[{"embeddable":true,"href":"https:\/\/arantv.az\/index.php?rest_route=%2Fwp%2Fv2%2Fcomments&post=160526"}],"version-history":[{"count":0,"href":"https:\/\/arantv.az\/index.php?rest_route=\/wp\/v2\/posts\/160526\/revisions"}],"wp:featuredmedia":[{"embeddable":true,"href":"https:\/\/arantv.az\/index.php?rest_route=\/wp\/v2\/media\/160527"}],"wp:attachment":[{"href":"https:\/\/arantv.az\/index.php?rest_route=%2Fwp%2Fv2%2Fmedia&parent=160526"}],"wp:term":[{"taxonomy":"category","embeddable":true,"href":"https:\/\/arantv.az\/index.php?rest_route=%2Fwp%2Fv2%2Fcategories&post=160526"},{"taxonomy":"post_tag","embeddable":true,"href":"https:\/\/arantv.az\/index.php?rest_route=%2Fwp%2Fv2%2Ftags&post=160526"}],"curies":[{"name":"wp","href":"https:\/\/api.w.org\/{rel}","templated":true}]}}