{"id":16053,"date":"2018-09-28T13:18:25","date_gmt":"2018-09-28T10:18:25","guid":{"rendered":"http:\/\/arantv.az\/?p=16053"},"modified":"2018-09-28T13:18:25","modified_gmt":"2018-09-28T10:18:25","slug":"elmar-m%c9%99m%c9%99dyarova-macaristanda-orden-verildi","status":"publish","type":"post","link":"https:\/\/arantv.az\/?p=16053","title":{"rendered":"Elmar M\u0259m\u0259dyarova Macar\u0131standa orden verildi"},"content":{"rendered":"<p>Xarici i\u015fl\u0259r naziri\u00a0<strong>Elmar M\u0259mm\u0259dyarov<\/strong>\u00a0Nyu-Yorkda BMT Ba\u015f Assambleyas\u0131n\u0131n 73-c\u00fc sessiyas\u0131 \u00e7\u0259r\u00e7iv\u0259sind\u0259 Macar\u0131stan\u0131n Xarici \u0130\u015fl\u0259r v\u0259 Ticar\u0259t naziri\u00a0<strong>Peter Siyarto\u00a0<\/strong>il\u0259 g\u00f6r\u00fc\u015f\u00fcb.<\/p>\n<p><strong>ARANTV.AZ<\/strong> x\u0259b\u0259r verir ki, nazirl\u0259r ikit\u0259r\u0259fli \u0259m\u0259kda\u015fl\u0131q m\u0259s\u0259l\u0259l\u0259rini, o c\u00fcml\u0259d\u0259n iqtisadi v\u0259 ticar\u0259t m\u00fcnasib\u0259tl\u0259rini m\u00fczakir\u0259 edib,\u00a0regional enerji v\u0259 n\u0259qliyyat layih\u0259l\u0259ri \u00fczr\u0259 fikir m\u00fcbadil\u0259si apar\u0131blar.<\/p>\n<p>G\u00f6r\u00fc\u015f zaman\u0131 xarici i\u015fl\u0259r naziri Elmar M\u0259mm\u0259dyarov Az\u0259rbaycan v\u0259 Macar\u0131stan aras\u0131nda m\u00fcnasib\u0259tl\u0259rin inki\u015faf\u0131na verdiyi t\u00f6hf\u0259y\u0259 g\u00f6r\u0259 Macar\u0131stan Respublikas\u0131n\u0131n Komandir Xa\u00e7\u0131 L\u0259yaq\u0259t Ordeni il\u0259 t\u0259ltif olunub.<\/p>\n<p>M\u00fckafat\u0131 az\u0259rbaycanl\u0131 h\u0259mkar\u0131na t\u0259qdim ed\u0259n xarici i\u015fl\u0259r naziri Peter Siyarto ikit\u0259r\u0259fli m\u00fcnasib\u0259tl\u0259rin inki\u015faf\u0131na verdiyi d\u0259y\u0259rli t\u00f6hf\u0259y\u0259 g\u00f6r\u0259 nazir M\u0259mm\u0259dyarova t\u0259\u015f\u0259kk\u00fcr\u00fcn\u00fc bildirib v\u0259 ikit\u0259r\u0259fli \u0259laq\u0259l\u0259rin, x\u00fcsusil\u0259 d\u0259 iqtisadi v\u0259 enerji sah\u0259l\u0259rind\u0259 \u0259laq\u0259l\u0259rin daha da inki\u015faf ed\u0259c\u0259yin\u0259 inam\u0131n\u0131 ifad\u0259 edib.<\/p>\n<p>Nazir M\u0259mm\u0259dyarov Macar\u0131stan nazirin\u0259 m\u00fckafata g\u00f6r\u0259 t\u0259\u015f\u0259kk\u00fcr ed\u0259r\u0259k, bunu Az\u0259rbaycan v\u0259 Macar\u0131stan aras\u0131nda qar\u015f\u0131l\u0131ql\u0131 faydal\u0131 \u0259m\u0259kda\u015fl\u0131\u011f\u0131n daha da m\u00f6hk\u0259ml\u0259ndirilm\u0259si \u00fc\u00e7\u00fcn h\u0259v\u0259sl\u0259ndirici amil kimi d\u0259y\u0259rl\u0259ndirib.oxu.az<\/p>\n","protected":false},"excerpt":{"rendered":"<p>Xarici i\u015fl\u0259r naziri\u00a0Elmar M\u0259mm\u0259dyarov\u00a0Nyu-Yorkda BMT Ba\u015f Assambleyas\u0131n\u0131n 73-c\u00fc sessiyas\u0131 \u00e7\u0259r\u00e7iv\u0259sind\u0259 Macar\u0131stan\u0131n Xarici \u0130\u015fl\u0259r v\u0259 Ticar\u0259t naziri\u00a0Peter Siyarto\u00a0il\u0259 g\u00f6r\u00fc\u015f\u00fcb. ARANTV.AZ x\u0259b\u0259r verir ki, nazirl\u0259r ikit\u0259r\u0259fli \u0259m\u0259kda\u015fl\u0131q m\u0259s\u0259l\u0259l\u0259rini, o c\u00fcml\u0259d\u0259n iqtisadi v\u0259 ticar\u0259t m\u00fcnasib\u0259tl\u0259rini m\u00fczakir\u0259 edib,\u00a0regional enerji v\u0259 n\u0259qliyyat layih\u0259l\u0259ri \u00fczr\u0259 fikir m\u00fcbadil\u0259si apar\u0131blar. G\u00f6r\u00fc\u015f zaman\u0131 xarici i\u015fl\u0259r naziri Elmar M\u0259mm\u0259dyarov Az\u0259rbaycan v\u0259 Macar\u0131stan aras\u0131nda m\u00fcnasib\u0259tl\u0259rin inki\u015faf\u0131na verdiyi t\u00f6hf\u0259y\u0259 g\u00f6r\u0259 Macar\u0131stan Respublikas\u0131n\u0131n Komandir Xa\u00e7\u0131 L\u0259yaq\u0259t Ordeni il\u0259 t\u0259ltif olunub. M\u00fckafat\u0131 az\u0259rbaycanl\u0131 h\u0259mkar\u0131na t\u0259qdim ed\u0259n xarici i\u015fl\u0259r naziri Peter Siyarto ikit\u0259r\u0259fli m\u00fcnasib\u0259tl\u0259rin inki\u015faf\u0131na verdiyi d\u0259y\u0259rli t\u00f6hf\u0259y\u0259 g\u00f6r\u0259 nazir M\u0259mm\u0259dyarova t\u0259\u015f\u0259kk\u00fcr\u00fcn\u00fc bildirib v\u0259 ikit\u0259r\u0259fli&hellip;<\/p>\n","protected":false},"author":2,"featured_media":16054,"comment_status":"closed","ping_status":"closed","sticky":false,"template":"","format":"standard","meta":{"om_disable_all_campaigns":false,"_monsterinsights_skip_tracking":false,"_monsterinsights_sitenote_active":false,"_monsterinsights_sitenote_note":"","_monsterinsights_sitenote_category":0},"categories":[4],"tags":[],"aioseo_notices":[],"gutentor_comment":0,"rttpg_featured_image_url":{"full":["https:\/\/arantv.az\/wp-content\/uploads\/2018\/09\/mammadyarov_orden_280918_03.jpg",620,413,false],"landscape":["https:\/\/arantv.az\/wp-content\/uploads\/2018\/09\/mammadyarov_orden_280918_03.jpg",620,413,false],"portraits":["https:\/\/arantv.az\/wp-content\/uploads\/2018\/09\/mammadyarov_orden_280918_03.jpg",620,413,false],"thumbnail":["https:\/\/arantv.az\/wp-content\/uploads\/2018\/09\/mammadyarov_orden_280918_03-150x150.jpg",150,150,true],"medium":["https:\/\/arantv.az\/wp-content\/uploads\/2018\/09\/mammadyarov_orden_280918_03-300x200.jpg",300,200,true],"large":["https:\/\/arantv.az\/wp-content\/uploads\/2018\/09\/mammadyarov_orden_280918_03.jpg",620,413,false],"1536x1536":["https:\/\/arantv.az\/wp-content\/uploads\/2018\/09\/mammadyarov_orden_280918_03.jpg",620,413,false],"2048x2048":["https:\/\/arantv.az\/wp-content\/uploads\/2018\/09\/mammadyarov_orden_280918_03.jpg",620,413,false],"post-thumbnail":["https:\/\/arantv.az\/wp-content\/uploads\/2018\/09\/mammadyarov_orden_280918_03-240x172.jpg",240,172,true],"advps-thumb-one":["https:\/\/arantv.az\/wp-content\/uploads\/2018\/09\/mammadyarov_orden_280918_03.jpg",620,413,false]},"rttpg_author":{"display_name":"V\u00fcsal Rafiqo\u011flu","author_link":"https:\/\/arantv.az\/?author=2"},"rttpg_comment":0,"rttpg_category":"<a href=\"https:\/\/arantv.az\/?cat=4\" rel=\"category\">Siyas\u0259t<\/a>","rttpg_excerpt":"Xarici i\u015fl\u0259r naziri\u00a0Elmar M\u0259mm\u0259dyarov\u00a0Nyu-Yorkda BMT Ba\u015f Assambleyas\u0131n\u0131n 73-c\u00fc sessiyas\u0131 \u00e7\u0259r\u00e7iv\u0259sind\u0259 Macar\u0131stan\u0131n Xarici \u0130\u015fl\u0259r v\u0259 Ticar\u0259t naziri\u00a0Peter Siyarto\u00a0il\u0259 g\u00f6r\u00fc\u015f\u00fcb. ARANTV.AZ x\u0259b\u0259r verir ki, nazirl\u0259r ikit\u0259r\u0259fli \u0259m\u0259kda\u015fl\u0131q m\u0259s\u0259l\u0259l\u0259rini, o c\u00fcml\u0259d\u0259n iqtisadi v\u0259 ticar\u0259t m\u00fcnasib\u0259tl\u0259rini m\u00fczakir\u0259 edib,\u00a0regional enerji v\u0259 n\u0259qliyyat layih\u0259l\u0259ri \u00fczr\u0259 fikir m\u00fcbadil\u0259si apar\u0131blar. G\u00f6r\u00fc\u015f zaman\u0131 xarici i\u015fl\u0259r naziri Elmar M\u0259mm\u0259dyarov Az\u0259rbaycan v\u0259 Macar\u0131stan aras\u0131nda m\u00fcnasib\u0259tl\u0259rin inki\u015faf\u0131na&hellip;","_links":{"self":[{"href":"https:\/\/arantv.az\/index.php?rest_route=\/wp\/v2\/posts\/16053"}],"collection":[{"href":"https:\/\/arantv.az\/index.php?rest_route=\/wp\/v2\/posts"}],"about":[{"href":"https:\/\/arantv.az\/index.php?rest_route=\/wp\/v2\/types\/post"}],"author":[{"embeddable":true,"href":"https:\/\/arantv.az\/index.php?rest_route=\/wp\/v2\/users\/2"}],"replies":[{"embeddable":true,"href":"https:\/\/arantv.az\/index.php?rest_route=%2Fwp%2Fv2%2Fcomments&post=16053"}],"version-history":[{"count":0,"href":"https:\/\/arantv.az\/index.php?rest_route=\/wp\/v2\/posts\/16053\/revisions"}],"wp:featuredmedia":[{"embeddable":true,"href":"https:\/\/arantv.az\/index.php?rest_route=\/wp\/v2\/media\/16054"}],"wp:attachment":[{"href":"https:\/\/arantv.az\/index.php?rest_route=%2Fwp%2Fv2%2Fmedia&parent=16053"}],"wp:term":[{"taxonomy":"category","embeddable":true,"href":"https:\/\/arantv.az\/index.php?rest_route=%2Fwp%2Fv2%2Fcategories&post=16053"},{"taxonomy":"post_tag","embeddable":true,"href":"https:\/\/arantv.az\/index.php?rest_route=%2Fwp%2Fv2%2Ftags&post=16053"}],"curies":[{"name":"wp","href":"https:\/\/api.w.org\/{rel}","templated":true}]}}