{"id":160534,"date":"2020-05-06T21:24:31","date_gmt":"2020-05-06T18:24:31","guid":{"rendered":"http:\/\/arantv.az\/?p=160534"},"modified":"2020-05-06T21:24:31","modified_gmt":"2020-05-06T18:24:31","slug":"komit%c9%99-istanbulda-yasayan-az%c9%99rbaycanli-ail%c9%99l%c9%99r%c9%99-yardim-edib","status":"publish","type":"post","link":"https:\/\/arantv.az\/?p=160534","title":{"rendered":"Komit\u0259 \u0130stanbulda ya\u015fayan az\u0259rbaycanl\u0131 ail\u0259l\u0259r\u0259 yard\u0131m edib"},"content":{"rendered":"<p><strong>Az\u0259rbaycan Respublikas\u0131n\u0131n Diasporla \u0130\u015f \u00fczr\u0259 D\u00f6vl\u0259t Komit\u0259si \u0130stanbulda ya\u015fayan azt\u0259minatl\u0131 az\u0259rbaycanl\u0131 ail\u0259l\u0259r\u0259 yard\u0131m edib.<\/strong><\/p>\n<p><strong>ARANTV.AZ<\/strong>\u00a0<a href=\"http:\/\/az.trend.az\/\" target=\"_blank\" rel=\"noopener\">Trend<\/a>-\u0259 istinad\u0259n bildirir ki,\u00a0\u0130stanbulda yerl\u0259\u015f\u0259n &#8220;Az\u0259rbaycan T\u0259hsil, M\u0259d\u0259niyy\u0259t v\u0259 Sosial H\u0259mr\u0259ylik&#8221; d\u0259rn\u0259yi bu bar\u0259d\u0259 komit\u0259y\u0259 m\u00fcraci\u0259t \u00fcnvanlay\u0131b. H\u0259min m\u00fcraci\u0259t\u0259 \u0259sas\u0259n d\u0259rn\u0259yin n\u0259zdind\u0259 f\u0259aliyy\u0259t g\u00f6st\u0259r\u0259n H\u00fcseyn Cavid ad\u0131na orta m\u0259kt\u0259bd\u0259 t\u0259hsil alan s\u0259ks\u0259n \u015fagirdin ail\u0259sin\u0259 \u0259rzaq yard\u0131m\u0131 g\u00f6st\u0259rilib.<\/p>\n<p>Qeyd ed\u0259k ki, yard\u0131m g\u00f6st\u0259ril\u0259nl\u0259rin \u0259ks\u0259riyy\u0259ti 1990-c\u0131 ill\u0259rd\u0259 \u0130stanbula g\u0259l\u0259n v\u0259 burada qeyri-qanuni m\u0259skunla\u015fan ail\u0259l\u0259rdir. Haz\u0131rda COVID-19 pandemiyas\u0131 il\u0259 \u0259laq\u0259dar olaraq b\u0259zi i\u015f yerl\u0259rinin f\u0259aliyy\u0259tinin m\u00fcv\u0259qq\u0259ti dayand\u0131r\u0131lmas\u0131 b\u00fct\u00fcn d\u00fcnyada oldu\u011fu kimi, onlar\u0131n da g\u00fcnd\u0259lik h\u0259yat\u0131na m\u0259nfi t\u0259sir g\u00f6st\u0259rib. M\u00f6vcud v\u0259ziyy\u0259ti Diasporla \u0130\u015f \u00fczr\u0259 D\u00f6vl\u0259t Komit\u0259si n\u0259zar\u0259t\u0259 g\u00f6t\u00fcr\u00fcb v\u0259 onlara laz\u0131mi yard\u0131mlar g\u00f6st\u0259rilir.<\/p>\n<p>Xat\u0131rladaq ki, T\u00fcrkiy\u0259d\u0259 qeyri-qanuni m\u0259skunla\u015fm\u0131\u015f bu soyda\u015flar\u0131m\u0131z\u0131n probleml\u0259rinin ara\u015fd\u0131r\u0131lmas\u0131 v\u0259 h\u0259lli il\u0259 ba\u011fl\u0131 Prezident \u0130lham \u018fliyevin tap\u015f\u0131r\u0131\u011f\u0131na \u0259sas\u0259n, Diasporla \u0130\u015f \u00fczr\u0259 D\u00f6vl\u0259t Komit\u0259sinin \u0259m\u0259kda\u015flar\u0131n\u0131n da daxil oldu\u011fu \u0130\u015f\u00e7i qrup bir s\u0131ra t\u0259dbirl\u0259r g\u00f6r\u00fcb. Bunun n\u0259tic\u0259si olaraq, onlardan 18 n\u0259f\u0259rin\u0259 T\u00fcrkiy\u0259 Respublikas\u0131n\u0131n m\u00fcv\u0259qq\u0259ti \u015f\u0259xsiyy\u0259t v\u0259siq\u0259si verilib, dig\u0259r \u015f\u0259xsl\u0259rin s\u0259n\u0259dl\u0259rinin haz\u0131rlanmas\u0131 istiqam\u0259tind\u0259 f\u0259aliyy\u0259t davam etdirilir.<\/p>\n","protected":false},"excerpt":{"rendered":"<p>Az\u0259rbaycan Respublikas\u0131n\u0131n Diasporla \u0130\u015f \u00fczr\u0259 D\u00f6vl\u0259t Komit\u0259si \u0130stanbulda ya\u015fayan azt\u0259minatl\u0131 az\u0259rbaycanl\u0131 ail\u0259l\u0259r\u0259 yard\u0131m edib. ARANTV.AZ\u00a0Trend-\u0259 istinad\u0259n bildirir ki,\u00a0\u0130stanbulda yerl\u0259\u015f\u0259n &#8220;Az\u0259rbaycan T\u0259hsil, M\u0259d\u0259niyy\u0259t v\u0259 Sosial H\u0259mr\u0259ylik&#8221; d\u0259rn\u0259yi bu bar\u0259d\u0259 komit\u0259y\u0259 m\u00fcraci\u0259t \u00fcnvanlay\u0131b. H\u0259min m\u00fcraci\u0259t\u0259 \u0259sas\u0259n d\u0259rn\u0259yin n\u0259zdind\u0259 f\u0259aliyy\u0259t g\u00f6st\u0259r\u0259n H\u00fcseyn Cavid ad\u0131na orta m\u0259kt\u0259bd\u0259 t\u0259hsil alan s\u0259ks\u0259n \u015fagirdin ail\u0259sin\u0259 \u0259rzaq yard\u0131m\u0131 g\u00f6st\u0259rilib. Qeyd ed\u0259k ki, yard\u0131m g\u00f6st\u0259ril\u0259nl\u0259rin \u0259ks\u0259riyy\u0259ti 1990-c\u0131 ill\u0259rd\u0259 \u0130stanbula g\u0259l\u0259n v\u0259 burada qeyri-qanuni m\u0259skunla\u015fan ail\u0259l\u0259rdir. Haz\u0131rda COVID-19 pandemiyas\u0131 il\u0259 \u0259laq\u0259dar olaraq b\u0259zi i\u015f yerl\u0259rinin f\u0259aliyy\u0259tinin m\u00fcv\u0259qq\u0259ti dayand\u0131r\u0131lmas\u0131 b\u00fct\u00fcn d\u00fcnyada oldu\u011fu kimi, onlar\u0131n da g\u00fcnd\u0259lik h\u0259yat\u0131na m\u0259nfi t\u0259sir g\u00f6st\u0259rib. M\u00f6vcud&hellip;<\/p>\n","protected":false},"author":2,"featured_media":160537,"comment_status":"closed","ping_status":"closed","sticky":false,"template":"","format":"standard","meta":{"om_disable_all_campaigns":false,"_monsterinsights_skip_tracking":false,"_monsterinsights_sitenote_active":false,"_monsterinsights_sitenote_note":"","_monsterinsights_sitenote_category":0},"categories":[19],"tags":[],"aioseo_notices":[],"gutentor_comment":0,"rttpg_featured_image_url":{"full":["https:\/\/arantv.az\/wp-content\/uploads\/2020\/05\/848241.jpg",892,669,false],"landscape":["https:\/\/arantv.az\/wp-content\/uploads\/2020\/05\/848241.jpg",892,669,false],"portraits":["https:\/\/arantv.az\/wp-content\/uploads\/2020\/05\/848241.jpg",892,669,false],"thumbnail":["https:\/\/arantv.az\/wp-content\/uploads\/2020\/05\/848241-150x150.jpg",150,150,true],"medium":["https:\/\/arantv.az\/wp-content\/uploads\/2020\/05\/848241-300x225.jpg",300,225,true],"large":["https:\/\/arantv.az\/wp-content\/uploads\/2020\/05\/848241.jpg",640,480,false],"1536x1536":["https:\/\/arantv.az\/wp-content\/uploads\/2020\/05\/848241.jpg",892,669,false],"2048x2048":["https:\/\/arantv.az\/wp-content\/uploads\/2020\/05\/848241.jpg",892,669,false],"post-thumbnail":["https:\/\/arantv.az\/wp-content\/uploads\/2020\/05\/848241-240x172.jpg",240,172,true],"advps-thumb-one":["https:\/\/arantv.az\/wp-content\/uploads\/2020\/05\/848241-892x620.jpg",892,620,true]},"rttpg_author":{"display_name":"V\u00fcsal Rafiqo\u011flu","author_link":"https:\/\/arantv.az\/?author=2"},"rttpg_comment":0,"rttpg_category":"<a href=\"https:\/\/arantv.az\/?cat=19\" rel=\"category\">G\u00fcnd\u0259m<\/a>","rttpg_excerpt":"Az\u0259rbaycan Respublikas\u0131n\u0131n Diasporla \u0130\u015f \u00fczr\u0259 D\u00f6vl\u0259t Komit\u0259si \u0130stanbulda ya\u015fayan azt\u0259minatl\u0131 az\u0259rbaycanl\u0131 ail\u0259l\u0259r\u0259 yard\u0131m edib. ARANTV.AZ\u00a0Trend-\u0259 istinad\u0259n bildirir ki,\u00a0\u0130stanbulda yerl\u0259\u015f\u0259n &#8220;Az\u0259rbaycan T\u0259hsil, M\u0259d\u0259niyy\u0259t v\u0259 Sosial H\u0259mr\u0259ylik&#8221; d\u0259rn\u0259yi bu bar\u0259d\u0259 komit\u0259y\u0259 m\u00fcraci\u0259t \u00fcnvanlay\u0131b. H\u0259min m\u00fcraci\u0259t\u0259 \u0259sas\u0259n d\u0259rn\u0259yin n\u0259zdind\u0259 f\u0259aliyy\u0259t g\u00f6st\u0259r\u0259n H\u00fcseyn Cavid ad\u0131na orta m\u0259kt\u0259bd\u0259 t\u0259hsil alan s\u0259ks\u0259n \u015fagirdin ail\u0259sin\u0259 \u0259rzaq yard\u0131m\u0131 g\u00f6st\u0259rilib. Qeyd ed\u0259k ki, yard\u0131m&hellip;","_links":{"self":[{"href":"https:\/\/arantv.az\/index.php?rest_route=\/wp\/v2\/posts\/160534"}],"collection":[{"href":"https:\/\/arantv.az\/index.php?rest_route=\/wp\/v2\/posts"}],"about":[{"href":"https:\/\/arantv.az\/index.php?rest_route=\/wp\/v2\/types\/post"}],"author":[{"embeddable":true,"href":"https:\/\/arantv.az\/index.php?rest_route=\/wp\/v2\/users\/2"}],"replies":[{"embeddable":true,"href":"https:\/\/arantv.az\/index.php?rest_route=%2Fwp%2Fv2%2Fcomments&post=160534"}],"version-history":[{"count":0,"href":"https:\/\/arantv.az\/index.php?rest_route=\/wp\/v2\/posts\/160534\/revisions"}],"wp:featuredmedia":[{"embeddable":true,"href":"https:\/\/arantv.az\/index.php?rest_route=\/wp\/v2\/media\/160537"}],"wp:attachment":[{"href":"https:\/\/arantv.az\/index.php?rest_route=%2Fwp%2Fv2%2Fmedia&parent=160534"}],"wp:term":[{"taxonomy":"category","embeddable":true,"href":"https:\/\/arantv.az\/index.php?rest_route=%2Fwp%2Fv2%2Fcategories&post=160534"},{"taxonomy":"post_tag","embeddable":true,"href":"https:\/\/arantv.az\/index.php?rest_route=%2Fwp%2Fv2%2Ftags&post=160534"}],"curies":[{"name":"wp","href":"https:\/\/api.w.org\/{rel}","templated":true}]}}