{"id":160542,"date":"2020-05-06T21:39:15","date_gmt":"2020-05-06T18:39:15","guid":{"rendered":"http:\/\/arantv.az\/?p=160542"},"modified":"2020-05-06T21:39:15","modified_gmt":"2020-05-06T18:39:15","slug":"x%c9%99l%c9%99f-x%c9%99l%c9%99fovdan-xudaf%c9%99rin-korpusu-il%c9%99-bagli-aciqlama-az%c9%99rbaycan-v%c9%99-iran","status":"publish","type":"post","link":"https:\/\/arantv.az\/?p=160542","title":{"rendered":"X\u0259l\u0259f X\u0259l\u0259fovdan Xudaf\u0259rin k\u00f6rp\u00fcs\u00fc il\u0259 ba\u011fl\u0131 A\u00c7IQLAMA &#8211; &#8220;Az\u0259rbaycan v\u0259 \u0130ran&#8230;&#8221;"},"content":{"rendered":"<p><strong>\u0130ran \u0130slam Respublikas\u0131n\u0131n s\u0259firliyinin bildirdiyi kimi, b\u0259ndl\u0259rin v\u0259 k\u00f6rp\u00fcl\u0259rin Az\u0259rbaycan \u0259razisin\u0259 d\u00fc\u015f\u0259n hiss\u0259sini \u0130ran t\u0259r\u0259fi Az\u0259rbaycan Respublikas\u0131n\u0131n \u0259razi b\u00fct\u00f6vl\u00fcy\u00fc \u00e7\u0259r\u00e7iv\u0259sind\u0259 q\u0259bul edir. Bu, h\u0259r iki \u00f6lk\u0259nin parlamentl\u0259ri t\u0259r\u0259find\u0259n t\u0259sdiq edilmi\u015f h\u00fcquqi q\u00fcvv\u0259y\u0259 malik olan s\u00f6z\u00fcged\u0259n sazi\u015fd\u0259 \u00f6z \u0259ksini tapm\u0131\u015fd\u0131r.<\/strong><\/p>\n<p>Bu s\u00f6zl\u0259ri\u00a0<strong><a href=\"http:\/\/axar.az\/\" target=\"_blank\" rel=\"noopener\">Axar.az<\/a><\/strong>-a ekskl\u00fcziv a\u00e7\u0131qlamas\u0131nda Xarici \u0130\u015fl\u0259r nazirinin m\u00fcavini\u00a0<strong>X\u0259l\u0259f X\u0259l\u0259fov<\/strong>\u00a0Araz \u00e7ay\u0131 \u00fcz\u0259rind\u0259 &#8220;Xudaf\u0259rin&#8221; v\u0259 &#8220;Q\u0131z qalas\u0131&#8221; hidroqov\u015faqlar\u0131n\u0131n v\u0259 su elektrik stansiyalar\u0131n\u0131n tikintisi haqq\u0131nda sazi\u015f bar\u0259sind\u0259 s\u0259sl\u0259ndiril\u0259n fikirl\u0259r\u0259 m\u00fcnasib\u0259t bildir\u0259rk\u0259n deyib. O bildirib ki, Araz \u00e7ay\u0131 \u00fcz\u0259rind\u0259 \u201cXudaf\u0259rin\u201d v\u0259 \u201cQ\u0131z Qalas\u0131\u201d hidroqov\u015faqlar\u0131n\u0131n v\u0259 su elektrik stansiyalar\u0131n\u0131n tikintisinin davam etdirilm\u0259si, istismar\u0131, energetika v\u0259 su ehtiyatlar\u0131ndan istifad\u0259 sah\u0259sind\u0259 \u0259m\u0259kda\u015fl\u0131q haqq\u0131nda sazi\u015f 23 fevral 2016-c\u0131 il tarixind\u0259 imzalanm\u0131\u015fd\u0131r v\u0259 bu sazi\u015fin t\u0259r\u0259fl\u0259ri Az\u0259rbaycan Respublikas\u0131 v\u0259 \u0130ran \u0130slam Respublikas\u0131 H\u00f6kum\u0259tl\u0259ridir:<\/p>\n<p>\u201cBu sazi\u015f h\u0259r iki d\u00f6vl\u0259tin suverenliyin\u0259 v\u0259 \u0259razi b\u00fct\u00f6vl\u00fcy\u00fcn\u0259 h\u00f6rm\u0259t etm\u0259k prinsipl\u0259rin\u0259 \u0259saslan\u0131r. H\u0259min prinsipl\u0259rd\u0259n \u00e7\u0131x\u0131\u015f ed\u0259r\u0259k, sazi\u015fd\u0259 BMT q\u0259tnam\u0259l\u0259rinin t\u0259l\u0259bl\u0259rin\u0259 uy\u011fun olaraq Az\u0259rbaycan Respublikas\u0131n\u0131n \u0259razi b\u00fct\u00f6vl\u00fcy\u00fcn\u00fcn b\u0259rpa olunmas\u0131n\u0131n \u0259h\u0259miyy\u0259ti vur\u011fulanm\u0131\u015fd\u0131r. H\u0259m\u00e7inin sazi\u015f\u0259 \u0259sas\u0259n, t\u0259r\u0259fl\u0259r h\u0259r iki \u00f6lk\u0259nin suverenliyi, \u0259razi b\u00fct\u00f6vl\u00fcy\u00fc v\u0259 m\u0259nafel\u0259ri \u0259sas\u0131nda Araz s\u0259rh\u0259d \u00e7ay\u0131 \u00fcz\u0259rind\u0259 \u201cXudaf\u0259rin\u201d v\u0259 \u201cQ\u0131z Qalas\u0131\u201d hidroqov\u015faqlar\u0131n\u0131n v\u0259 su elektrik stansiyalar\u0131n\u0131n tikilm\u0259sinin davam etdirilm\u0259si v\u0259 istismar\u0131 il\u0259 \u0259laq\u0259dar birg\u0259 f\u0259aliyy\u0259t g\u00f6st\u0259rir\u201d.<\/p>\n<p>X\u0259l\u0259f X\u0259l\u0259fov bildirib ki, m\u0259tbuatda yer alan k\u00f6rp\u00fcl\u0259rin tikilm\u0259si m\u0259s\u0259l\u0259sin\u0259 sazi\u015f\u0259 uy\u011fun olaraq \u201cXudaf\u0259rin\u201d v\u0259 \u201cQ\u0131z Qalas\u0131\u201d hidroqov\u015faqlar\u0131 v\u0259 su elektrik stansiyalar\u0131 layih\u0259l\u0259rinin h\u0259yata ke\u00e7irilm\u0259si \u00e7\u0259r\u00e7iv\u0259sind\u0259 bax\u0131lmal\u0131d\u0131r:<\/p>\n<p>\u201c\u0130ran v\u0259 Az\u0259rbaycan aras\u0131nda y\u00fcks\u0259k s\u0259viyy\u0259li qar\u015f\u0131l\u0131ql\u0131 etimad, dostluq v\u0259 mehriban qon\u015fuluq \u0259laq\u0259l\u0259rind\u0259n \u00e7\u0131x\u0131\u015f ed\u0259r\u0259k, inan\u0131r\u0131q ki, bu k\u00f6rp\u00fcl\u0259r m\u0259hz \u201cXudaf\u0259rin\u201d v\u0259 \u201cQ\u0131z Qalas\u0131\u201d hidroqov\u015faqlar\u0131 v\u0259 su elektrik stansiyalar\u0131 il\u0259 ba\u011fl\u0131 layih\u0259l\u0259rin h\u0259yata ke\u00e7irilm\u0259sin\u0259 xidm\u0259t edir\u201d.<\/p>\n<p>Qeyd ed\u0259k ki, \u0130ran \u0130slam Respublikas\u0131n\u0131n Bak\u0131dak\u0131 s\u0259firliyinin bu m\u00f6vzuda yayd\u0131\u011f\u0131 r\u0259smi a\u00e7\u0131qlamadan sonra sosial \u015f\u0259b\u0259k\u0259l\u0259rd\u0259 \u0130ran\u0131n Araz \u00e7ay\u0131 \u00fcz\u0259rind\u0259 \u201cAz\u0259rbaycan\u0131n raz\u0131l\u0131\u011f\u0131 il\u0259\u201d C\u0259bray\u0131l rayonu istiqam\u0259tind\u0259 iki k\u00f6rp\u00fc sald\u0131\u011f\u0131 v\u0259 h\u0259min k\u00f6rp\u00fcl\u0259rd\u0259n Da\u011fl\u0131q Qaraba\u011fdak\u0131 separat\u00e7\u0131-terror\u00e7u q\u00fcvv\u0259l\u0259r\u0259 yard\u0131m \u00fc\u00e7\u00fcn istifad\u0259 etdiyi haqda payla\u015f\u0131mlar edilib.<\/p>\n","protected":false},"excerpt":{"rendered":"<p>\u0130ran \u0130slam Respublikas\u0131n\u0131n s\u0259firliyinin bildirdiyi kimi, b\u0259ndl\u0259rin v\u0259 k\u00f6rp\u00fcl\u0259rin Az\u0259rbaycan \u0259razisin\u0259 d\u00fc\u015f\u0259n hiss\u0259sini \u0130ran t\u0259r\u0259fi Az\u0259rbaycan Respublikas\u0131n\u0131n \u0259razi b\u00fct\u00f6vl\u00fcy\u00fc \u00e7\u0259r\u00e7iv\u0259sind\u0259 q\u0259bul edir. Bu, h\u0259r iki \u00f6lk\u0259nin parlamentl\u0259ri t\u0259r\u0259find\u0259n t\u0259sdiq edilmi\u015f h\u00fcquqi q\u00fcvv\u0259y\u0259 malik olan s\u00f6z\u00fcged\u0259n sazi\u015fd\u0259 \u00f6z \u0259ksini tapm\u0131\u015fd\u0131r. Bu s\u00f6zl\u0259ri\u00a0Axar.az-a ekskl\u00fcziv a\u00e7\u0131qlamas\u0131nda Xarici \u0130\u015fl\u0259r nazirinin m\u00fcavini\u00a0X\u0259l\u0259f X\u0259l\u0259fov\u00a0Araz \u00e7ay\u0131 \u00fcz\u0259rind\u0259 &#8220;Xudaf\u0259rin&#8221; v\u0259 &#8220;Q\u0131z qalas\u0131&#8221; hidroqov\u015faqlar\u0131n\u0131n v\u0259 su elektrik stansiyalar\u0131n\u0131n tikintisi haqq\u0131nda sazi\u015f bar\u0259sind\u0259 s\u0259sl\u0259ndiril\u0259n fikirl\u0259r\u0259 m\u00fcnasib\u0259t bildir\u0259rk\u0259n deyib. O bildirib ki, Araz \u00e7ay\u0131 \u00fcz\u0259rind\u0259 \u201cXudaf\u0259rin\u201d v\u0259 \u201cQ\u0131z Qalas\u0131\u201d hidroqov\u015faqlar\u0131n\u0131n v\u0259 su elektrik stansiyalar\u0131n\u0131n tikintisinin davam etdirilm\u0259si, istismar\u0131, energetika v\u0259 su&hellip;<\/p>\n","protected":false},"author":2,"featured_media":160544,"comment_status":"closed","ping_status":"closed","sticky":false,"template":"","format":"standard","meta":{"om_disable_all_campaigns":false,"_monsterinsights_skip_tracking":false,"_monsterinsights_sitenote_active":false,"_monsterinsights_sitenote_note":"","_monsterinsights_sitenote_category":0},"categories":[4],"tags":[],"aioseo_notices":[],"gutentor_comment":0,"rttpg_featured_image_url":{"full":["https:\/\/arantv.az\/wp-content\/uploads\/2020\/05\/xelef.jpg",800,450,false],"landscape":["https:\/\/arantv.az\/wp-content\/uploads\/2020\/05\/xelef.jpg",800,450,false],"portraits":["https:\/\/arantv.az\/wp-content\/uploads\/2020\/05\/xelef.jpg",800,450,false],"thumbnail":["https:\/\/arantv.az\/wp-content\/uploads\/2020\/05\/xelef-150x150.jpg",150,150,true],"medium":["https:\/\/arantv.az\/wp-content\/uploads\/2020\/05\/xelef-300x169.jpg",300,169,true],"large":["https:\/\/arantv.az\/wp-content\/uploads\/2020\/05\/xelef.jpg",640,360,false],"1536x1536":["https:\/\/arantv.az\/wp-content\/uploads\/2020\/05\/xelef.jpg",800,450,false],"2048x2048":["https:\/\/arantv.az\/wp-content\/uploads\/2020\/05\/xelef.jpg",800,450,false],"post-thumbnail":["https:\/\/arantv.az\/wp-content\/uploads\/2020\/05\/xelef-240x172.jpg",240,172,true],"advps-thumb-one":["https:\/\/arantv.az\/wp-content\/uploads\/2020\/05\/xelef.jpg",800,450,false]},"rttpg_author":{"display_name":"V\u00fcsal Rafiqo\u011flu","author_link":"https:\/\/arantv.az\/?author=2"},"rttpg_comment":0,"rttpg_category":"<a href=\"https:\/\/arantv.az\/?cat=4\" rel=\"category\">Siyas\u0259t<\/a>","rttpg_excerpt":"\u0130ran \u0130slam Respublikas\u0131n\u0131n s\u0259firliyinin bildirdiyi kimi, b\u0259ndl\u0259rin v\u0259 k\u00f6rp\u00fcl\u0259rin Az\u0259rbaycan \u0259razisin\u0259 d\u00fc\u015f\u0259n hiss\u0259sini \u0130ran t\u0259r\u0259fi Az\u0259rbaycan Respublikas\u0131n\u0131n \u0259razi b\u00fct\u00f6vl\u00fcy\u00fc \u00e7\u0259r\u00e7iv\u0259sind\u0259 q\u0259bul edir. Bu, h\u0259r iki \u00f6lk\u0259nin parlamentl\u0259ri t\u0259r\u0259find\u0259n t\u0259sdiq edilmi\u015f h\u00fcquqi q\u00fcvv\u0259y\u0259 malik olan s\u00f6z\u00fcged\u0259n sazi\u015fd\u0259 \u00f6z \u0259ksini tapm\u0131\u015fd\u0131r. Bu s\u00f6zl\u0259ri\u00a0Axar.az-a ekskl\u00fcziv a\u00e7\u0131qlamas\u0131nda Xarici \u0130\u015fl\u0259r nazirinin m\u00fcavini\u00a0X\u0259l\u0259f X\u0259l\u0259fov\u00a0Araz \u00e7ay\u0131 \u00fcz\u0259rind\u0259 &#8220;Xudaf\u0259rin&#8221; v\u0259 &#8220;Q\u0131z qalas\u0131&#8221; hidroqov\u015faqlar\u0131n\u0131n&hellip;","_links":{"self":[{"href":"https:\/\/arantv.az\/index.php?rest_route=\/wp\/v2\/posts\/160542"}],"collection":[{"href":"https:\/\/arantv.az\/index.php?rest_route=\/wp\/v2\/posts"}],"about":[{"href":"https:\/\/arantv.az\/index.php?rest_route=\/wp\/v2\/types\/post"}],"author":[{"embeddable":true,"href":"https:\/\/arantv.az\/index.php?rest_route=\/wp\/v2\/users\/2"}],"replies":[{"embeddable":true,"href":"https:\/\/arantv.az\/index.php?rest_route=%2Fwp%2Fv2%2Fcomments&post=160542"}],"version-history":[{"count":0,"href":"https:\/\/arantv.az\/index.php?rest_route=\/wp\/v2\/posts\/160542\/revisions"}],"wp:featuredmedia":[{"embeddable":true,"href":"https:\/\/arantv.az\/index.php?rest_route=\/wp\/v2\/media\/160544"}],"wp:attachment":[{"href":"https:\/\/arantv.az\/index.php?rest_route=%2Fwp%2Fv2%2Fmedia&parent=160542"}],"wp:term":[{"taxonomy":"category","embeddable":true,"href":"https:\/\/arantv.az\/index.php?rest_route=%2Fwp%2Fv2%2Fcategories&post=160542"},{"taxonomy":"post_tag","embeddable":true,"href":"https:\/\/arantv.az\/index.php?rest_route=%2Fwp%2Fv2%2Ftags&post=160542"}],"curies":[{"name":"wp","href":"https:\/\/api.w.org\/{rel}","templated":true}]}}