{"id":160550,"date":"2020-05-06T21:48:42","date_gmt":"2020-05-06T18:48:42","guid":{"rendered":"http:\/\/arantv.az\/?p=160550"},"modified":"2020-05-06T21:48:42","modified_gmt":"2020-05-06T18:48:42","slug":"yasli-m%c9%99murlarin-v%c9%99zif%c9%99d%c9%99-qalmalarinin-s%c9%99b%c9%99bl%c9%99ri-t%c9%99crub%c9%99-pes%c9%99karliq-v%c9%99-iddiasizliq","status":"publish","type":"post","link":"https:\/\/arantv.az\/?p=160550","title":{"rendered":"Ya\u015fl\u0131 m\u0259murlar\u0131n v\u0259zif\u0259d\u0259 qalmalar\u0131n\u0131n s\u0259b\u0259bl\u0259ri \u2013 t\u0259cr\u00fcb\u0259, pe\u015f\u0259karl\u0131q v\u0259 iddias\u0131zl\u0131q"},"content":{"rendered":"<p><strong>2018-ci ilin prezident se\u00e7kil\u0259rind\u0259n sonra Az\u0259rbaycanda d\u00f6vl\u0259t idar\u0259etm\u0259 aparat\u0131nda \u00e7al\u0131\u015fan y\u00fcks\u0259k v\u0259zif\u0259li m\u0259murlar\u0131n g\u0259ncl\u0259\u015fdirilm\u0259si siyas\u0259ti h\u0259yata ke\u00e7irilir. O vaxtdan b\u0259ri bo\u015falan b\u00fct\u00fcn postlara t\u0259yinatlar g\u0259nc, y\u00fcks\u0259k t\u0259hsilli v\u0259 m\u00fcasir d\u00fcnyag\u00f6r\u00fc\u015fl\u00fc kadrlardan ibar\u0259tdir. H\u0259tta rayon icra hakimiyy\u0259ti ba\u015f\u00e7\u0131s\u0131 postlar\u0131 da g\u0259nc kadrlara etibar olunur. \u00d6t\u0259n il bu bar\u0259d\u0259 dan\u0131\u015fan prezident \u0130lham \u018fliyev ya\u015f\u0131 ke\u00e7mi\u015f, m\u00fcasir idar\u0259etm\u0259 prinsipl\u0259ri il\u0259 uy\u011funla\u015fa bilm\u0259y\u0259n kadrlar\u0131 k\u00f6n\u00fcll\u00fc olaraq v\u0259zif\u0259d\u0259n getm\u0259y\u0259 s\u0259sl\u0259mi\u015fdi. Bu \u00e7a\u011f\u0131r\u0131\u015fdan sonra xeyli sayda y\u00fcks\u0259k ranql\u0131 m\u0259mur tutdu\u011fu v\u0259zif\u0259d\u0259n k\u00f6n\u00fcll\u00fc olaraq uzaqla\u015fd\u0131, b\u0259zil\u0259ri \u00f6lk\u0259 r\u0259hb\u0259rliyi t\u0259r\u0259find\u0259n i\u015fd\u0259n \u00e7\u0131xar\u0131ld\u0131.<\/strong><\/p>\n<p>Haz\u0131rda Az\u0259rbaycan\u0131n d\u00f6vl\u0259t idar\u0259etm\u0259 aparat\u0131na n\u0259z\u0259r sald\u0131qda, onun dem\u0259k olar ki, tamam\u0259n yenil\u0259ndiyini m\u00fc\u015fahid\u0259 etm\u0259k m\u00fcmk\u00fcnd\u00fcr. K\u00f6hn\u0259 m\u0259mur komandas\u0131n\u0131n son n\u00fcmay\u0259nd\u0259l\u0259rind\u0259n biri olan Zakir Qaralov d\u00f6vl\u0259t ba\u015f\u00e7\u0131s\u0131 t\u0259r\u0259find\u0259n \u00f6t\u0259n h\u0259ft\u0259 ba\u015f prokuror v\u0259zif\u0259sin\u0259 namiz\u0259d g\u00f6st\u0259rilm\u0259di. Bununla da prezident komandas\u0131n\u0131 tamamil\u0259 yenil\u0259m\u0259k q\u0259rar\u0131nda m\u00f6vqeyinin d\u0259yi\u015fm\u0259diyini bir daha n\u00fcmayi\u015f etdirmi\u015f oldu. Bu, k\u00f6hn\u0259 komandadan qalan m\u0259murlar\u0131n da tezlikl\u0259 \u0259v\u0259zl\u0259n\u0259c\u0259yini s\u00f6yl\u0259m\u0259y\u0259 \u0259sas verir.<\/p>\n<p><strong>Ya\u015fl\u0131 m\u0259murlar dedikd\u0259, haz\u0131rda n\u0259z\u0259rl\u0259r ilk olaraq ba\u015f nazirin birinci m\u00fcavini Yaqub Eyyubova y\u00f6n\u0259lir.<\/strong>\u00a01945-ci il do\u011fumlu, texnika elml\u0259ri doktoru, professor, Beyn\u0259lxalq M\u00fch\u0259ndis Akademiyas\u0131n\u0131n v\u0259 Az\u0259rbaycan M\u00fch\u0259ndis Akademiyas\u0131n\u0131n akademiki Yaqub Eyyubov 1999-ci ild\u0259 Az\u0259rbaycan Respublikas\u0131 Ba\u015f nazirinin m\u00fcavini t\u0259yin olunub, 2003-c\u00fc ild\u0259n is\u0259 Ba\u015f nazirin birinci m\u00fcavini v\u0259zif\u0259sini da\u015f\u0131y\u0131r. 1993-c\u00fc ild\u0259n Yeni Az\u0259rbaycan Partiyas\u0131n\u0131n \u00fczv\u00fc, YAP-\u0131n Siyasi \u015euras\u0131n\u0131n \u00fczv\u00fc, YAP Nazirl\u0259r Kabineti Aparat\u0131 \u018frazi t\u0259\u015fkilat\u0131n\u0131n s\u0259dridir. Yaqub m\u00fc\u0259llimin xeyli t\u0259ltifl\u0259ri var: \u201c\u015e\u0259r\u0259f\u201d ordeni (2015), Rusiyan\u0131n \u201cDostluq\u201d ordeni (2015), Belarusun \u201c\u015e\u0259r\u0259f\u201d ordeni (2015), \u201c1941-1945-ci ill\u0259r B\u00f6y\u00fck V\u0259t\u0259n m\u00fcharib\u0259sind\u0259 q\u0259l\u0259b\u0259nin 20 illiyi\u201d yubiley medal\u0131 (1965), h\u0259tta proletariat\u0131n \u201cdahi\u201d lideri adland\u0131r\u0131lan V.\u0130. Leninin anadan olmas\u0131n\u0131n 100 illiyin\u0259 g\u00f6r\u0259 medal\u0131 (1971).<\/p>\n<p><img class=\"n3VNCb\" src=\"https:\/\/ww2.ona.az\/upload\/news\/2019\/may\/08\/big\/465cd2baa5b189b.jpg\" alt=\"Yaqub Eyyubov: &quot;Az\u0259rbaycan sazi\u015f v\u0259 memorandumlar\u0131n icras\u0131 \u00fczr\u0259 ...\" data-noaft=\"1\" \/><\/p>\n<p>\u00d6t\u0259n ilin oktyabr\u0131nda d\u00f6vl\u0259t ba\u015f\u00e7\u0131s\u0131n\u0131n \u00e7a\u011f\u0131r\u0131\u015f\u0131ndan sonra v\u0259zif\u0259d\u0259n ged\u0259c\u0259yi g\u00f6zl\u0259nil\u0259n m\u0259murlar s\u0131ras\u0131nda Y.Eyyubov ilk yerl\u0259rd\u0259n birind\u0259ydi. H\u0259tta bir ara onun \u00f6lk\u0259y\u0259 g\u0259l\u0259n xarici d\u00f6vl\u0259t ba\u015f\u00e7\u0131lar\u0131n\u0131n qar\u015f\u0131lanmas\u0131 prosesind\u0259 g\u00f6r\u00fcnm\u0259m\u0259si v\u0259zif\u0259d\u0259n al\u0131nmas\u0131 kimi qiym\u0259tl\u0259ndirildi. Ba\u015f nazirin birinci m\u00fcavini \u0259n\u0259n\u0259vi olaraq i\u015ftirak etdiyi bir s\u0131ra t\u0259dbirl\u0259rd\u0259 d\u0259 g\u00f6r\u00fcnm\u0259di. Lakin \u00f6t\u0259n il dekabr\u0131n 27-d\u0259 Prezident \u0130lham \u018fliyev, birinci xan\u0131m Mehriban \u018fliyeva v\u0259 q\u0131zlar\u0131 Leyla \u018fliyeva \u201c\u015eahda\u011f\u201d Turizm M\u0259rk\u0259zind\u0259 g\u00f6r\u00fcl\u0259n i\u015fl\u0259rl\u0259 tan\u0131\u015f olark\u0259n m\u0259rk\u0259zd\u0259 g\u00f6r\u00fcl\u0259n i\u015fl\u0259r bar\u0259d\u0259 m\u0259ruz\u0259 ed\u0259nl\u0259rd\u0259n biri m\u0259hz Y.Eyyubov oldu. 2020-ci ilin \u00f6t\u0259n 4 ay\u0131 \u0259rzind\u0259 Y.Eyyubovun f\u0259aliyy\u0259tin\u0259 dair yegan\u0259 m\u0259lumat mart\u0131n 13-d\u0259 Moskvada ke\u00e7iril\u0259n M\u00fcst\u0259qil D\u00f6vl\u0259tl\u0259r Birliyinin (MDB) \u0130qtisadi \u015euras\u0131n\u0131n 85-ci iclas\u0131 i\u015ftirak\u0131 bar\u0259d\u0259dir. Bu t\u0259dbird\u0259 Az\u0259rbaycan\u0131 iclasda Y.Eyyubov v\u0259 Rusiyadak\u0131 s\u0259firimiz Polad B\u00fclb\u00fclo\u011flu t\u0259msil edibl\u0259r.<\/p>\n<p><strong>Maraql\u0131d\u0131r ki, \u00f6t\u0259n ilin oktyabr\u0131ndan b\u0259ri Y.Eyyubov m\u00fcdafi\u0259 naziri Zakir H\u0259s\u0259novla b\u00f6lg\u0259l\u0259rd\u0259ki h\u0259rbi hiss\u0259l\u0259r\u0259 bax\u0131\u015f prosesind\u0259 d\u0259 i\u015ftirak etmir. Halbuki son ill\u0259rd\u0259 bu i\u015f bilavasit\u0259 Y.Eyyubov t\u0259r\u0259find\u0259n icra olunurdu. \u0130ndi onu prezidentin h\u0259rbi m\u0259s\u0259l\u0259l\u0259r \u00fczr\u0259 k\u00f6m\u0259k\u00e7isi M\u0259h\u0259rr\u0259m \u018fliyev \u0259v\u0259z edir.<\/strong><\/p>\n<p>Qeyd ed\u0259k ki, son ill\u0259rd\u0259 m\u00fcxt\u0259lif m\u0259tbu orqanlarda Y.Eyyubovun ail\u0259 \u00fczvl\u0259rinin xaricd\u0259ki biznes f\u0259aliyy\u0259tin\u0259 dair \u00e7oxlu sayda m\u0259lumatlar d\u0259rc olunmaqdad\u0131r.<\/p>\n<p>Az\u0259rbaycan m\u0259murlar\u0131 aras\u0131nda tutdu\u011fu v\u0259zif\u0259d\u0259 qalma m\u00fcdd\u0259tin\u0259 g\u00f6r\u0259 \u0259n \u201cuzun\u00f6m\u00fcrl\u00fc\u201dl\u0259rd\u0259n biri d\u0259 Meliorasiya v\u0259 Su T\u0259s\u0259rr\u00fcfat\u0131 ASC-nin s\u0259dri \u018fhm\u0259d \u018fhm\u0259dzad\u0259dir. 1945-ci ild\u0259 do\u011fulan \u018fhm\u0259d m\u00fc\u0259llim yanvar ay\u0131nda 75 ya\u015f\u0131n\u0131 qeyd edib. Bu m\u00fcnasib\u0259tl\u0259 Prezident \u0130lham \u018fliyev yanvar\u0131n 6-da onun \u201c\u018fm\u0259k\u201d ordeni il\u0259 t\u0259ltif edilm\u0259si haqq\u0131nda s\u0259r\u0259ncam imzalay\u0131b.<\/p>\n<p>S\u0259r\u0259ncama \u0259sas\u0259n Az\u0259rbaycan Respublikas\u0131nda meliorasiya v\u0259 su t\u0259s\u0259rr\u00fcfat\u0131 sah\u0259sind\u0259 uzunm\u00fcdd\u0259tli s\u0259m\u0259r\u0259li f\u0259aliyy\u0259tin\u0259 g\u00f6r\u0259 \u018fhm\u0259d Cuma o\u011flu \u018fhm\u0259dzad\u0259 1-ci d\u0259r\u0259c\u0259li \u201c\u018fm\u0259k\u201d ordeni il\u0259 t\u0259ltif edilib.<\/p>\n<p><img class=\"n3VNCb\" src=\"https:\/\/i.ytimg.com\/vi\/cIJL8hqQnpQ\/maxresdefault.jpg\" alt=\"Meliorasiya v\u0259 Su T\u0259s\u0259rr\u00fcfat\u0131\u201d ASC-nin s\u0259dri \u018fhm\u0259d \u018fhm\u0259dzad\u0259nin ...\" data-noaft=\"1\" \/><\/p>\n<p><strong>Maraql\u0131d\u0131r ki, \u00f6t\u0259n ilin oktyabr\u0131nda \u2013 \u00f6lk\u0259 prezidenti ya\u015fl\u0131 m\u0259murlara \u00e7a\u011f\u0131r\u0131\u015f ed\u0259nd\u0259n sonra \u018f.\u018fhm\u0259dzad\u0259nin v\u0259zif\u0259d\u0259n getm\u0259k \u00fc\u00e7\u00fcn \u0259riz\u0259 yazd\u0131\u011f\u0131 bildirilir. Musavat.com-a etibarl\u0131 m\u0259nb\u0259d\u0259n daxil olan m\u0259lumata g\u00f6r\u0259, \u018f.\u018fhm\u0259dzad\u0259nin \u0259riz\u0259si q\u0259bul olunmay\u0131b, onun \u00f6z v\u0259zif\u0259sind\u0259 qalmas\u0131 laz\u0131m bilinib.<\/strong><\/p>\n<p>Xat\u0131rladaq ki, 1993-c\u00fc ild\u0259n, y\u0259ni 26 ildir \u00f6lk\u0259nin meliorasiya v\u0259 su t\u0259s\u0259rr\u00fcfat\u0131 sah\u0259sin\u0259 r\u0259hb\u0259rlik ed\u0259n \u018f.\u018fhm\u0259dzad\u0259nin i\u015finin pe\u015f\u0259kar\u0131 oldu\u011fu haqda r\u0259yl\u0259r var. Onun bu sah\u0259d\u0259 \u0259v\u0259zsiz kadr oldu\u011fu deyilir. Bu s\u0259b\u0259bd\u0259n \u00f6lk\u0259 r\u0259hb\u0259rliyi \u018f.\u018fhm\u0259dzad\u0259nin i\u015f ba\u015f\u0131nda qalmas\u0131n\u0131 uy\u011fun bilir.<\/p>\n<p>Bundan \u0259lav\u0259, h\u0259m Y.Eyyubovun, h\u0259m d\u0259 \u018f.\u018fhm\u0259dzad\u0259nin adlar\u0131 siyasi intriqalarda he\u00e7 vaxt hallanmay\u0131b. H\u0259m\u00e7inin onlar\u0131n daha yuxar\u0131 postlar \u00fc\u00e7\u00fcn iddia g\u00f6st\u0259rm\u0259dikl\u0259ri bildirilir. \u00dcst\u0259lik, h\u0259r iki m\u0259murun d\u00f6vl\u0259t\u0259, hakim q\u00fcvv\u0259y\u0259 s\u0259daq\u0259tl\u0259rin\u0259 d\u0259 \u015f\u00fcbh\u0259 olmad\u0131\u011f\u0131, nec\u0259 dey\u0259rl\u0259r, \u201cs\u0131naqlardan \u00fcz\u00fc a\u011f \u00e7\u0131xd\u0131qlar\u0131 bildirilir. Buna baxmayaraq, kifay\u0259t q\u0259d\u0259r ya\u015flar\u0131 olan Yaqub Eyyubovla \u018fhm\u0259d \u018fhm\u0259dzad\u0259nin uzun m\u00fcdd\u0259t v\u0259zif\u0259d\u0259 qalacaqlar\u0131 da inand\u0131r\u0131c\u0131 g\u00f6r\u00fcnm\u00fcr.<\/p>\n<p>Son zamanlar is\u0259 Az\u0259rbaycanda m\u00f6vcud su ehtiyatlar\u0131ndan s\u0259m\u0259r\u0259li istifad\u0259 m\u0259s\u0259l\u0259si \u00e7ox aktualla\u015f\u0131b. Bu sah\u0259d\u0259 f\u0259aliyy\u0259tl\u0259rin t\u0259nziml\u0259nm\u0259si \u00fc\u00e7\u00fcn \u00f6lk\u0259 prezidenti t\u0259r\u0259find\u0259n aprel ay\u0131nda x\u00fcsusi komissiya da yarad\u0131l\u0131b. Komissiyan\u0131n r\u0259hb\u0259ri is\u0259 ba\u015f nazirin m\u00fcavini \u015eahin Mustafayev t\u0259yin olunub&#8230;<\/p>\n<p>\u201cYeni M\u00fcsavat\u201d<\/p>\n","protected":false},"excerpt":{"rendered":"<p>2018-ci ilin prezident se\u00e7kil\u0259rind\u0259n sonra Az\u0259rbaycanda d\u00f6vl\u0259t idar\u0259etm\u0259 aparat\u0131nda \u00e7al\u0131\u015fan y\u00fcks\u0259k v\u0259zif\u0259li m\u0259murlar\u0131n g\u0259ncl\u0259\u015fdirilm\u0259si siyas\u0259ti h\u0259yata ke\u00e7irilir. O vaxtdan b\u0259ri bo\u015falan b\u00fct\u00fcn postlara t\u0259yinatlar g\u0259nc, y\u00fcks\u0259k t\u0259hsilli v\u0259 m\u00fcasir d\u00fcnyag\u00f6r\u00fc\u015fl\u00fc kadrlardan ibar\u0259tdir. H\u0259tta rayon icra hakimiyy\u0259ti ba\u015f\u00e7\u0131s\u0131 postlar\u0131 da g\u0259nc kadrlara etibar olunur. \u00d6t\u0259n il bu bar\u0259d\u0259 dan\u0131\u015fan prezident \u0130lham \u018fliyev ya\u015f\u0131 ke\u00e7mi\u015f, m\u00fcasir idar\u0259etm\u0259 prinsipl\u0259ri il\u0259 uy\u011funla\u015fa bilm\u0259y\u0259n kadrlar\u0131 k\u00f6n\u00fcll\u00fc olaraq v\u0259zif\u0259d\u0259n getm\u0259y\u0259 s\u0259sl\u0259mi\u015fdi. Bu \u00e7a\u011f\u0131r\u0131\u015fdan sonra xeyli sayda y\u00fcks\u0259k ranql\u0131 m\u0259mur tutdu\u011fu v\u0259zif\u0259d\u0259n k\u00f6n\u00fcll\u00fc olaraq uzaqla\u015fd\u0131, b\u0259zil\u0259ri \u00f6lk\u0259 r\u0259hb\u0259rliyi t\u0259r\u0259find\u0259n i\u015fd\u0259n \u00e7\u0131xar\u0131ld\u0131. Haz\u0131rda Az\u0259rbaycan\u0131n d\u00f6vl\u0259t idar\u0259etm\u0259 aparat\u0131na n\u0259z\u0259r&hellip;<\/p>\n","protected":false},"author":2,"featured_media":160566,"comment_status":"closed","ping_status":"closed","sticky":false,"template":"","format":"standard","meta":{"om_disable_all_campaigns":false,"_monsterinsights_skip_tracking":false,"_monsterinsights_sitenote_active":false,"_monsterinsights_sitenote_note":"","_monsterinsights_sitenote_category":0},"categories":[19],"tags":[],"aioseo_notices":[],"gutentor_comment":0,"rttpg_featured_image_url":{"full":["https:\/\/arantv.az\/wp-content\/uploads\/2020\/05\/d1c598f62ff59c72b4570b4f49e7b050.jpg",450,300,false],"landscape":["https:\/\/arantv.az\/wp-content\/uploads\/2020\/05\/d1c598f62ff59c72b4570b4f49e7b050.jpg",450,300,false],"portraits":["https:\/\/arantv.az\/wp-content\/uploads\/2020\/05\/d1c598f62ff59c72b4570b4f49e7b050.jpg",450,300,false],"thumbnail":["https:\/\/arantv.az\/wp-content\/uploads\/2020\/05\/d1c598f62ff59c72b4570b4f49e7b050-150x150.jpg",150,150,true],"medium":["https:\/\/arantv.az\/wp-content\/uploads\/2020\/05\/d1c598f62ff59c72b4570b4f49e7b050-300x200.jpg",300,200,true],"large":["https:\/\/arantv.az\/wp-content\/uploads\/2020\/05\/d1c598f62ff59c72b4570b4f49e7b050.jpg",450,300,false],"1536x1536":["https:\/\/arantv.az\/wp-content\/uploads\/2020\/05\/d1c598f62ff59c72b4570b4f49e7b050.jpg",450,300,false],"2048x2048":["https:\/\/arantv.az\/wp-content\/uploads\/2020\/05\/d1c598f62ff59c72b4570b4f49e7b050.jpg",450,300,false],"post-thumbnail":["https:\/\/arantv.az\/wp-content\/uploads\/2020\/05\/d1c598f62ff59c72b4570b4f49e7b050-240x172.jpg",240,172,true],"advps-thumb-one":["https:\/\/arantv.az\/wp-content\/uploads\/2020\/05\/d1c598f62ff59c72b4570b4f49e7b050.jpg",450,300,false]},"rttpg_author":{"display_name":"V\u00fcsal Rafiqo\u011flu","author_link":"https:\/\/arantv.az\/?author=2"},"rttpg_comment":0,"rttpg_category":"<a href=\"https:\/\/arantv.az\/?cat=19\" rel=\"category\">G\u00fcnd\u0259m<\/a>","rttpg_excerpt":"2018-ci ilin prezident se\u00e7kil\u0259rind\u0259n sonra Az\u0259rbaycanda d\u00f6vl\u0259t idar\u0259etm\u0259 aparat\u0131nda \u00e7al\u0131\u015fan y\u00fcks\u0259k v\u0259zif\u0259li m\u0259murlar\u0131n g\u0259ncl\u0259\u015fdirilm\u0259si siyas\u0259ti h\u0259yata ke\u00e7irilir. O vaxtdan b\u0259ri bo\u015falan b\u00fct\u00fcn postlara t\u0259yinatlar g\u0259nc, y\u00fcks\u0259k t\u0259hsilli v\u0259 m\u00fcasir d\u00fcnyag\u00f6r\u00fc\u015fl\u00fc kadrlardan ibar\u0259tdir. H\u0259tta rayon icra hakimiyy\u0259ti ba\u015f\u00e7\u0131s\u0131 postlar\u0131 da g\u0259nc kadrlara etibar olunur. \u00d6t\u0259n il bu bar\u0259d\u0259 dan\u0131\u015fan prezident \u0130lham \u018fliyev ya\u015f\u0131 ke\u00e7mi\u015f, m\u00fcasir idar\u0259etm\u0259&hellip;","_links":{"self":[{"href":"https:\/\/arantv.az\/index.php?rest_route=\/wp\/v2\/posts\/160550"}],"collection":[{"href":"https:\/\/arantv.az\/index.php?rest_route=\/wp\/v2\/posts"}],"about":[{"href":"https:\/\/arantv.az\/index.php?rest_route=\/wp\/v2\/types\/post"}],"author":[{"embeddable":true,"href":"https:\/\/arantv.az\/index.php?rest_route=\/wp\/v2\/users\/2"}],"replies":[{"embeddable":true,"href":"https:\/\/arantv.az\/index.php?rest_route=%2Fwp%2Fv2%2Fcomments&post=160550"}],"version-history":[{"count":0,"href":"https:\/\/arantv.az\/index.php?rest_route=\/wp\/v2\/posts\/160550\/revisions"}],"wp:featuredmedia":[{"embeddable":true,"href":"https:\/\/arantv.az\/index.php?rest_route=\/wp\/v2\/media\/160566"}],"wp:attachment":[{"href":"https:\/\/arantv.az\/index.php?rest_route=%2Fwp%2Fv2%2Fmedia&parent=160550"}],"wp:term":[{"taxonomy":"category","embeddable":true,"href":"https:\/\/arantv.az\/index.php?rest_route=%2Fwp%2Fv2%2Fcategories&post=160550"},{"taxonomy":"post_tag","embeddable":true,"href":"https:\/\/arantv.az\/index.php?rest_route=%2Fwp%2Fv2%2Ftags&post=160550"}],"curies":[{"name":"wp","href":"https:\/\/api.w.org\/{rel}","templated":true}]}}