{"id":160554,"date":"2020-05-06T21:42:32","date_gmt":"2020-05-06T18:42:32","guid":{"rendered":"http:\/\/arantv.az\/?p=160554"},"modified":"2020-05-06T21:42:32","modified_gmt":"2020-05-06T18:42:32","slug":"elsev%c9%99r-agayev-az%c9%99rbaycan-s%c9%99hiyy%c9%99sind%c9%99-uzun-ill%c9%99r-%c9%99ld%c9%99-edil%c9%99n-nailiyy%c9%99tl%c9%99r-bu-gun-oz-b%c9%99hr%c9%99sini-verir","status":"publish","type":"post","link":"https:\/\/arantv.az\/?p=160554","title":{"rendered":"Elsev\u0259r A\u011fayev: Az\u0259rbaycan s\u0259hiyy\u0259sind\u0259 uzun ill\u0259r \u0259ld\u0259 edil\u0259n nailiyy\u0259tl\u0259r bu g\u00fcn \u00f6z b\u0259hr\u0259sini verir"},"content":{"rendered":"<p>Az\u0259rbaycan s\u0259hiyy\u0259sind\u0259 uzun ill\u0259r \u0259ld\u0259 edil\u0259n nailiyy\u0259tl\u0259r art\u0131q bu g\u00fcn \u00f6z b\u0259hr\u0259sini verir.<\/p>\n<p><strong>ARANTV.AZ<\/strong>\u00a0<a href=\"http:\/\/az.trend.az\/\" target=\"_blank\" rel=\"noopener\">Trend<\/a>-\u0259 istinad\u0259n bildirir ki, bunu Az\u0259rbaycan Respublikas\u0131 S\u0259hiyy\u0259 nazirinin m\u00fcavini Elsev\u0259r A\u011fayev Real TV-y\u0259 m\u00fcsahib\u0259si zaman\u0131 deyib.<\/p>\n<p>Karatind\u0259n \u00e7\u0131x\u0131\u015f d\u00f6vr\u00fc haqq\u0131nda dan\u0131\u015fan nazir m\u00fcavini bildirib ki, Operativ Q\u0259rargah t\u0259r\u0259find\u0259n elan olunmu\u015f karantind\u0259n m\u0259rh\u0259l\u0259li \u00e7\u0131x\u0131\u015f\u0131n d\u00fczg\u00fcn idar\u0259olunmas\u0131 \u00fc\u00e7\u00fcn S\u0259hiyy\u0259 Nazirliyinin \u0130ctimai S\u0259hiyy\u0259 v\u0259 \u0130slahatlar M\u0259rk\u0259zi (\u0130S\u0130M) t\u0259r\u0259find\u0259n koronavirusla ba\u011fl\u0131 h\u0259ft\u0259lik statistik m\u0259lumatlar Q\u0259rargaha t\u0259qdim edilir v\u0259 bu statistikadan istifad\u0259 edilir.<\/p>\n<p>Eyni zamanda nazir m\u00fcavini \u0130S\u0130M-in karantin d\u00f6vr\u00fcnd\u0259 maarifl\u0259ndirici rolunu x\u00fcsusi olaraq vur\u011fulay\u0131b:<\/p>\n<p>&#8220;COV\u0130D-19 pandemiyas\u0131 il\u0259 ba\u011fl\u0131 m\u0259lumat\u0131 t\u0259qdim ed\u0259n d\u0259qiq v\u0259 operativ portal\u0131n (koronovirusinfo.az) qar\u015f\u0131s\u0131nda qoyulmu\u015f m\u0259qs\u0259dl\u0259r\u0259 \u00e7atmas\u0131 m\u0259hz pe\u015f\u0259kar m\u00fct\u0259x\u0259ssisl\u0259rin \u0259m\u0259yinin n\u0259tic\u0259sidir. Eyni zamanda S\u0259hiyy\u0259 Nazirliyini t\u0259msil ed\u0259n ba\u015f epidemioloq, ba\u015f virusoloq v\u0259 dig\u0259r ba\u015f m\u00fct\u0259x\u0259ssisl\u0259r d\u0259 m\u00fctamadi olaraq m\u00fcxt\u0259lif televiziya kanallar\u0131nda \u00e7\u0131x\u0131\u015f edir v\u0259 \u00f6z ekspert fikirl\u0259rini payla\u015f\u0131rlar.<\/p>\n<p>H\u0259m\u00e7inin maraql\u0131 v\u0259 q\u00fcrurduyucu bir m\u0259qama da toxunmaq ist\u0259yir\u0259m. M\u0259s\u0259l\u0259n, son g\u00fcnl\u0259r m\u0259tbuatda el\u0259 bir x\u0259b\u0259r yay\u0131ld\u0131 ki, dig\u0259r \u00f6lk\u0259l\u0259rin bir s\u0131ra x\u0259st\u0259xanalar\u0131nda \u00e7al\u0131\u015fan h\u0259kiml\u0259r COV\u0130D-19 t\u0259hl\u00fck\u0259si qar\u015f\u0131s\u0131nda i\u015fd\u0259n imtina edibl\u0259r. Lakin Az\u0259rbaycan h\u0259kiml\u0259ri v\u0259t\u0259np\u0259rv\u0259rlik v\u0259 h\u0259mr\u0259ylik kimi d\u0259y\u0259rl\u0259ri \u00fcst\u00fcn tutaraq, xalq\u0131m\u0131z\u0131n sa\u011flaml\u0131\u011f\u0131 \u00fc\u00e7\u00fcn koronavirusa qar\u015f\u0131 m\u00fcbariz\u0259d\u0259 h\u0259r g\u00fcn s\u00f6z\u00fcn \u0259sl m\u0259nas\u0131nda q\u0259hr\u0259manl\u0131q v\u0259 f\u0259dakarl\u0131q n\u00fcmayi\u015f etdirirl\u0259r&#8221;.<\/p>\n<p>Elsev\u0259r A\u011fayev vur\u011fulay\u0131b ki, Qo\u015fulmama H\u0259r\u0259kat\u0131n\u0131n Zirv\u0259 g\u00f6r\u00fc\u015f\u00fcnd\u0259 Prezident \u0130lham \u018fliyev qeyd etdi ki, bizim h\u0259kiml\u0259r daim \u00f6z t\u0259cr\u00fcb\u0259l\u0259rini payla\u015faraq, dig\u0259r \u00f6lk\u0259l\u0259r\u0259 d\u0259 d\u0259st\u0259k verm\u0259y\u0259 haz\u0131rd\u0131rlar:<\/p>\n<div>\n<div id=\"AdviadNativeVideo0\" class=\"AdviadNativeVideo\"><\/div>\n<\/div>\n<p>&#8220;Az\u0259rbaycan s\u0259hiyy\u0259sinin uzun ill\u0259r boyu \u0259ld\u0259 etdiyi nailiyy\u0259tl\u0259r art\u0131q bu g\u00fcn \u00f6z b\u0259hr\u0259sini verir. Bu m\u00fcdd\u0259t \u0259rzind\u0259 S\u0259hiyy\u0259 Nazirliyinin t\u0259r\u0259find\u0259n g\u00fccl\u00fc pe\u015f\u0259kar kadrlar yeti\u015fdirilib v\u0259 yaranm\u0131\u015f b\u00f6hran v\u0259ziyy\u0259td\u0259 tibbi personal pe\u015f\u0259rkarl\u0131\u011f\u0131 il\u0259 birg\u0259 \u00f6z q\u0259hramanl\u0131q v\u0259 f\u0259d\u0259karl\u0131\u011f\u0131n\u0131 da n\u00fcmayi\u015f etdirib&#8221;.<\/p>\n<p>Sonda nazir m\u00fcavini karantin rejimind\u0259n m\u0259rh\u0259l\u0259li \u00e7\u0131x\u0131\u015f m\u00f6vzusuna bir daha toxunaraq qeyd edib ki, Haz\u0131rda ham\u0131m\u0131z x\u00fcsusi karantin rejimind\u0259n \u00e7\u0131x\u0131\u015f d\u00f6vr\u00fcn\u00fc ya\u015fay\u0131r\u0131q:<\/p>\n<p>&#8220;Bu \u00e7\u0131x\u0131\u015f m\u0259rh\u0259l\u0259li \u015f\u0259kild\u0259 h\u0259yata ke\u00e7iril\u0259c\u0259k. Burada h\u0259r bir v\u0259t\u0259nda\u015f\u0131n sosial m\u0259suliyy\u0259ti t\u00f6vsiy\u0259 v\u0259 qaydalara maksimal d\u0259r\u0259c\u0259d\u0259 riay\u0259t etm\u0259kd\u0259n ibar\u0259tdir&#8221;.<\/p>\n","protected":false},"excerpt":{"rendered":"<p>Az\u0259rbaycan s\u0259hiyy\u0259sind\u0259 uzun ill\u0259r \u0259ld\u0259 edil\u0259n nailiyy\u0259tl\u0259r art\u0131q bu g\u00fcn \u00f6z b\u0259hr\u0259sini verir. ARANTV.AZ\u00a0Trend-\u0259 istinad\u0259n bildirir ki, bunu Az\u0259rbaycan Respublikas\u0131 S\u0259hiyy\u0259 nazirinin m\u00fcavini Elsev\u0259r A\u011fayev Real TV-y\u0259 m\u00fcsahib\u0259si zaman\u0131 deyib. Karatind\u0259n \u00e7\u0131x\u0131\u015f d\u00f6vr\u00fc haqq\u0131nda dan\u0131\u015fan nazir m\u00fcavini bildirib ki, Operativ Q\u0259rargah t\u0259r\u0259find\u0259n elan olunmu\u015f karantind\u0259n m\u0259rh\u0259l\u0259li \u00e7\u0131x\u0131\u015f\u0131n d\u00fczg\u00fcn idar\u0259olunmas\u0131 \u00fc\u00e7\u00fcn S\u0259hiyy\u0259 Nazirliyinin \u0130ctimai S\u0259hiyy\u0259 v\u0259 \u0130slahatlar M\u0259rk\u0259zi (\u0130S\u0130M) t\u0259r\u0259find\u0259n koronavirusla ba\u011fl\u0131 h\u0259ft\u0259lik statistik m\u0259lumatlar Q\u0259rargaha t\u0259qdim edilir v\u0259 bu statistikadan istifad\u0259 edilir. Eyni zamanda nazir m\u00fcavini \u0130S\u0130M-in karantin d\u00f6vr\u00fcnd\u0259 maarifl\u0259ndirici rolunu x\u00fcsusi olaraq vur\u011fulay\u0131b: &#8220;COV\u0130D-19 pandemiyas\u0131 il\u0259 ba\u011fl\u0131 m\u0259lumat\u0131 t\u0259qdim&hellip;<\/p>\n","protected":false},"author":2,"featured_media":160555,"comment_status":"closed","ping_status":"closed","sticky":false,"template":"","format":"standard","meta":{"om_disable_all_campaigns":false,"_monsterinsights_skip_tracking":false,"_monsterinsights_sitenote_active":false,"_monsterinsights_sitenote_note":"","_monsterinsights_sitenote_category":0},"categories":[19],"tags":[],"aioseo_notices":[],"gutentor_comment":0,"rttpg_featured_image_url":{"full":["https:\/\/arantv.az\/wp-content\/uploads\/2020\/05\/848261.jpg",545,340,false],"landscape":["https:\/\/arantv.az\/wp-content\/uploads\/2020\/05\/848261.jpg",545,340,false],"portraits":["https:\/\/arantv.az\/wp-content\/uploads\/2020\/05\/848261.jpg",545,340,false],"thumbnail":["https:\/\/arantv.az\/wp-content\/uploads\/2020\/05\/848261-150x150.jpg",150,150,true],"medium":["https:\/\/arantv.az\/wp-content\/uploads\/2020\/05\/848261-300x187.jpg",300,187,true],"large":["https:\/\/arantv.az\/wp-content\/uploads\/2020\/05\/848261.jpg",545,340,false],"1536x1536":["https:\/\/arantv.az\/wp-content\/uploads\/2020\/05\/848261.jpg",545,340,false],"2048x2048":["https:\/\/arantv.az\/wp-content\/uploads\/2020\/05\/848261.jpg",545,340,false],"post-thumbnail":["https:\/\/arantv.az\/wp-content\/uploads\/2020\/05\/848261-240x172.jpg",240,172,true],"advps-thumb-one":["https:\/\/arantv.az\/wp-content\/uploads\/2020\/05\/848261.jpg",545,340,false]},"rttpg_author":{"display_name":"V\u00fcsal Rafiqo\u011flu","author_link":"https:\/\/arantv.az\/?author=2"},"rttpg_comment":0,"rttpg_category":"<a href=\"https:\/\/arantv.az\/?cat=19\" rel=\"category\">G\u00fcnd\u0259m<\/a>","rttpg_excerpt":"Az\u0259rbaycan s\u0259hiyy\u0259sind\u0259 uzun ill\u0259r \u0259ld\u0259 edil\u0259n nailiyy\u0259tl\u0259r art\u0131q bu g\u00fcn \u00f6z b\u0259hr\u0259sini verir. ARANTV.AZ\u00a0Trend-\u0259 istinad\u0259n bildirir ki, bunu Az\u0259rbaycan Respublikas\u0131 S\u0259hiyy\u0259 nazirinin m\u00fcavini Elsev\u0259r A\u011fayev Real TV-y\u0259 m\u00fcsahib\u0259si zaman\u0131 deyib. Karatind\u0259n \u00e7\u0131x\u0131\u015f d\u00f6vr\u00fc haqq\u0131nda dan\u0131\u015fan nazir m\u00fcavini bildirib ki, Operativ Q\u0259rargah t\u0259r\u0259find\u0259n elan olunmu\u015f karantind\u0259n m\u0259rh\u0259l\u0259li \u00e7\u0131x\u0131\u015f\u0131n d\u00fczg\u00fcn idar\u0259olunmas\u0131 \u00fc\u00e7\u00fcn S\u0259hiyy\u0259 Nazirliyinin \u0130ctimai S\u0259hiyy\u0259 v\u0259&hellip;","_links":{"self":[{"href":"https:\/\/arantv.az\/index.php?rest_route=\/wp\/v2\/posts\/160554"}],"collection":[{"href":"https:\/\/arantv.az\/index.php?rest_route=\/wp\/v2\/posts"}],"about":[{"href":"https:\/\/arantv.az\/index.php?rest_route=\/wp\/v2\/types\/post"}],"author":[{"embeddable":true,"href":"https:\/\/arantv.az\/index.php?rest_route=\/wp\/v2\/users\/2"}],"replies":[{"embeddable":true,"href":"https:\/\/arantv.az\/index.php?rest_route=%2Fwp%2Fv2%2Fcomments&post=160554"}],"version-history":[{"count":0,"href":"https:\/\/arantv.az\/index.php?rest_route=\/wp\/v2\/posts\/160554\/revisions"}],"wp:featuredmedia":[{"embeddable":true,"href":"https:\/\/arantv.az\/index.php?rest_route=\/wp\/v2\/media\/160555"}],"wp:attachment":[{"href":"https:\/\/arantv.az\/index.php?rest_route=%2Fwp%2Fv2%2Fmedia&parent=160554"}],"wp:term":[{"taxonomy":"category","embeddable":true,"href":"https:\/\/arantv.az\/index.php?rest_route=%2Fwp%2Fv2%2Fcategories&post=160554"},{"taxonomy":"post_tag","embeddable":true,"href":"https:\/\/arantv.az\/index.php?rest_route=%2Fwp%2Fv2%2Ftags&post=160554"}],"curies":[{"name":"wp","href":"https:\/\/api.w.org\/{rel}","templated":true}]}}