{"id":160567,"date":"2020-05-06T21:50:09","date_gmt":"2020-05-06T18:50:09","guid":{"rendered":"http:\/\/arantv.az\/?p=160567"},"modified":"2020-05-06T21:50:09","modified_gmt":"2020-05-06T18:50:09","slug":"qht-l%c9%99r%c9%99-dovl%c9%99t-d%c9%99st%c9%99yi-surasi-islahatlara-d%c9%99st%c9%99k-v%c9%99-ictimai-n%c9%99zar%c9%99t-mexanizml%c9%99ri-movzusunda-konfrans-kecirib-foto","status":"publish","type":"post","link":"https:\/\/arantv.az\/?p=160567","title":{"rendered":"QHT-l\u0259r\u0259 D\u00f6vl\u0259t D\u0259st\u0259yi \u015euras\u0131 \u201c\u0130slahatlara d\u0259st\u0259k v\u0259 ictimai n\u0259zar\u0259t mexanizml\u0259ri\u201d m\u00f6vzusunda konfrans ke\u00e7irib &#8211; Foto"},"content":{"rendered":"<div class=\"news-content\">\n<div>\n<p><strong>Bu g\u00fcn Az\u0259rbaycan Respublikas\u0131n\u0131n Prezidenti yan\u0131nda Qeyri-H\u00f6kum\u0259t T\u0259\u015fkilatlar\u0131na D\u00f6vl\u0259t D\u0259st\u0259yi \u015euras\u0131 \u201c\u0130slahatlara d\u0259st\u0259k v\u0259 ictimai n\u0259zar\u0259t mexanizml\u0259ri\u201d m\u00f6vzusunda konfrans ke\u00e7irib. Konfransda 300-d\u0259n \u00e7ox QHT s\u0259dri, h\u0259m\u00e7inin bir s\u0131ra media qurumlar\u0131n\u0131n n\u00fcmay\u0259nd\u0259si i\u015ftirak edib.<\/strong><\/p>\n<p>\u015eura s\u0259dri, Milli M\u0259clisin deputat\u0131 Azay Quliyev a\u00e7\u0131l\u0131\u015f nitqind\u0259 prezident \u0130lham \u018fliyevin r\u0259hb\u0259rliyi il\u0259 \u00f6lk\u0259mizd\u0259 koronavirusa qar\u015f\u0131 apar\u0131lan \u00f6rn\u0259k m\u00fcbariz\u0259d\u0259n, h\u0259m\u00e7inin d\u00f6vl\u0259t ba\u015f\u00e7\u0131s\u0131n\u0131n ictimai n\u0259zar\u0259tin g\u00fccl\u0259ndirilm\u0259si il\u0259 ba\u011fl\u0131 \u00e7a\u011f\u0131r\u0131\u015f\u0131n\u0131n QHT-l\u0259rin \u00fcz\u0259rin\u0259 qoydu\u011fu v\u0259zif\u0259l\u0259r haqq\u0131nda dan\u0131\u015f\u0131b. Azay Quliyev bildirib ki, bu g\u00fcn neqativ hallar\u0131n \u00f6nc\u0259d\u0259n qar\u015f\u0131s\u0131n\u0131n al\u0131nmas\u0131, m\u0259rk\u0259zi v\u0259 yerli icra hakimiyy\u0259ti orqanlar\u0131n\u0131n f\u0259aliyy\u0259tind\u0259 \u015f\u0259ffafl\u0131\u011f\u0131n v\u0259 hesabatl\u0131\u011f\u0131n tam t\u0259mini \u00fc\u00e7\u00fcn v\u0259t\u0259nda\u015f c\u0259miyy\u0259ti institutlar\u0131 daha f\u0259al olmal\u0131 v\u0259 bu m\u0259qs\u0259dl\u0259 ictimai n\u0259zar\u0259ti g\u00fccl\u0259ndirm\u0259lidir. \u015eura s\u0259dri onu da vur\u011fulay\u0131b ki, son g\u00fcnl\u0259r bir s\u0131ra rayon icra hakimiyy\u0259ti ba\u015f\u00e7\u0131lar\u0131n\u0131n h\u0259bsi bir daha onu s\u00fcbut edir ki, c\u0259nab Prezident \u0130lham \u018fliyev korrupsiya v\u0259 r\u00fc\u015fv\u0259txorlu\u011fa qar\u015f\u0131 apard\u0131\u011f\u0131 m\u00fcbariz\u0259 sistemli v\u0259 ard\u0131c\u0131l xarakter da\u015f\u0131y\u0131r v\u0259 bu \u00e7\u0259tin m\u00fcbariz\u0259d\u0259 ictimai sektor d\u00f6vl\u0259t ba\u015f\u00e7\u0131s\u0131n\u0131 birm\u0259nal\u0131 v\u0259 q\u0259tiyy\u0259tl\u0259 d\u0259st\u0259kl\u0259yir.<\/p>\n<p>Azay Quliyev d\u00f6vl\u0259t ba\u015f\u00e7\u0131s\u0131n\u0131n \u00e7a\u011f\u0131r\u0131\u015f\u0131na d\u0259st\u0259k olaraq QHT \u015euras\u0131 il\u0259 Aztv-nin birg\u0259 layih\u0259si kimi h\u0259ft\u0259lik &#8220;\u0130ctimai n\u0259zar\u0259t&#8221; adl\u0131 televiziya verili\u015finin haz\u0131rlanmas\u0131 v\u0259 tama\u015fa\u00e7\u0131larla t\u0259qdim olunmas\u0131 haqq\u0131nda qurumun r\u0259hb\u0259ri R\u00f6v\u015f\u0259n M\u0259mm\u0259dovla raz\u0131l\u0131q \u0259ld\u0259 olundu\u011funu da diqq\u0259t\u0259 \u00e7atd\u0131r\u0131b.<\/p>\n<p>Sonra konfrans\u0131n \u0259sas m\u0259ruz\u0259\u00e7il\u0259ri olan Sahibkarl\u0131\u011fa v\u0259 Bazar \u0130qtisadiyyat\u0131n\u0131n \u0130nki\u015faf\u0131na Yard\u0131m Fondunun s\u0259dri Sabit Ba\u011f\u0131rov \u201c\u00d6lk\u0259d\u0259 apar\u0131lan sosial-iqtisadi islahatlara QHT-l\u0259rin d\u0259st\u0259yi\u201d, Konstitusiya Ara\u015fd\u0131rmalar Fondunun s\u0259dri \u018flim\u0259mm\u0259d Nuriyev \u201c\u0130ctimai n\u0259zar\u0259t v\u0259 etik standartlara riay\u0259t olunmas\u0131\u201d, M\u00fcst\u0259qil H\u00fcquq M\u0259rk\u0259zinin s\u0259dri Ayd\u0131n K\u0259rimov \u201cYeni d\u00f6vr\u00fcn \u00e7a\u011f\u0131r\u0131\u015flar\u0131 v\u0259 v\u0259t\u0259nda\u015f c\u0259miyy\u0259tinin \u00fcz\u0259rin\u0259 d\u00fc\u015f\u0259n v\u0259zif\u0259l\u0259r\u201d m\u00f6vzusunda geni\u015f m\u0259ruz\u0259 il\u0259 \u00e7\u0131x\u0131\u015f edibl\u0259r.<\/p>\n<p>Onlayn konfransda AZTV- d\u0259n Faiq H\u00fcsiyev, REAL TV- d\u0259n is\u0259 Lal\u0259 Nur\u0259ddinq\u0131z\u0131 \u00e7\u0131x\u0131\u015f ed\u0259r\u0259k t\u0259msil etdikl\u0259ri televiziya \u015firk\u0259tl\u0259rinin \u015eura il\u0259 h\u0259rt\u0259r\u0259fli \u0259m\u0259kda\u015fl\u0131\u011fa, m\u00fcxt\u0259l\u0131f m\u00f6vzuda birg\u0259 layih\u0259l\u0259rin icras\u0131na, ictimai n\u0259zar\u0259tin t\u0259\u015fkilin\u0259 h\u0259rt\u0259r\u0259fli d\u0259st\u0259k verilm\u0259sin\u0259 haz\u0131r olduqlar\u0131n\u0131 bildirdil\u0259r.<\/p>\n<p>Konfransda Birinci vitse-prezident, Heyd\u0259r \u018fliyev Fondunun r\u0259hb\u0259ri Mehriban xan\u0131m \u018fliyevaya \u00f6lk\u0259mizd\u0259 pandemiyan\u0131n geni\u015f yay\u0131lmas\u0131n\u0131n qar\u015f\u0131s\u0131n\u0131 al\u0131nmas\u0131, 200 min ail\u0259y\u0259 \u0259rzaq yard\u0131m\u0131n\u0131n edilm\u0259si, qana ehtiyac\u0131 olan x\u0259st\u0259l\u0259r \u00fc\u00e7\u00fcn geni\u015f qanverm\u0259 aksiyas\u0131n\u0131n t\u0259\u015fkili istiqam\u0259tind\u0259 v\u0259 \u00fcmumilli h\u0259mr\u0259yliyin g\u00fccl\u0259ndirilm\u0259sind\u0259ki t\u00f6hf\u0259l\u0259rin\u0259 g\u00f6r\u0259 QHT sektoru ad\u0131ndan t\u0259\u015f\u0259kk\u00fcr bildirilib. T\u0259\u015f\u0259kk\u00fcr m\u0259ktubunun m\u0259tnini Milli QHT Forumunun s\u0259dri Rauf Zeyni konfrans i\u015ftirak\u00e7\u0131lar\u0131n\u0131n diqq\u0259tin\u0259 \u00e7atd\u0131r\u0131b v\u0259 m\u0259tn (\u0259lav\u0259 olunur) yekdillikl\u0259 q\u0259bul edilib.<\/p>\n<p>Sonra QHT r\u0259hb\u0259rl\u0259rinin i\u015ftirak\u0131 il\u0259 m\u00fczakir\u0259l\u0259r davam etdirilib v\u0259 s\u0259sl\u0259n\u0259n t\u0259klifl\u0259r \u0259sas\u0131nda i\u015f plan\u0131n haz\u0131rlanmas\u0131 haqq\u0131nda raz\u0131l\u0131q \u0259ld\u0259 olunub.<\/p>\n<p><strong>M\u00dcRAC\u0130\u018fT<\/strong><\/p>\n<p><strong>Az\u0259rbaycan Respublikas\u0131n\u0131n birinci vitse-prezidenti, Heyd\u0259r \u018fliyev Fondunun prezidenti Mehriban xan\u0131m \u018fliyevaya<\/strong><\/p>\n<p><strong>H\u00f6rm\u0259tli Mehriban xan\u0131m!<\/strong><\/p>\n<p>B\u00fct\u00fcn d\u00fcnyan\u0131n koronavirus pandemiyas\u0131 il\u0259 (COVID-19) \u0259laq\u0259dar ya\u015fad\u0131\u011f\u0131 bu a\u011f\u0131r v\u0259 \u00e7\u0259tin g\u00fcnl\u0259rd\u0259 h\u00f6rm\u0259tli Prezidentimiz c\u0259nab \u0130lham \u018fliyevl\u0259 b\u0259rab\u0259r Az\u0259rbaycan xalq\u0131n\u0131n sa\u011flaml\u0131\u011f\u0131n\u0131n qorunmas\u0131 yolunda h\u0259yata ke\u00e7irdiyiniz qabaqlay\u0131c\u0131 t\u0259dbirl\u0259r\u0259 g\u00f6r\u0259 qeyri-h\u00f6kum\u0259t t\u0259\u015fkilatlar\u0131n\u0131n \u201c\u0130slahatlara d\u0259st\u0259k v\u0259 ictimai n\u0259zar\u0259t mexanizml\u0259ri\u201d m\u00f6vzusunda ke\u00e7irdiyi \u00fcmumrespublika konfrans\u0131 i\u015ftirak\u00e7\u0131lar\u0131 ad\u0131ndan Siz\u0259 d\u0259rin minn\u0259tdarl\u0131\u011f\u0131m\u0131z\u0131 bildiririk.<\/p>\n<p>Az\u0259rbaycan r\u0259hb\u0259rliyinin pe\u015f\u0259kar idar\u0259etm\u0259 bacar\u0131\u011f\u0131, q\u0259tiyy\u0259tli q\u0259rarlar\u0131 v\u0259 s\u0259ri\u015ft\u0259li add\u0131mlar\u0131 n\u0259tic\u0259sind\u0259 b\u00fct\u00fcn d\u00f6vl\u0259t qurumlar\u0131n\u0131n, \u00f6z\u0259l v\u0259 ictimai sektorun potensial\u0131 koronavirus pandemiyas\u0131 il\u0259 m\u00fcbariz\u0259y\u0259 vaxt\u0131nda s\u0259f\u0259rb\u0259r edildiyind\u0259n bu infeksiyan\u0131n \u00f6lk\u0259mizd\u0259 k\u00fctl\u0259vi insan itkisin\u0259 s\u0259b\u0259b olmas\u0131n\u0131n qar\u015f\u0131s\u0131 al\u0131nd\u0131. Az\u0259rbaycan d\u00f6vl\u0259ti tibbi-profilaktik t\u0259dbirl\u0259rl\u0259 yana\u015f\u0131, b\u00fcdc\u0259d\u0259n maliyy\u0259l\u0259\u015f\u0259n qurumlarda \u0259m\u0259kda\u015flar\u0131n maa\u015flar\u0131n\u0131n \u00f6d\u0259nilm\u0259sini, m\u00fcv\u0259qq\u0259ti olaraq qazanc yerini itirmi\u015f insanlara, h\u0259ssas t\u0259b\u0259q\u0259l\u0259rin t\u0259msil\u00e7il\u0259rin\u0259 k\u00f6m\u0259k \u0259lini uzadaraq onlar\u0131 bird\u0259f\u0259lik m\u00fcavin\u0259tl\u0259r v\u0259 dig\u0259r \u00f6d\u0259ni\u015fl\u0259rl\u0259 t\u0259min etdi. Az\u0259rbaycan xalq\u0131n\u0131n \u00f6lk\u0259 r\u0259hb\u0259rliyi il\u0259 s\u0131x birliyinin n\u00fcmayi\u015f olundu\u011fu bu m\u0259suliyy\u0259tli g\u00fcnl\u0259rd\u0259 \u00f6lk\u0259miz d\u00f6vl\u0259t\u0259 d\u0259st\u0259k, qar\u015f\u0131l\u0131ql\u0131 anla\u015fma, yard\u0131mla\u015fma v\u0259 xeyriyy\u0259\u00e7ilik kampaniyalar\u0131nda milli birliyin v\u0259 h\u0259mr\u0259yliyin \u0259n b\u00f6y\u00fck v\u0259 parlaq n\u00fcmun\u0259l\u0259rini ya\u015fad\u0131.<\/p>\n<p><strong>H\u00f6rm\u0259tli Mehriban xan\u0131m!<\/strong><\/p>\n<p>R\u0259hb\u0259rlik etdiyiniz, yarad\u0131lmas\u0131n\u0131n 16-c\u0131 ild\u00f6n\u00fcm\u00fcn\u00fc qeyd ed\u0259n Heyd\u0259r \u018fliyev Fondu COVID-19 pandemiyas\u0131 d\u00f6vr\u00fcnd\u0259 bu \u00fcmummilli h\u0259mr\u0259ylik, yard\u0131mla\u015fma v\u0259 xeyriyy\u0259\u00e7ilik h\u0259r\u0259kat\u0131n\u0131n d\u00f6y\u00fcn\u0259n \u00fcr\u0259yi kimi \u00e7\u0131x\u0131\u015f ed\u0259r\u0259k tariximiz\u0259 \u00f6z missiyas\u0131n\u0131n q\u0131z\u0131l s\u0259hif\u0259l\u0259rini yazd\u0131. Karantin rejimi d\u00f6vr\u00fcnd\u0259 realla\u015fd\u0131rd\u0131\u011f\u0131 xeyriyy\u0259\u00e7ilik t\u0259dbirl\u0259ri, qanverm\u0259 kampaniyas\u0131 v\u0259 200 min ail\u0259y\u0259 \u00fcmumrespublika aksiyalar\u0131 il\u0259 \u00f6lk\u0259mizin b\u00fct\u00fcn regionlar\u0131n\u0131 \u0259hat\u0259 ed\u0259n Heyd\u0259r \u018fliyev Fondu dar g\u00fcn\u00fcn \u0259n etibarl\u0131 dostu kimi yard\u0131ma ehtiyac\u0131 olan h\u0259r k\u0259sin k\u00f6m\u0259yin\u0259 \u00e7atd\u0131 v\u0259 bel\u0259likl\u0259, Sizin qay\u011f\u0131ke\u015f r\u0259hb\u0259r m\u0259ram\u0131n\u0131z\u0131 v\u0259 ana \u015f\u0259fq\u0259tinizi b\u00f6y\u00fckd\u0259n-ki\u00e7iy\u0259 h\u0259r k\u0259s hiss etdi.<\/p>\n<p>Bu a\u011f\u0131r g\u00fcnl\u0259rd\u0259 Sizin \u015f\u0259xs\u0259n media v\u0259 sosial \u015f\u0259b\u0259k\u0259l\u0259r vasit\u0259sil\u0259 xalq\u0131m\u0131za etdiyiniz s\u0259mimi v\u0259 t\u0259sirli m\u00fcraci\u0259tl\u0259r insanlar\u0131m\u0131z\u0131 m\u00fcdhi\u015f t\u0259hl\u00fck\u0259 qar\u015f\u0131s\u0131nda kims\u0259siz qalmaq, \u00fcmidsizliy\u0259 qap\u0131lmaq fobiyalar\u0131ndan qorudu. Sizin b\u00f6y\u00fck m\u0259n\u0259vi-intellektual potensiala s\u00f6yk\u0259n\u0259n idar\u0259\u00e7ilik t\u0259cr\u00fcb\u0259niz, bir h\u0259kim olaraq g\u0259rgin z\u0259hm\u0259t v\u0259 \u0259m\u0259yiniz say\u0259sind\u0259 \u00f6lk\u0259nin b\u00fct\u00fcn h\u0259kiml\u0259ri, tibb i\u015f\u00e7il\u0259ri v\u0259 s\u0259hiyy\u0259 ocaqlar\u0131n\u0131n \u0259m\u0259kda\u015flar\u0131 yorulmaq bilm\u0259d\u0259n gec\u0259-g\u00fcnd\u00fcz pandemiya il\u0259 m\u00fcbariz\u0259d\u0259 y\u00fcks\u0259k pe\u015f\u0259karl\u0131q n\u00fcmayi\u015f etdirirl\u0259r. Az\u0259rbaycan xalq\u0131 v\u0259 v\u0259t\u0259nda\u015f c\u0259miyy\u0259ti Sizin bu z\u0259hm\u0259tinizi b\u00f6y\u00fck minn\u0259tdarl\u0131q hissi il\u0259 y\u00fcks\u0259k qiym\u0259tl\u0259ndirir.<\/p>\n<p><strong>H\u00f6rm\u0259tli Mehriban xan\u0131m!<\/strong><\/p>\n<p>D\u00fcnyan\u0131n \u0259n b\u00f6y\u00fck v\u0259 tan\u0131nm\u0131\u015f fondlar\u0131ndan olan Heyd\u0259r \u018fliyev Fondunun xalq\u0131m\u0131z\u0131n v\u0259 d\u00f6vl\u0259timizin g\u00fccl\u0259nm\u0259si, v\u0259t\u0259nda\u015flar\u0131m\u0131z\u0131n sa\u011flaml\u0131\u011f\u0131 v\u0259 sosial rifah\u0131 namin\u0259 h\u0259yata ke\u00e7irdiyi misilsiz f\u0259aliyy\u0259t\u0259, pandemiyan\u0131n m\u0259nfi n\u0259tic\u0259l\u0259rinin aradan qald\u0131r\u0131lmas\u0131 sah\u0259sind\u0259 ir\u0259li s\u00fcrd\u00fcy\u00fc vacib t\u0259\u015f\u0259bb\u00fcsl\u0259r\u0259 v\u0259 icra etdiyi m\u00fch\u00fcm layih\u0259l\u0259r\u0259 g\u00f6r\u0259 \u00f6lk\u0259d\u0259 f\u0259aliyy\u0259t g\u00f6st\u0259r\u0259n QHT-l\u0259r ad\u0131ndan bir daha Siz\u0259 t\u0259\u015f\u0259kk\u00fcr edir, bu c\u00fcr \u00e7\u0259tin v\u0259 \u015f\u0259r\u0259fli missiyada Siz\u0259, Fondun b\u00fct\u00fcn kollektivin\u0259 u\u011furlar arzulay\u0131r\u0131q.<\/p>\n<p>Siz\u0259 d\u0259rin h\u00f6rm\u0259tl\u0259,<\/p>\n<p>Qeyri-h\u00f6kum\u0259t t\u0259\u015fkilatlar\u0131n\u0131n \u201c\u0130slahatlara d\u0259st\u0259k v\u0259 ictimai n\u0259zar\u0259t mexanizml\u0259ri\u201d m\u00f6vzusunda ke\u00e7irilmi\u015f \u00fcmumrespublika konfrans\u0131n\u0131n i\u015ftirak\u00e7\u0131lar\u0131: 308 QHT<\/p>\n<p>Bak\u0131 \u015f\u0259h\u0259ri, 6 may 2020-ci il<\/p>\n<p><img src=\"https:\/\/b.radikal.ru\/b23\/2005\/ee\/5ad3b218ba73.jpg\" \/>\u00a0<img src=\"https:\/\/a.radikal.ru\/a19\/2005\/96\/e83a1efe4ffb.jpg\" \/>\u00a0<img src=\"https:\/\/a.radikal.ru\/a03\/2005\/26\/24186e5521c2.jpg\" \/>\u00a0<img src=\"https:\/\/c.radikal.ru\/c22\/2005\/56\/6a8a0195f6f5.jpg\" \/>\u00a0<img src=\"https:\/\/b.radikal.ru\/b36\/2005\/04\/5fb442857111.jpg\" \/>\u00a0<img src=\"https:\/\/a.radikal.ru\/a10\/2005\/5a\/345c599f59b5.jpg\" \/>\u00a0<img src=\"https:\/\/a.radikal.ru\/a00\/2005\/08\/1be7312826ae.jpg\" \/>\u00a0<img src=\"https:\/\/d.radikal.ru\/d12\/2005\/48\/9c3a5652c1e8.jpg\" \/><\/p>\n<p><img src=\"https:\/\/d.radikal.ru\/d12\/2005\/4d\/60d0567b5057.jpg\" \/><\/p>\n<\/div>\n<\/div>\n<div class=\"subs-in-social subs-facebook\">\n<div class=\"subs-message\"><\/div>\n<\/div>\n","protected":false},"excerpt":{"rendered":"<p>Bu g\u00fcn Az\u0259rbaycan Respublikas\u0131n\u0131n Prezidenti yan\u0131nda Qeyri-H\u00f6kum\u0259t T\u0259\u015fkilatlar\u0131na D\u00f6vl\u0259t D\u0259st\u0259yi \u015euras\u0131 \u201c\u0130slahatlara d\u0259st\u0259k v\u0259 ictimai n\u0259zar\u0259t mexanizml\u0259ri\u201d m\u00f6vzusunda konfrans ke\u00e7irib. Konfransda 300-d\u0259n \u00e7ox QHT s\u0259dri, h\u0259m\u00e7inin bir s\u0131ra media qurumlar\u0131n\u0131n n\u00fcmay\u0259nd\u0259si i\u015ftirak edib. \u015eura s\u0259dri, Milli M\u0259clisin deputat\u0131 Azay Quliyev a\u00e7\u0131l\u0131\u015f nitqind\u0259 prezident \u0130lham \u018fliyevin r\u0259hb\u0259rliyi il\u0259 \u00f6lk\u0259mizd\u0259 koronavirusa qar\u015f\u0131 apar\u0131lan \u00f6rn\u0259k m\u00fcbariz\u0259d\u0259n, h\u0259m\u00e7inin d\u00f6vl\u0259t ba\u015f\u00e7\u0131s\u0131n\u0131n ictimai n\u0259zar\u0259tin g\u00fccl\u0259ndirilm\u0259si il\u0259 ba\u011fl\u0131 \u00e7a\u011f\u0131r\u0131\u015f\u0131n\u0131n QHT-l\u0259rin \u00fcz\u0259rin\u0259 qoydu\u011fu v\u0259zif\u0259l\u0259r haqq\u0131nda dan\u0131\u015f\u0131b. Azay Quliyev bildirib ki, bu g\u00fcn neqativ hallar\u0131n \u00f6nc\u0259d\u0259n qar\u015f\u0131s\u0131n\u0131n al\u0131nmas\u0131, m\u0259rk\u0259zi v\u0259 yerli icra hakimiyy\u0259ti orqanlar\u0131n\u0131n f\u0259aliyy\u0259tind\u0259 \u015f\u0259ffafl\u0131\u011f\u0131n v\u0259 hesabatl\u0131\u011f\u0131n tam&hellip;<\/p>\n","protected":false},"author":2,"featured_media":160570,"comment_status":"closed","ping_status":"closed","sticky":false,"template":"","format":"standard","meta":{"om_disable_all_campaigns":false,"_monsterinsights_skip_tracking":false,"_monsterinsights_sitenote_active":false,"_monsterinsights_sitenote_note":"","_monsterinsights_sitenote_category":0},"categories":[4],"tags":[],"aioseo_notices":[],"gutentor_comment":0,"rttpg_featured_image_url":{"full":["https:\/\/arantv.az\/wp-content\/uploads\/2020\/05\/838c737247bce10bca13665d2e598ae3.jpg",450,300,false],"landscape":["https:\/\/arantv.az\/wp-content\/uploads\/2020\/05\/838c737247bce10bca13665d2e598ae3.jpg",450,300,false],"portraits":["https:\/\/arantv.az\/wp-content\/uploads\/2020\/05\/838c737247bce10bca13665d2e598ae3.jpg",450,300,false],"thumbnail":["https:\/\/arantv.az\/wp-content\/uploads\/2020\/05\/838c737247bce10bca13665d2e598ae3-150x150.jpg",150,150,true],"medium":["https:\/\/arantv.az\/wp-content\/uploads\/2020\/05\/838c737247bce10bca13665d2e598ae3-300x200.jpg",300,200,true],"large":["https:\/\/arantv.az\/wp-content\/uploads\/2020\/05\/838c737247bce10bca13665d2e598ae3.jpg",450,300,false],"1536x1536":["https:\/\/arantv.az\/wp-content\/uploads\/2020\/05\/838c737247bce10bca13665d2e598ae3.jpg",450,300,false],"2048x2048":["https:\/\/arantv.az\/wp-content\/uploads\/2020\/05\/838c737247bce10bca13665d2e598ae3.jpg",450,300,false],"post-thumbnail":["https:\/\/arantv.az\/wp-content\/uploads\/2020\/05\/838c737247bce10bca13665d2e598ae3-240x172.jpg",240,172,true],"advps-thumb-one":["https:\/\/arantv.az\/wp-content\/uploads\/2020\/05\/838c737247bce10bca13665d2e598ae3.jpg",450,300,false]},"rttpg_author":{"display_name":"V\u00fcsal Rafiqo\u011flu","author_link":"https:\/\/arantv.az\/?author=2"},"rttpg_comment":0,"rttpg_category":"<a href=\"https:\/\/arantv.az\/?cat=4\" rel=\"category\">Siyas\u0259t<\/a>","rttpg_excerpt":"Bu g\u00fcn Az\u0259rbaycan Respublikas\u0131n\u0131n Prezidenti yan\u0131nda Qeyri-H\u00f6kum\u0259t T\u0259\u015fkilatlar\u0131na D\u00f6vl\u0259t D\u0259st\u0259yi \u015euras\u0131 \u201c\u0130slahatlara d\u0259st\u0259k v\u0259 ictimai n\u0259zar\u0259t mexanizml\u0259ri\u201d m\u00f6vzusunda konfrans ke\u00e7irib. Konfransda 300-d\u0259n \u00e7ox QHT s\u0259dri, h\u0259m\u00e7inin bir s\u0131ra media qurumlar\u0131n\u0131n n\u00fcmay\u0259nd\u0259si i\u015ftirak edib. \u015eura s\u0259dri, Milli M\u0259clisin deputat\u0131 Azay Quliyev a\u00e7\u0131l\u0131\u015f nitqind\u0259 prezident \u0130lham \u018fliyevin r\u0259hb\u0259rliyi il\u0259 \u00f6lk\u0259mizd\u0259 koronavirusa qar\u015f\u0131 apar\u0131lan \u00f6rn\u0259k m\u00fcbariz\u0259d\u0259n, h\u0259m\u00e7inin d\u00f6vl\u0259t&hellip;","_links":{"self":[{"href":"https:\/\/arantv.az\/index.php?rest_route=\/wp\/v2\/posts\/160567"}],"collection":[{"href":"https:\/\/arantv.az\/index.php?rest_route=\/wp\/v2\/posts"}],"about":[{"href":"https:\/\/arantv.az\/index.php?rest_route=\/wp\/v2\/types\/post"}],"author":[{"embeddable":true,"href":"https:\/\/arantv.az\/index.php?rest_route=\/wp\/v2\/users\/2"}],"replies":[{"embeddable":true,"href":"https:\/\/arantv.az\/index.php?rest_route=%2Fwp%2Fv2%2Fcomments&post=160567"}],"version-history":[{"count":0,"href":"https:\/\/arantv.az\/index.php?rest_route=\/wp\/v2\/posts\/160567\/revisions"}],"wp:featuredmedia":[{"embeddable":true,"href":"https:\/\/arantv.az\/index.php?rest_route=\/wp\/v2\/media\/160570"}],"wp:attachment":[{"href":"https:\/\/arantv.az\/index.php?rest_route=%2Fwp%2Fv2%2Fmedia&parent=160567"}],"wp:term":[{"taxonomy":"category","embeddable":true,"href":"https:\/\/arantv.az\/index.php?rest_route=%2Fwp%2Fv2%2Fcategories&post=160567"},{"taxonomy":"post_tag","embeddable":true,"href":"https:\/\/arantv.az\/index.php?rest_route=%2Fwp%2Fv2%2Ftags&post=160567"}],"curies":[{"name":"wp","href":"https:\/\/api.w.org\/{rel}","templated":true}]}}