{"id":160592,"date":"2020-05-06T22:54:01","date_gmt":"2020-05-06T19:54:01","guid":{"rendered":"http:\/\/arantv.az\/?p=160592"},"modified":"2020-05-06T22:54:01","modified_gmt":"2020-05-06T19:54:01","slug":"turkiy%c9%99d%c9%99-b%c9%99rb%c9%99rxana-v%c9%99-goz%c9%99llik-salonlari-yeni-t%c9%99l%c9%99bl%c9%99r-daxilind%c9%99-f%c9%99aliyy%c9%99t-gost%c9%99r%c9%99c%c9%99k","status":"publish","type":"post","link":"https:\/\/arantv.az\/?p=160592","title":{"rendered":"T\u00fcrkiy\u0259d\u0259 b\u0259rb\u0259rxana v\u0259 g\u00f6z\u0259llik salonlar\u0131 yeni t\u0259l\u0259bl\u0259r daxilind\u0259 f\u0259aliyy\u0259t g\u00f6st\u0259r\u0259c\u0259k"},"content":{"rendered":"<p>T\u00fcrkiy\u0259nin Daxili \u0130\u015fl\u0259r Nazirliyi may\u0131n 11-d\u0259n ki\u015fi v\u0259 qad\u0131n b\u0259rb\u0259rxanalar\u0131, g\u00f6z\u0259llik salonlar\u0131n\u0131n f\u0259aliyy\u0259t\u0259 ba\u015flamas\u0131 il\u0259 \u0259laq\u0259dar t\u0259dbirl\u0259r plan\u0131 a\u00e7\u0131qlay\u0131b.<\/p>\n<p>APA-n\u0131n yerli b\u00fcrosunun x\u0259b\u0259rin\u0259 g\u00f6r\u0259, nazirlikd\u0259n yay\u0131lan a\u00e7\u0131qlamada bildirilib ki, yeni n\u00f6v koronavirusla (COVID-19) m\u00fcbariz\u0259 t\u0259dbirl\u0259ri \u00e7\u0259r\u00e7iv\u0259sind\u0259 ba\u011flanan bu obyektl\u0259r 11 maydan yerli vaxtla saat 09:00-21:00-d\u0259k f\u0259aliyy\u0259t g\u00f6st\u0259r\u0259c\u0259k.<\/p>\n<p>T\u00fcrkiy\u0259nin 81 vilay\u0259tin\u0259 g\u00f6nd\u0259ril\u0259n s\u0259n\u0259dd\u0259 bildirilib ki, obyektl\u0259rin gigiyenik t\u0259l\u0259bl\u0259r\u0259 ciddi \u0259m\u0259l etm\u0259si, i\u015f prosesind\u0259n \u0259vv\u0259l v\u0259 sonra obyektl\u0259rin dezinfeksiya olunmas\u0131, i\u015f prosesind\u0259 b\u0259rb\u0259r v\u0259 dig\u0259r m\u00fct\u0259x\u0259ssisin, m\u00fc\u015ft\u0259rinin maskadan istifad\u0259 etm\u0259si vacib t\u0259l\u0259bdir. \u0130\u015f prosesind\u0259 m\u00fc\u015ft\u0259rinin maskas\u0131n\u0131 \u00e7\u0131xarmas\u0131na icaz\u0259 veril\u0259c\u0259k. M\u00fc\u015ft\u0259ril\u0259r \u00fc\u00e7\u00fcn b\u0259zi vasit\u0259l\u0259r ya bird\u0259f\u0259lik (\u00f6nl\u00fck, sa\u00e7 qurutmaq \u00fc\u00e7\u00fcn d\u0259smal v\u0259 s.) istifad\u0259 olunacaq, ya da m\u00fc\u015ft\u0259ri \u00f6z\u00fc il\u0259 g\u0259tir\u0259c\u0259k.<\/p>\n<p>Z\u0259ruri olmayan b\u0259zi prosedurlar (g\u00f6z\u0259llik salonlar\u0131nda d\u0259riy\u0259 qulluq, makiyaj v\u0259 s.) m\u00fcv\u0259qq\u0259ti olaraq t\u0259tbiq edilm\u0259y\u0259c\u0259k.<\/p>\n<p>M\u00fc\u015ft\u0259ril\u0259r yaln\u0131z \u00f6nc\u0259d\u0259n q\u0259bula yaz\u0131lmaqla, \u00f6nc\u0259d\u0259n m\u00fc\u0259yy\u0259nl\u0259\u015fdirilmi\u015f vaxtda bu obyektl\u0259r\u0259 m\u00fcraci\u0259t ed\u0259c\u0259k.<\/p>\n","protected":false},"excerpt":{"rendered":"<p>T\u00fcrkiy\u0259nin Daxili \u0130\u015fl\u0259r Nazirliyi may\u0131n 11-d\u0259n ki\u015fi v\u0259 qad\u0131n b\u0259rb\u0259rxanalar\u0131, g\u00f6z\u0259llik salonlar\u0131n\u0131n f\u0259aliyy\u0259t\u0259 ba\u015flamas\u0131 il\u0259 \u0259laq\u0259dar t\u0259dbirl\u0259r plan\u0131 a\u00e7\u0131qlay\u0131b. APA-n\u0131n yerli b\u00fcrosunun x\u0259b\u0259rin\u0259 g\u00f6r\u0259, nazirlikd\u0259n yay\u0131lan a\u00e7\u0131qlamada bildirilib ki, yeni n\u00f6v koronavirusla (COVID-19) m\u00fcbariz\u0259 t\u0259dbirl\u0259ri \u00e7\u0259r\u00e7iv\u0259sind\u0259 ba\u011flanan bu obyektl\u0259r 11 maydan yerli vaxtla saat 09:00-21:00-d\u0259k f\u0259aliyy\u0259t g\u00f6st\u0259r\u0259c\u0259k. T\u00fcrkiy\u0259nin 81 vilay\u0259tin\u0259 g\u00f6nd\u0259ril\u0259n s\u0259n\u0259dd\u0259 bildirilib ki, obyektl\u0259rin gigiyenik t\u0259l\u0259bl\u0259r\u0259 ciddi \u0259m\u0259l etm\u0259si, i\u015f prosesind\u0259n \u0259vv\u0259l v\u0259 sonra obyektl\u0259rin dezinfeksiya olunmas\u0131, i\u015f prosesind\u0259 b\u0259rb\u0259r v\u0259 dig\u0259r m\u00fct\u0259x\u0259ssisin, m\u00fc\u015ft\u0259rinin maskadan istifad\u0259 etm\u0259si vacib t\u0259l\u0259bdir. \u0130\u015f prosesind\u0259 m\u00fc\u015ft\u0259rinin maskas\u0131n\u0131 \u00e7\u0131xarmas\u0131na icaz\u0259 veril\u0259c\u0259k. M\u00fc\u015ft\u0259ril\u0259r \u00fc\u00e7\u00fcn b\u0259zi&hellip;<\/p>\n","protected":false},"author":2,"featured_media":160593,"comment_status":"closed","ping_status":"closed","sticky":false,"template":"","format":"standard","meta":{"om_disable_all_campaigns":false,"_monsterinsights_skip_tracking":false,"_monsterinsights_sitenote_active":false,"_monsterinsights_sitenote_note":"","_monsterinsights_sitenote_category":0},"categories":[7],"tags":[],"aioseo_notices":[],"gutentor_comment":0,"rttpg_featured_image_url":{"full":["https:\/\/arantv.az\/wp-content\/uploads\/2020\/05\/828a06b3f4e672e429ee98f9ac54f5eb.jpg",450,300,false],"landscape":["https:\/\/arantv.az\/wp-content\/uploads\/2020\/05\/828a06b3f4e672e429ee98f9ac54f5eb.jpg",450,300,false],"portraits":["https:\/\/arantv.az\/wp-content\/uploads\/2020\/05\/828a06b3f4e672e429ee98f9ac54f5eb.jpg",450,300,false],"thumbnail":["https:\/\/arantv.az\/wp-content\/uploads\/2020\/05\/828a06b3f4e672e429ee98f9ac54f5eb-150x150.jpg",150,150,true],"medium":["https:\/\/arantv.az\/wp-content\/uploads\/2020\/05\/828a06b3f4e672e429ee98f9ac54f5eb-300x200.jpg",300,200,true],"large":["https:\/\/arantv.az\/wp-content\/uploads\/2020\/05\/828a06b3f4e672e429ee98f9ac54f5eb.jpg",450,300,false],"1536x1536":["https:\/\/arantv.az\/wp-content\/uploads\/2020\/05\/828a06b3f4e672e429ee98f9ac54f5eb.jpg",450,300,false],"2048x2048":["https:\/\/arantv.az\/wp-content\/uploads\/2020\/05\/828a06b3f4e672e429ee98f9ac54f5eb.jpg",450,300,false],"post-thumbnail":["https:\/\/arantv.az\/wp-content\/uploads\/2020\/05\/828a06b3f4e672e429ee98f9ac54f5eb-240x172.jpg",240,172,true],"advps-thumb-one":["https:\/\/arantv.az\/wp-content\/uploads\/2020\/05\/828a06b3f4e672e429ee98f9ac54f5eb.jpg",450,300,false]},"rttpg_author":{"display_name":"V\u00fcsal Rafiqo\u011flu","author_link":"https:\/\/arantv.az\/?author=2"},"rttpg_comment":0,"rttpg_category":"<a href=\"https:\/\/arantv.az\/?cat=7\" rel=\"category\">D\u00fcnya<\/a>","rttpg_excerpt":"T\u00fcrkiy\u0259nin Daxili \u0130\u015fl\u0259r Nazirliyi may\u0131n 11-d\u0259n ki\u015fi v\u0259 qad\u0131n b\u0259rb\u0259rxanalar\u0131, g\u00f6z\u0259llik salonlar\u0131n\u0131n f\u0259aliyy\u0259t\u0259 ba\u015flamas\u0131 il\u0259 \u0259laq\u0259dar t\u0259dbirl\u0259r plan\u0131 a\u00e7\u0131qlay\u0131b. APA-n\u0131n yerli b\u00fcrosunun x\u0259b\u0259rin\u0259 g\u00f6r\u0259, nazirlikd\u0259n yay\u0131lan a\u00e7\u0131qlamada bildirilib ki, yeni n\u00f6v koronavirusla (COVID-19) m\u00fcbariz\u0259 t\u0259dbirl\u0259ri \u00e7\u0259r\u00e7iv\u0259sind\u0259 ba\u011flanan bu obyektl\u0259r 11 maydan yerli vaxtla saat 09:00-21:00-d\u0259k f\u0259aliyy\u0259t g\u00f6st\u0259r\u0259c\u0259k. T\u00fcrkiy\u0259nin 81 vilay\u0259tin\u0259 g\u00f6nd\u0259ril\u0259n s\u0259n\u0259dd\u0259 bildirilib ki, obyektl\u0259rin&hellip;","_links":{"self":[{"href":"https:\/\/arantv.az\/index.php?rest_route=\/wp\/v2\/posts\/160592"}],"collection":[{"href":"https:\/\/arantv.az\/index.php?rest_route=\/wp\/v2\/posts"}],"about":[{"href":"https:\/\/arantv.az\/index.php?rest_route=\/wp\/v2\/types\/post"}],"author":[{"embeddable":true,"href":"https:\/\/arantv.az\/index.php?rest_route=\/wp\/v2\/users\/2"}],"replies":[{"embeddable":true,"href":"https:\/\/arantv.az\/index.php?rest_route=%2Fwp%2Fv2%2Fcomments&post=160592"}],"version-history":[{"count":0,"href":"https:\/\/arantv.az\/index.php?rest_route=\/wp\/v2\/posts\/160592\/revisions"}],"wp:featuredmedia":[{"embeddable":true,"href":"https:\/\/arantv.az\/index.php?rest_route=\/wp\/v2\/media\/160593"}],"wp:attachment":[{"href":"https:\/\/arantv.az\/index.php?rest_route=%2Fwp%2Fv2%2Fmedia&parent=160592"}],"wp:term":[{"taxonomy":"category","embeddable":true,"href":"https:\/\/arantv.az\/index.php?rest_route=%2Fwp%2Fv2%2Fcategories&post=160592"},{"taxonomy":"post_tag","embeddable":true,"href":"https:\/\/arantv.az\/index.php?rest_route=%2Fwp%2Fv2%2Ftags&post=160592"}],"curies":[{"name":"wp","href":"https:\/\/api.w.org\/{rel}","templated":true}]}}