{"id":160600,"date":"2020-05-06T23:16:50","date_gmt":"2020-05-06T20:16:50","guid":{"rendered":"http:\/\/arantv.az\/?p=160600"},"modified":"2020-05-06T23:16:50","modified_gmt":"2020-05-06T20:16:50","slug":"ilham-%c9%99liyev-mir-dovl%c9%99tl%c9%99rarasi-teleradio-sirk%c9%99tin%c9%99-musahib%c9%99-verib-video","status":"publish","type":"post","link":"https:\/\/arantv.az\/?p=160600","title":{"rendered":"\u0130lham \u018fliyev \u201cMir\u201d D\u00f6vl\u0259tl\u0259raras\u0131 Teleradio \u015firk\u0259tin\u0259 m\u00fcsahib\u0259 verib &#8211; V\u0130DEO"},"content":{"rendered":"<p>Prezident \u0130lham \u018fliyev\u00a0\u201cMir\u201d D\u00f6vl\u0259tl\u0259raras\u0131 Teleradio \u015firk\u0259tin\u0259 m\u00fcsahib\u0259 verib.<\/p>\n<p>M\u00fcsahib\u0259d\u0259 \u0259sas\u0259n koronavirus pandemiyas\u0131 d\u00f6vr\u00fcnd\u0259 Az\u0259rbaycanda\u00a0h\u0259yata ke\u00e7iril\u0259n\u00a0profilaktik v\u0259 m\u00fcdafi\u0259 t\u0259dbirl\u0259rind\u0259n s\u00f6z a\u00e7\u0131l\u0131b.<\/p>\n<div id=\"AdviadNativeVideo0\" class=\"AdviadNativeVideo\"><\/div>\n<p>Prezident \u00f6lk\u0259mizd\u0259\u00a0COVID-19-a g\u00f6r\u0259 t\u0259tbiq edil\u0259n x\u00fcsusi karantin rejimind\u0259n, onun n\u0259tic\u0259l\u0259rind\u0259n dan\u0131\u015f\u0131b.<\/p>\n<p>H\u0259min m\u00fcsahib\u0259ni videoyaz\u0131 \u015f\u0259klind\u0259 t\u0259qdim edirik.<\/p>\n<div><iframe loading=\"lazy\" src=\"https:\/\/player.baku.tv\/embed\/18221\" width=\"560\" height=\"315\" frameborder=\"0\" allowfullscreen=\"allowfullscreen\" data-mce-fragment=\"1\"><\/iframe><\/div>\n<p>&nbsp;<\/p>\n","protected":false},"excerpt":{"rendered":"<p>Prezident \u0130lham \u018fliyev\u00a0\u201cMir\u201d D\u00f6vl\u0259tl\u0259raras\u0131 Teleradio \u015firk\u0259tin\u0259 m\u00fcsahib\u0259 verib. M\u00fcsahib\u0259d\u0259 \u0259sas\u0259n koronavirus pandemiyas\u0131 d\u00f6vr\u00fcnd\u0259 Az\u0259rbaycanda\u00a0h\u0259yata ke\u00e7iril\u0259n\u00a0profilaktik v\u0259 m\u00fcdafi\u0259 t\u0259dbirl\u0259rind\u0259n s\u00f6z a\u00e7\u0131l\u0131b. Prezident \u00f6lk\u0259mizd\u0259\u00a0COVID-19-a g\u00f6r\u0259 t\u0259tbiq edil\u0259n x\u00fcsusi karantin rejimind\u0259n, onun n\u0259tic\u0259l\u0259rind\u0259n dan\u0131\u015f\u0131b. H\u0259min m\u00fcsahib\u0259ni videoyaz\u0131 \u015f\u0259klind\u0259 t\u0259qdim edirik. &nbsp;<\/p>\n","protected":false},"author":2,"featured_media":160601,"comment_status":"closed","ping_status":"closed","sticky":false,"template":"","format":"standard","meta":{"om_disable_all_campaigns":false,"_monsterinsights_skip_tracking":false,"_monsterinsights_sitenote_active":false,"_monsterinsights_sitenote_note":"","_monsterinsights_sitenote_category":0},"categories":[1],"tags":[],"aioseo_notices":[],"gutentor_comment":0,"rttpg_featured_image_url":{"full":["https:\/\/arantv.az\/wp-content\/uploads\/2020\/05\/ilham.jpg",620,354,false],"landscape":["https:\/\/arantv.az\/wp-content\/uploads\/2020\/05\/ilham.jpg",620,354,false],"portraits":["https:\/\/arantv.az\/wp-content\/uploads\/2020\/05\/ilham.jpg",620,354,false],"thumbnail":["https:\/\/arantv.az\/wp-content\/uploads\/2020\/05\/ilham-150x150.jpg",150,150,true],"medium":["https:\/\/arantv.az\/wp-content\/uploads\/2020\/05\/ilham-300x171.jpg",300,171,true],"large":["https:\/\/arantv.az\/wp-content\/uploads\/2020\/05\/ilham.jpg",620,354,false],"1536x1536":["https:\/\/arantv.az\/wp-content\/uploads\/2020\/05\/ilham.jpg",620,354,false],"2048x2048":["https:\/\/arantv.az\/wp-content\/uploads\/2020\/05\/ilham.jpg",620,354,false],"post-thumbnail":["https:\/\/arantv.az\/wp-content\/uploads\/2020\/05\/ilham-240x172.jpg",240,172,true],"advps-thumb-one":["https:\/\/arantv.az\/wp-content\/uploads\/2020\/05\/ilham.jpg",620,354,false]},"rttpg_author":{"display_name":"V\u00fcsal Rafiqo\u011flu","author_link":"https:\/\/arantv.az\/?author=2"},"rttpg_comment":0,"rttpg_category":"<a href=\"https:\/\/arantv.az\/?cat=1\" rel=\"category\">C\u0259miyy\u0259t<\/a>","rttpg_excerpt":"Prezident \u0130lham \u018fliyev\u00a0\u201cMir\u201d D\u00f6vl\u0259tl\u0259raras\u0131 Teleradio \u015firk\u0259tin\u0259 m\u00fcsahib\u0259 verib. M\u00fcsahib\u0259d\u0259 \u0259sas\u0259n koronavirus pandemiyas\u0131 d\u00f6vr\u00fcnd\u0259 Az\u0259rbaycanda\u00a0h\u0259yata ke\u00e7iril\u0259n\u00a0profilaktik v\u0259 m\u00fcdafi\u0259 t\u0259dbirl\u0259rind\u0259n s\u00f6z a\u00e7\u0131l\u0131b. Prezident \u00f6lk\u0259mizd\u0259\u00a0COVID-19-a g\u00f6r\u0259 t\u0259tbiq edil\u0259n x\u00fcsusi karantin rejimind\u0259n, onun n\u0259tic\u0259l\u0259rind\u0259n dan\u0131\u015f\u0131b. H\u0259min m\u00fcsahib\u0259ni videoyaz\u0131 \u015f\u0259klind\u0259 t\u0259qdim edirik. &nbsp;","_links":{"self":[{"href":"https:\/\/arantv.az\/index.php?rest_route=\/wp\/v2\/posts\/160600"}],"collection":[{"href":"https:\/\/arantv.az\/index.php?rest_route=\/wp\/v2\/posts"}],"about":[{"href":"https:\/\/arantv.az\/index.php?rest_route=\/wp\/v2\/types\/post"}],"author":[{"embeddable":true,"href":"https:\/\/arantv.az\/index.php?rest_route=\/wp\/v2\/users\/2"}],"replies":[{"embeddable":true,"href":"https:\/\/arantv.az\/index.php?rest_route=%2Fwp%2Fv2%2Fcomments&post=160600"}],"version-history":[{"count":0,"href":"https:\/\/arantv.az\/index.php?rest_route=\/wp\/v2\/posts\/160600\/revisions"}],"wp:featuredmedia":[{"embeddable":true,"href":"https:\/\/arantv.az\/index.php?rest_route=\/wp\/v2\/media\/160601"}],"wp:attachment":[{"href":"https:\/\/arantv.az\/index.php?rest_route=%2Fwp%2Fv2%2Fmedia&parent=160600"}],"wp:term":[{"taxonomy":"category","embeddable":true,"href":"https:\/\/arantv.az\/index.php?rest_route=%2Fwp%2Fv2%2Fcategories&post=160600"},{"taxonomy":"post_tag","embeddable":true,"href":"https:\/\/arantv.az\/index.php?rest_route=%2Fwp%2Fv2%2Ftags&post=160600"}],"curies":[{"name":"wp","href":"https:\/\/api.w.org\/{rel}","templated":true}]}}