{"id":160604,"date":"2020-05-06T23:17:30","date_gmt":"2020-05-06T20:17:30","guid":{"rendered":"http:\/\/arantv.az\/?p=160604"},"modified":"2020-05-06T23:17:30","modified_gmt":"2020-05-06T20:17:30","slug":"qobu-sakinl%c9%99ri-b%c9%99l%c9%99diyy%c9%99-s%c9%99drinin-yardimlari-m%c9%99nims%c9%99diyini-iddia-edirl%c9%99r-video","status":"publish","type":"post","link":"https:\/\/arantv.az\/?p=160604","title":{"rendered":"Qobu sakinl\u0259ri B\u0259l\u0259diyy\u0259 s\u0259drinin yard\u0131mlar\u0131 m\u0259nims\u0259diyini iddia edirl\u0259r &#8211; V\u0130DEO"},"content":{"rendered":"<article class=\"news\">\n<div class=\"news-inner\">\n<p>Ab\u015feron rayon Qobu q\u0259s\u0259b\u0259sinin sakinl\u0259ri onlar \u00fc\u00e7\u00fcn ayr\u0131lan yard\u0131mlar\u0131n b\u0259l\u0259diyy\u0259 s\u0259dri t\u0259r\u0259find\u0259n m\u0259nims\u0259nildiyini iddia edirl\u0259r.<\/p>\n<p>Baku.Tv x\u0259b\u0259rin\u0259 g\u00f6r\u0259, sakinl\u0259r bildirirl\u0259r ki, onlar\u0131 siyah\u0131ya alsalar da, ayr\u0131lan \u0259rzaq pay\u0131 \u0259sl sahibl\u0259rin\u0259 \u00e7atm\u0131r.<\/p>\n<div id=\"AdviadNativeVideo0\" class=\"AdviadNativeVideo\"><\/div>\n<p>M\u0259s\u0259l\u0259 il\u0259 ba\u011fl\u0131 a\u00e7\u0131qlama ver\u0259n Qobu q\u0259s\u0259b\u0259si B\u0259l\u0259diyy\u0259sinin s\u0259dri Araz N\u0259c\u0259fov bu \u015fikay\u0259tl\u0259rin yalan oldu\u011funu bildirir. Onun s\u00f6zl\u0259rin\u0259 g\u00f6r\u0259, g\u0259l\u0259n yard\u0131mlar siyah\u0131 \u00fczr\u0259 sakinl\u0259r\u0259 paylan\u0131l\u0131r.<\/p>\n<p>Qeyd ed\u0259k ki, Az\u0259rbaycanda son g\u00fcnl\u0259r \u00e7oxlu sayda m\u0259mur m\u0259hz azt\u0259minatl\u0131 ail\u0259l\u0259r \u00fc\u00e7\u00fcn n\u0259z\u0259rd\u0259 tutulan \u0259rzaq yard\u0131m\u0131n\u0131 m\u0259nims\u0259m\u0259kd\u0259 t\u0259qsirli bilin\u0259r\u0259k, bar\u0259l\u0259rind\u0259 cinay\u0259t i\u015fi ba\u015flan\u0131l\u0131b.<\/p>\n<p>Ba\u015f Prokurorluq qanuna zidd hallarla \u00fczl\u0259\u015f\u0259n v\u0259t\u0259nda\u015flara m\u00fcraci\u0259t ed\u0259r\u0259k, 961 n\u00f6mr\u0259li \u201c\u00c7a\u011fr\u0131 M\u0259rk\u0259zi\u201dn\u0259 m\u0259lumat verm\u0259l\u0259rini xahi\u015f edir.<\/p>\n<div><iframe loading=\"lazy\" src=\"https:\/\/player.baku.tv\/embed\/18214\" width=\"560\" height=\"315\" frameborder=\"0\" allowfullscreen=\"allowfullscreen\" data-mce-fragment=\"1\"><\/iframe><\/div>\n<\/div>\n<\/article>\n<h2 class=\"news-share-title\"><\/h2>\n","protected":false},"excerpt":{"rendered":"<p>Ab\u015feron rayon Qobu q\u0259s\u0259b\u0259sinin sakinl\u0259ri onlar \u00fc\u00e7\u00fcn ayr\u0131lan yard\u0131mlar\u0131n b\u0259l\u0259diyy\u0259 s\u0259dri t\u0259r\u0259find\u0259n m\u0259nims\u0259nildiyini iddia edirl\u0259r. Baku.Tv x\u0259b\u0259rin\u0259 g\u00f6r\u0259, sakinl\u0259r bildirirl\u0259r ki, onlar\u0131 siyah\u0131ya alsalar da, ayr\u0131lan \u0259rzaq pay\u0131 \u0259sl sahibl\u0259rin\u0259 \u00e7atm\u0131r. M\u0259s\u0259l\u0259 il\u0259 ba\u011fl\u0131 a\u00e7\u0131qlama ver\u0259n Qobu q\u0259s\u0259b\u0259si B\u0259l\u0259diyy\u0259sinin s\u0259dri Araz N\u0259c\u0259fov bu \u015fikay\u0259tl\u0259rin yalan oldu\u011funu bildirir. Onun s\u00f6zl\u0259rin\u0259 g\u00f6r\u0259, g\u0259l\u0259n yard\u0131mlar siyah\u0131 \u00fczr\u0259 sakinl\u0259r\u0259 paylan\u0131l\u0131r. Qeyd ed\u0259k ki, Az\u0259rbaycanda son g\u00fcnl\u0259r \u00e7oxlu sayda m\u0259mur m\u0259hz azt\u0259minatl\u0131 ail\u0259l\u0259r \u00fc\u00e7\u00fcn n\u0259z\u0259rd\u0259 tutulan \u0259rzaq yard\u0131m\u0131n\u0131 m\u0259nims\u0259m\u0259kd\u0259 t\u0259qsirli bilin\u0259r\u0259k, bar\u0259l\u0259rind\u0259 cinay\u0259t i\u015fi ba\u015flan\u0131l\u0131b. Ba\u015f Prokurorluq qanuna zidd hallarla \u00fczl\u0259\u015f\u0259n v\u0259t\u0259nda\u015flara m\u00fcraci\u0259t ed\u0259r\u0259k, 961&hellip;<\/p>\n","protected":false},"author":2,"featured_media":160605,"comment_status":"closed","ping_status":"closed","sticky":false,"template":"","format":"standard","meta":{"om_disable_all_campaigns":false,"_monsterinsights_skip_tracking":false,"_monsterinsights_sitenote_active":false,"_monsterinsights_sitenote_note":"","_monsterinsights_sitenote_category":0},"categories":[5],"tags":[],"aioseo_notices":[],"gutentor_comment":0,"rttpg_featured_image_url":{"full":["https:\/\/arantv.az\/wp-content\/uploads\/2020\/05\/qobu.jpg",620,349,false],"landscape":["https:\/\/arantv.az\/wp-content\/uploads\/2020\/05\/qobu.jpg",620,349,false],"portraits":["https:\/\/arantv.az\/wp-content\/uploads\/2020\/05\/qobu.jpg",620,349,false],"thumbnail":["https:\/\/arantv.az\/wp-content\/uploads\/2020\/05\/qobu-150x150.jpg",150,150,true],"medium":["https:\/\/arantv.az\/wp-content\/uploads\/2020\/05\/qobu-300x169.jpg",300,169,true],"large":["https:\/\/arantv.az\/wp-content\/uploads\/2020\/05\/qobu.jpg",620,349,false],"1536x1536":["https:\/\/arantv.az\/wp-content\/uploads\/2020\/05\/qobu.jpg",620,349,false],"2048x2048":["https:\/\/arantv.az\/wp-content\/uploads\/2020\/05\/qobu.jpg",620,349,false],"post-thumbnail":["https:\/\/arantv.az\/wp-content\/uploads\/2020\/05\/qobu-240x172.jpg",240,172,true],"advps-thumb-one":["https:\/\/arantv.az\/wp-content\/uploads\/2020\/05\/qobu.jpg",620,349,false]},"rttpg_author":{"display_name":"V\u00fcsal Rafiqo\u011flu","author_link":"https:\/\/arantv.az\/?author=2"},"rttpg_comment":0,"rttpg_category":"<a href=\"https:\/\/arantv.az\/?cat=5\" rel=\"category\">Hadis\u0259<\/a>","rttpg_excerpt":"Ab\u015feron rayon Qobu q\u0259s\u0259b\u0259sinin sakinl\u0259ri onlar \u00fc\u00e7\u00fcn ayr\u0131lan yard\u0131mlar\u0131n b\u0259l\u0259diyy\u0259 s\u0259dri t\u0259r\u0259find\u0259n m\u0259nims\u0259nildiyini iddia edirl\u0259r. Baku.Tv x\u0259b\u0259rin\u0259 g\u00f6r\u0259, sakinl\u0259r bildirirl\u0259r ki, onlar\u0131 siyah\u0131ya alsalar da, ayr\u0131lan \u0259rzaq pay\u0131 \u0259sl sahibl\u0259rin\u0259 \u00e7atm\u0131r. M\u0259s\u0259l\u0259 il\u0259 ba\u011fl\u0131 a\u00e7\u0131qlama ver\u0259n Qobu q\u0259s\u0259b\u0259si B\u0259l\u0259diyy\u0259sinin s\u0259dri Araz N\u0259c\u0259fov bu \u015fikay\u0259tl\u0259rin yalan oldu\u011funu bildirir. Onun s\u00f6zl\u0259rin\u0259 g\u00f6r\u0259, g\u0259l\u0259n yard\u0131mlar siyah\u0131 \u00fczr\u0259 sakinl\u0259r\u0259&hellip;","_links":{"self":[{"href":"https:\/\/arantv.az\/index.php?rest_route=\/wp\/v2\/posts\/160604"}],"collection":[{"href":"https:\/\/arantv.az\/index.php?rest_route=\/wp\/v2\/posts"}],"about":[{"href":"https:\/\/arantv.az\/index.php?rest_route=\/wp\/v2\/types\/post"}],"author":[{"embeddable":true,"href":"https:\/\/arantv.az\/index.php?rest_route=\/wp\/v2\/users\/2"}],"replies":[{"embeddable":true,"href":"https:\/\/arantv.az\/index.php?rest_route=%2Fwp%2Fv2%2Fcomments&post=160604"}],"version-history":[{"count":0,"href":"https:\/\/arantv.az\/index.php?rest_route=\/wp\/v2\/posts\/160604\/revisions"}],"wp:featuredmedia":[{"embeddable":true,"href":"https:\/\/arantv.az\/index.php?rest_route=\/wp\/v2\/media\/160605"}],"wp:attachment":[{"href":"https:\/\/arantv.az\/index.php?rest_route=%2Fwp%2Fv2%2Fmedia&parent=160604"}],"wp:term":[{"taxonomy":"category","embeddable":true,"href":"https:\/\/arantv.az\/index.php?rest_route=%2Fwp%2Fv2%2Fcategories&post=160604"},{"taxonomy":"post_tag","embeddable":true,"href":"https:\/\/arantv.az\/index.php?rest_route=%2Fwp%2Fv2%2Ftags&post=160604"}],"curies":[{"name":"wp","href":"https:\/\/api.w.org\/{rel}","templated":true}]}}