{"id":160608,"date":"2020-05-06T23:19:10","date_gmt":"2020-05-06T20:19:10","guid":{"rendered":"http:\/\/arantv.az\/?p=160608"},"modified":"2020-05-06T23:19:10","modified_gmt":"2020-05-06T20:19:10","slug":"az%c9%99rbaycanda-valideynl%c9%99rini-itir%c9%99n-t%c9%99l%c9%99b%c9%99-qiza-qarsi-iyr%c9%99nc-h%c9%99r%c9%99k%c9%99t-video","status":"publish","type":"post","link":"https:\/\/arantv.az\/?p=160608","title":{"rendered":"Az\u0259rbaycanda valideynl\u0259rini itir\u0259n t\u0259l\u0259b\u0259 q\u0131za qar\u015f\u0131 \u0130YR\u018fNC H\u018fR\u018fK\u018fT &#8211; V\u0130DEO"},"content":{"rendered":"<p><strong>G\u00f6y\u00e7ay rayonunda f\u0259rdi ya\u015fay\u0131\u015f evi talan edilib.<\/strong><\/p>\n<p><b>ARANTV.AZ\u00a0<\/b>\u201cReport\u201da istinad\u0259n x\u0259b\u0259r verir ki, hadis\u0259 Hacal\u0131k\u0259nd k\u0259ndind\u0259 qeyd\u0259 al\u0131n\u0131b.<\/p>\n<p>Bel\u0259 ki, h\u0259min k\u0259ndin sakini, Az\u0259rbaycan D\u00f6vl\u0259t Pedaqoji Universitetinin (ADPU) ikinci kurs t\u0259l\u0259b\u0259si S\u00fcs\u0259n Vaqif q\u0131z\u0131 H\u00fcmb\u0259tova h\u0259r iki valideynini itirib v\u0259 day\u0131s\u0131n\u0131n q\u0259yyumlu\u011fu il\u0259 b\u00f6y\u00fcy\u00fcb.<\/p>\n<p>Evd\u0259 ya\u015fay\u0131\u015f olmad\u0131\u011f\u0131ndan sui-istifad\u0259 ed\u0259n o\u011frular evin qap\u0131-p\u0259nc\u0259r\u0259l\u0259rini, d\u00f6\u015f\u0259m\u0259sini, pill\u0259k\u0259nini, h\u0259y\u0259td\u0259ki \u00e7arda\u011f\u0131n \u015fiferini s\u00f6k\u0259r\u0259k apar\u0131blar. H\u0259tta evd\u0259ki divan, soyuducu v\u0259 televizor da o\u011furlan\u0131b.<\/p>\n<p>Eyni zamanda h\u0259y\u0259tyan\u0131 sah\u0259nin hasar\u0131 u\u00e7uruldu\u011fundan k\u0259nd sakinl\u0259rinin mal-qaras\u0131 meyv\u0259 ba\u011f\u0131n\u0131 da m\u0259hv edibl\u0259r.<\/p>\n<p>S.H\u00fcmb\u0259tova Bak\u0131da t\u0259l\u0259b\u0259 yataqxanas\u0131nda qald\u0131\u011f\u0131n\u0131, d\u0259rs olmad\u0131\u011f\u0131ndan G\u00f6y\u00e7aya qay\u0131td\u0131\u011f\u0131n\u0131, lakin da\u011f\u0131d\u0131lm\u0131\u015f evind\u0259 ya\u015famaq \u00fc\u00e7\u00fcn he\u00e7 bir \u015f\u0259raitin olmad\u0131\u011f\u0131n\u0131 bildirib. O, hadis\u0259 il\u0259 ba\u011fl\u0131 Daxili \u0130\u015fl\u0259r Nazirliyinin &#8220;102 Xidm\u0259ti-Z\u0259ng M\u0259rk\u0259zi&#8221;n\u0259 v\u0259 G\u00f6y\u00e7ay Rayon \u0130cra Hakimiyy\u0259tin\u0259 m\u00fcraci\u0259t edib.<\/p>\n<p>S.H\u00fcmb\u0259tova evini talan ed\u0259n \u015f\u0259xsl\u0259rin c\u0259zaland\u0131r\u0131lmas\u0131n\u0131 v\u0259 ya\u015famaq \u00fc\u00e7\u00fcn \u015f\u0259rait yarad\u0131lmas\u0131n\u0131 ist\u0259yir.<\/p>\n<p><iframe loading=\"lazy\" src=\"https:\/\/www.youtube.com\/embed\/E973Qbar3zA\" width=\"100%\" height=\"450\" frameborder=\"0\" allowfullscreen=\"allowfullscreen\" data-mce-fragment=\"1\"><\/iframe><\/p>\n<p>&nbsp;<\/p>\n<div class=\"inpage\">\n<div class=\"inpage-wrap\">\n<div class=\"inpage-top\">\n<div class=\"adsg-logo\"><\/div>\n<\/div>\n<\/div>\n<\/div>\n<p>&nbsp;<\/p>\n","protected":false},"excerpt":{"rendered":"<p>G\u00f6y\u00e7ay rayonunda f\u0259rdi ya\u015fay\u0131\u015f evi talan edilib. ARANTV.AZ\u00a0\u201cReport\u201da istinad\u0259n x\u0259b\u0259r verir ki, hadis\u0259 Hacal\u0131k\u0259nd k\u0259ndind\u0259 qeyd\u0259 al\u0131n\u0131b. Bel\u0259 ki, h\u0259min k\u0259ndin sakini, Az\u0259rbaycan D\u00f6vl\u0259t Pedaqoji Universitetinin (ADPU) ikinci kurs t\u0259l\u0259b\u0259si S\u00fcs\u0259n Vaqif q\u0131z\u0131 H\u00fcmb\u0259tova h\u0259r iki valideynini itirib v\u0259 day\u0131s\u0131n\u0131n q\u0259yyumlu\u011fu il\u0259 b\u00f6y\u00fcy\u00fcb. Evd\u0259 ya\u015fay\u0131\u015f olmad\u0131\u011f\u0131ndan sui-istifad\u0259 ed\u0259n o\u011frular evin qap\u0131-p\u0259nc\u0259r\u0259l\u0259rini, d\u00f6\u015f\u0259m\u0259sini, pill\u0259k\u0259nini, h\u0259y\u0259td\u0259ki \u00e7arda\u011f\u0131n \u015fiferini s\u00f6k\u0259r\u0259k apar\u0131blar. H\u0259tta evd\u0259ki divan, soyuducu v\u0259 televizor da o\u011furlan\u0131b. Eyni zamanda h\u0259y\u0259tyan\u0131 sah\u0259nin hasar\u0131 u\u00e7uruldu\u011fundan k\u0259nd sakinl\u0259rinin mal-qaras\u0131 meyv\u0259 ba\u011f\u0131n\u0131 da m\u0259hv edibl\u0259r. S.H\u00fcmb\u0259tova Bak\u0131da t\u0259l\u0259b\u0259 yataqxanas\u0131nda qald\u0131\u011f\u0131n\u0131, d\u0259rs olmad\u0131\u011f\u0131ndan G\u00f6y\u00e7aya qay\u0131td\u0131\u011f\u0131n\u0131, lakin&hellip;<\/p>\n","protected":false},"author":2,"featured_media":160609,"comment_status":"closed","ping_status":"closed","sticky":false,"template":"","format":"standard","meta":{"om_disable_all_campaigns":false,"_monsterinsights_skip_tracking":false,"_monsterinsights_sitenote_active":false,"_monsterinsights_sitenote_note":"","_monsterinsights_sitenote_category":0},"categories":[3],"tags":[],"aioseo_notices":[],"gutentor_comment":0,"rttpg_featured_image_url":{"full":["https:\/\/arantv.az\/wp-content\/uploads\/2020\/05\/oqru.jpg",800,450,false],"landscape":["https:\/\/arantv.az\/wp-content\/uploads\/2020\/05\/oqru.jpg",800,450,false],"portraits":["https:\/\/arantv.az\/wp-content\/uploads\/2020\/05\/oqru.jpg",800,450,false],"thumbnail":["https:\/\/arantv.az\/wp-content\/uploads\/2020\/05\/oqru-150x150.jpg",150,150,true],"medium":["https:\/\/arantv.az\/wp-content\/uploads\/2020\/05\/oqru-300x169.jpg",300,169,true],"large":["https:\/\/arantv.az\/wp-content\/uploads\/2020\/05\/oqru.jpg",640,360,false],"1536x1536":["https:\/\/arantv.az\/wp-content\/uploads\/2020\/05\/oqru.jpg",800,450,false],"2048x2048":["https:\/\/arantv.az\/wp-content\/uploads\/2020\/05\/oqru.jpg",800,450,false],"post-thumbnail":["https:\/\/arantv.az\/wp-content\/uploads\/2020\/05\/oqru-240x172.jpg",240,172,true],"advps-thumb-one":["https:\/\/arantv.az\/wp-content\/uploads\/2020\/05\/oqru.jpg",800,450,false]},"rttpg_author":{"display_name":"V\u00fcsal Rafiqo\u011flu","author_link":"https:\/\/arantv.az\/?author=2"},"rttpg_comment":0,"rttpg_category":"<a href=\"https:\/\/arantv.az\/?cat=3\" rel=\"category\">Kriminal<\/a>","rttpg_excerpt":"G\u00f6y\u00e7ay rayonunda f\u0259rdi ya\u015fay\u0131\u015f evi talan edilib. ARANTV.AZ\u00a0\u201cReport\u201da istinad\u0259n x\u0259b\u0259r verir ki, hadis\u0259 Hacal\u0131k\u0259nd k\u0259ndind\u0259 qeyd\u0259 al\u0131n\u0131b. Bel\u0259 ki, h\u0259min k\u0259ndin sakini, Az\u0259rbaycan D\u00f6vl\u0259t Pedaqoji Universitetinin (ADPU) ikinci kurs t\u0259l\u0259b\u0259si S\u00fcs\u0259n Vaqif q\u0131z\u0131 H\u00fcmb\u0259tova h\u0259r iki valideynini itirib v\u0259 day\u0131s\u0131n\u0131n q\u0259yyumlu\u011fu il\u0259 b\u00f6y\u00fcy\u00fcb. Evd\u0259 ya\u015fay\u0131\u015f olmad\u0131\u011f\u0131ndan sui-istifad\u0259 ed\u0259n o\u011frular evin qap\u0131-p\u0259nc\u0259r\u0259l\u0259rini, d\u00f6\u015f\u0259m\u0259sini, pill\u0259k\u0259nini, h\u0259y\u0259td\u0259ki \u00e7arda\u011f\u0131n&hellip;","_links":{"self":[{"href":"https:\/\/arantv.az\/index.php?rest_route=\/wp\/v2\/posts\/160608"}],"collection":[{"href":"https:\/\/arantv.az\/index.php?rest_route=\/wp\/v2\/posts"}],"about":[{"href":"https:\/\/arantv.az\/index.php?rest_route=\/wp\/v2\/types\/post"}],"author":[{"embeddable":true,"href":"https:\/\/arantv.az\/index.php?rest_route=\/wp\/v2\/users\/2"}],"replies":[{"embeddable":true,"href":"https:\/\/arantv.az\/index.php?rest_route=%2Fwp%2Fv2%2Fcomments&post=160608"}],"version-history":[{"count":0,"href":"https:\/\/arantv.az\/index.php?rest_route=\/wp\/v2\/posts\/160608\/revisions"}],"wp:featuredmedia":[{"embeddable":true,"href":"https:\/\/arantv.az\/index.php?rest_route=\/wp\/v2\/media\/160609"}],"wp:attachment":[{"href":"https:\/\/arantv.az\/index.php?rest_route=%2Fwp%2Fv2%2Fmedia&parent=160608"}],"wp:term":[{"taxonomy":"category","embeddable":true,"href":"https:\/\/arantv.az\/index.php?rest_route=%2Fwp%2Fv2%2Fcategories&post=160608"},{"taxonomy":"post_tag","embeddable":true,"href":"https:\/\/arantv.az\/index.php?rest_route=%2Fwp%2Fv2%2Ftags&post=160608"}],"curies":[{"name":"wp","href":"https:\/\/api.w.org\/{rel}","templated":true}]}}