{"id":160616,"date":"2020-05-06T23:21:29","date_gmt":"2020-05-06T20:21:29","guid":{"rendered":"http:\/\/arantv.az\/?p=160616"},"modified":"2020-05-06T23:21:29","modified_gmt":"2020-05-06T20:21:29","slug":"ramazan-ayinin-13-cu-gunu-imsak-iftar-vaxti-v%c9%99-dua","status":"publish","type":"post","link":"https:\/\/arantv.az\/?p=160616","title":{"rendered":"Ramazan ay\u0131n\u0131n 13-c\u00fc g\u00fcn\u00fc: imsak, iftar vaxt\u0131 v\u0259 dua"},"content":{"rendered":"<p><strong>Bu g\u00fcn m\u00fcbar\u0259k Ramazan ay\u0131n\u0131n 13-c\u00fc g\u00fcn\u00fcd\u00fcr. Qafqaz M\u00fcs\u0259lmanlar\u0131 \u0130dar\u0259sinin t\u0259qvimin\u0259 g\u00f6r\u0259, may\u0131n 7-d\u0259 imsak vaxt\u0131 saat 03:50-d\u0259k, iftar vaxt\u0131 is\u0259 19:57-d\u0259dir.<\/strong><\/p>\n<p><strong>G\u00fcn\u00fcn duas\u0131:<\/strong>\u00a0\u201c\u0130lahi, m\u0259ni bu g\u00fcn \u00e7irkin \u0259m\u0259l v\u0259 pis i\u015fl\u0259rd\u0259n pak et! Bel\u0259 bir g\u00fcnd\u0259 qar\u015f\u0131m\u0131za \u00e7\u0131xan h\u0259r bir asan v\u0259 ya \u00e7\u0259tin i\u015f\u0259 qar\u015f\u0131 s\u0259bir v\u0259 d\u00f6z\u00fcm ver! M\u0259ni t\u0259qval\u0131 v\u0259 yax\u015f\u0131 insanlarla yolda\u015fl\u0131q etm\u0259y\u0259 m\u00fcv\u0259ff\u0259q et! Ey, yoxsullar\u0131n G\u00f6z\u00fcn\u00fcn \u0130\u015f\u0131\u011f\u0131\u201d.<\/p>\n<p><strong>\u0130ftar duas\u0131:<\/strong>\u00a0\u201cAllah\u0131m, S\u0259nin rizan \u00fc\u00e7\u00fcn oruc tutdum, S\u0259n\u0259 inand\u0131m, S\u0259n\u0259 g\u00fcv\u0259ndim. S\u0259nin ruzinl\u0259 iftar a\u00e7\u0131r v\u0259 S\u0259n\u0259 t\u0259v\u0259kk\u00fcl edir\u0259m. Ey ba\u011f\u0131\u015flayan Allah, orucumu q\u0259bul et, g\u00fcnahlar\u0131m\u0131 ba\u011f\u0131\u015fla\u201d.<\/p>\n<p>Allah orucunuzu q\u0259bul etsin.<\/p>\n","protected":false},"excerpt":{"rendered":"<p>Bu g\u00fcn m\u00fcbar\u0259k Ramazan ay\u0131n\u0131n 13-c\u00fc g\u00fcn\u00fcd\u00fcr. Qafqaz M\u00fcs\u0259lmanlar\u0131 \u0130dar\u0259sinin t\u0259qvimin\u0259 g\u00f6r\u0259, may\u0131n 7-d\u0259 imsak vaxt\u0131 saat 03:50-d\u0259k, iftar vaxt\u0131 is\u0259 19:57-d\u0259dir. G\u00fcn\u00fcn duas\u0131:\u00a0\u201c\u0130lahi, m\u0259ni bu g\u00fcn \u00e7irkin \u0259m\u0259l v\u0259 pis i\u015fl\u0259rd\u0259n pak et! Bel\u0259 bir g\u00fcnd\u0259 qar\u015f\u0131m\u0131za \u00e7\u0131xan h\u0259r bir asan v\u0259 ya \u00e7\u0259tin i\u015f\u0259 qar\u015f\u0131 s\u0259bir v\u0259 d\u00f6z\u00fcm ver! M\u0259ni t\u0259qval\u0131 v\u0259 yax\u015f\u0131 insanlarla yolda\u015fl\u0131q etm\u0259y\u0259 m\u00fcv\u0259ff\u0259q et! Ey, yoxsullar\u0131n G\u00f6z\u00fcn\u00fcn \u0130\u015f\u0131\u011f\u0131\u201d. \u0130ftar duas\u0131:\u00a0\u201cAllah\u0131m, S\u0259nin rizan \u00fc\u00e7\u00fcn oruc tutdum, S\u0259n\u0259 inand\u0131m, S\u0259n\u0259 g\u00fcv\u0259ndim. S\u0259nin ruzinl\u0259 iftar a\u00e7\u0131r v\u0259 S\u0259n\u0259 t\u0259v\u0259kk\u00fcl edir\u0259m. Ey ba\u011f\u0131\u015flayan Allah, orucumu q\u0259bul et, g\u00fcnahlar\u0131m\u0131&hellip;<\/p>\n","protected":false},"author":2,"featured_media":160617,"comment_status":"closed","ping_status":"closed","sticky":false,"template":"","format":"standard","meta":{"om_disable_all_campaigns":false,"_monsterinsights_skip_tracking":false,"_monsterinsights_sitenote_active":false,"_monsterinsights_sitenote_note":"","_monsterinsights_sitenote_category":0},"categories":[19],"tags":[],"aioseo_notices":[],"gutentor_comment":0,"rttpg_featured_image_url":{"full":["https:\/\/arantv.az\/wp-content\/uploads\/2020\/05\/4d1f7f5e89a87ea241de5321c1c6bf76.jpg",450,300,false],"landscape":["https:\/\/arantv.az\/wp-content\/uploads\/2020\/05\/4d1f7f5e89a87ea241de5321c1c6bf76.jpg",450,300,false],"portraits":["https:\/\/arantv.az\/wp-content\/uploads\/2020\/05\/4d1f7f5e89a87ea241de5321c1c6bf76.jpg",450,300,false],"thumbnail":["https:\/\/arantv.az\/wp-content\/uploads\/2020\/05\/4d1f7f5e89a87ea241de5321c1c6bf76-150x150.jpg",150,150,true],"medium":["https:\/\/arantv.az\/wp-content\/uploads\/2020\/05\/4d1f7f5e89a87ea241de5321c1c6bf76-300x200.jpg",300,200,true],"large":["https:\/\/arantv.az\/wp-content\/uploads\/2020\/05\/4d1f7f5e89a87ea241de5321c1c6bf76.jpg",450,300,false],"1536x1536":["https:\/\/arantv.az\/wp-content\/uploads\/2020\/05\/4d1f7f5e89a87ea241de5321c1c6bf76.jpg",450,300,false],"2048x2048":["https:\/\/arantv.az\/wp-content\/uploads\/2020\/05\/4d1f7f5e89a87ea241de5321c1c6bf76.jpg",450,300,false],"post-thumbnail":["https:\/\/arantv.az\/wp-content\/uploads\/2020\/05\/4d1f7f5e89a87ea241de5321c1c6bf76-240x172.jpg",240,172,true],"advps-thumb-one":["https:\/\/arantv.az\/wp-content\/uploads\/2020\/05\/4d1f7f5e89a87ea241de5321c1c6bf76.jpg",450,300,false]},"rttpg_author":{"display_name":"V\u00fcsal Rafiqo\u011flu","author_link":"https:\/\/arantv.az\/?author=2"},"rttpg_comment":0,"rttpg_category":"<a href=\"https:\/\/arantv.az\/?cat=19\" rel=\"category\">G\u00fcnd\u0259m<\/a>","rttpg_excerpt":"Bu g\u00fcn m\u00fcbar\u0259k Ramazan ay\u0131n\u0131n 13-c\u00fc g\u00fcn\u00fcd\u00fcr. Qafqaz M\u00fcs\u0259lmanlar\u0131 \u0130dar\u0259sinin t\u0259qvimin\u0259 g\u00f6r\u0259, may\u0131n 7-d\u0259 imsak vaxt\u0131 saat 03:50-d\u0259k, iftar vaxt\u0131 is\u0259 19:57-d\u0259dir. G\u00fcn\u00fcn duas\u0131:\u00a0\u201c\u0130lahi, m\u0259ni bu g\u00fcn \u00e7irkin \u0259m\u0259l v\u0259 pis i\u015fl\u0259rd\u0259n pak et! Bel\u0259 bir g\u00fcnd\u0259 qar\u015f\u0131m\u0131za \u00e7\u0131xan h\u0259r bir asan v\u0259 ya \u00e7\u0259tin i\u015f\u0259 qar\u015f\u0131 s\u0259bir v\u0259 d\u00f6z\u00fcm ver! M\u0259ni t\u0259qval\u0131 v\u0259 yax\u015f\u0131&hellip;","_links":{"self":[{"href":"https:\/\/arantv.az\/index.php?rest_route=\/wp\/v2\/posts\/160616"}],"collection":[{"href":"https:\/\/arantv.az\/index.php?rest_route=\/wp\/v2\/posts"}],"about":[{"href":"https:\/\/arantv.az\/index.php?rest_route=\/wp\/v2\/types\/post"}],"author":[{"embeddable":true,"href":"https:\/\/arantv.az\/index.php?rest_route=\/wp\/v2\/users\/2"}],"replies":[{"embeddable":true,"href":"https:\/\/arantv.az\/index.php?rest_route=%2Fwp%2Fv2%2Fcomments&post=160616"}],"version-history":[{"count":0,"href":"https:\/\/arantv.az\/index.php?rest_route=\/wp\/v2\/posts\/160616\/revisions"}],"wp:featuredmedia":[{"embeddable":true,"href":"https:\/\/arantv.az\/index.php?rest_route=\/wp\/v2\/media\/160617"}],"wp:attachment":[{"href":"https:\/\/arantv.az\/index.php?rest_route=%2Fwp%2Fv2%2Fmedia&parent=160616"}],"wp:term":[{"taxonomy":"category","embeddable":true,"href":"https:\/\/arantv.az\/index.php?rest_route=%2Fwp%2Fv2%2Fcategories&post=160616"},{"taxonomy":"post_tag","embeddable":true,"href":"https:\/\/arantv.az\/index.php?rest_route=%2Fwp%2Fv2%2Ftags&post=160616"}],"curies":[{"name":"wp","href":"https:\/\/api.w.org\/{rel}","templated":true}]}}