{"id":160624,"date":"2020-05-06T23:25:18","date_gmt":"2020-05-06T20:25:18","guid":{"rendered":"http:\/\/arantv.az\/?p=160624"},"modified":"2020-05-06T23:25:18","modified_gmt":"2020-05-06T20:25:18","slug":"l%c9%99nk%c9%99ran-v%c9%99-g%c9%99nc%c9%99d%c9%99-kutl%c9%99vi-yoluxmanin-s%c9%99b%c9%99bi-bu-imis-aciqlama","status":"publish","type":"post","link":"https:\/\/arantv.az\/?p=160624","title":{"rendered":"L\u0259nk\u0259ran v\u0259 G\u0259nc\u0259d\u0259 k\u00fctl\u0259vi yoluxman\u0131n s\u0259b\u0259bi BU imi\u015f \u2014 A\u00c7IQLAMA"},"content":{"rendered":"<div class=\"spot\">\u201cC\u0259nub zonas\u0131nda yoluxman\u0131n \u0259sas s\u0259b\u0259bi orada ya\u015fayan v\u0259t\u0259nda\u015flar\u0131m\u0131z\u0131n \u0130rana intensiv s\u0259f\u0259rl\u0259ri il\u0259 ba\u011fl\u0131dr v\u0259 s\u0131x \u00fcnsiyy\u0259ti idi\u201d.<\/div>\n<p><strong>ARANTV.AZ<\/strong> medicina.az-a istinad\u0259n x\u0259b\u0259r verir ki, Nazirl\u0259r Kabineti yan\u0131nda operativ q\u0259rargah\u0131n ke\u00e7irdiyi m\u0259tbuat konfrans\u0131nda \u0130cbari Tibbi S\u0131\u011forta \u00fczr\u0259 D\u00f6vl\u0259t Agentliyinin \u0130dar\u0259 Hey\u0259tinin s\u0259dri Zaur \u018fliyev bildirib.<\/p>\n<p>Onun s\u00f6zl\u0259rin\u0259 g\u00f6r\u0259, s\u0259rh\u0259dl\u0259r ba\u011fland\u0131qdan sonra daxild\u0259 yoluxma art\u0131b:<\/p>\n<p>\u201cG\u0259nc\u0259y\u0259 d\u0259 ba\u015fqa yerl\u0259rd\u0259n, xarici \u00f6lk\u0259l\u0259rd\u0259n giri\u015f-\u00e7\u0131x\u0131\u015f kifay\u0259t q\u0259d\u0259r \u00e7oxdur. G\u0259nc\u0259y\u0259 ilk yoluxma idxalla g\u0259lib v\u0259 daha sonra daxild\u0259 yoluxma ba\u015flay\u0131b\u201d.<\/p>\n","protected":false},"excerpt":{"rendered":"<p>\u201cC\u0259nub zonas\u0131nda yoluxman\u0131n \u0259sas s\u0259b\u0259bi orada ya\u015fayan v\u0259t\u0259nda\u015flar\u0131m\u0131z\u0131n \u0130rana intensiv s\u0259f\u0259rl\u0259ri il\u0259 ba\u011fl\u0131dr v\u0259 s\u0131x \u00fcnsiyy\u0259ti idi\u201d. ARANTV.AZ medicina.az-a istinad\u0259n x\u0259b\u0259r verir ki, Nazirl\u0259r Kabineti yan\u0131nda operativ q\u0259rargah\u0131n ke\u00e7irdiyi m\u0259tbuat konfrans\u0131nda \u0130cbari Tibbi S\u0131\u011forta \u00fczr\u0259 D\u00f6vl\u0259t Agentliyinin \u0130dar\u0259 Hey\u0259tinin s\u0259dri Zaur \u018fliyev bildirib. Onun s\u00f6zl\u0259rin\u0259 g\u00f6r\u0259, s\u0259rh\u0259dl\u0259r ba\u011fland\u0131qdan sonra daxild\u0259 yoluxma art\u0131b: \u201cG\u0259nc\u0259y\u0259 d\u0259 ba\u015fqa yerl\u0259rd\u0259n, xarici \u00f6lk\u0259l\u0259rd\u0259n giri\u015f-\u00e7\u0131x\u0131\u015f kifay\u0259t q\u0259d\u0259r \u00e7oxdur. G\u0259nc\u0259y\u0259 ilk yoluxma idxalla g\u0259lib v\u0259 daha sonra daxild\u0259 yoluxma ba\u015flay\u0131b\u201d.<\/p>\n","protected":false},"author":2,"featured_media":160625,"comment_status":"closed","ping_status":"closed","sticky":false,"template":"","format":"standard","meta":{"om_disable_all_campaigns":false,"_monsterinsights_skip_tracking":false,"_monsterinsights_sitenote_active":false,"_monsterinsights_sitenote_note":"","_monsterinsights_sitenote_category":0},"categories":[5],"tags":[],"aioseo_notices":[],"gutentor_comment":0,"rttpg_featured_image_url":{"full":["https:\/\/arantv.az\/wp-content\/uploads\/2020\/05\/1582545626072_jlZql1p6.jpg",667,500,false],"landscape":["https:\/\/arantv.az\/wp-content\/uploads\/2020\/05\/1582545626072_jlZql1p6.jpg",667,500,false],"portraits":["https:\/\/arantv.az\/wp-content\/uploads\/2020\/05\/1582545626072_jlZql1p6.jpg",667,500,false],"thumbnail":["https:\/\/arantv.az\/wp-content\/uploads\/2020\/05\/1582545626072_jlZql1p6-150x150.jpg",150,150,true],"medium":["https:\/\/arantv.az\/wp-content\/uploads\/2020\/05\/1582545626072_jlZql1p6-300x225.jpg",300,225,true],"large":["https:\/\/arantv.az\/wp-content\/uploads\/2020\/05\/1582545626072_jlZql1p6.jpg",640,480,false],"1536x1536":["https:\/\/arantv.az\/wp-content\/uploads\/2020\/05\/1582545626072_jlZql1p6.jpg",667,500,false],"2048x2048":["https:\/\/arantv.az\/wp-content\/uploads\/2020\/05\/1582545626072_jlZql1p6.jpg",667,500,false],"post-thumbnail":["https:\/\/arantv.az\/wp-content\/uploads\/2020\/05\/1582545626072_jlZql1p6-240x172.jpg",240,172,true],"advps-thumb-one":["https:\/\/arantv.az\/wp-content\/uploads\/2020\/05\/1582545626072_jlZql1p6.jpg",667,500,false]},"rttpg_author":{"display_name":"V\u00fcsal Rafiqo\u011flu","author_link":"https:\/\/arantv.az\/?author=2"},"rttpg_comment":0,"rttpg_category":"<a href=\"https:\/\/arantv.az\/?cat=5\" rel=\"category\">Hadis\u0259<\/a>","rttpg_excerpt":"\u201cC\u0259nub zonas\u0131nda yoluxman\u0131n \u0259sas s\u0259b\u0259bi orada ya\u015fayan v\u0259t\u0259nda\u015flar\u0131m\u0131z\u0131n \u0130rana intensiv s\u0259f\u0259rl\u0259ri il\u0259 ba\u011fl\u0131dr v\u0259 s\u0131x \u00fcnsiyy\u0259ti idi\u201d. ARANTV.AZ medicina.az-a istinad\u0259n x\u0259b\u0259r verir ki, Nazirl\u0259r Kabineti yan\u0131nda operativ q\u0259rargah\u0131n ke\u00e7irdiyi m\u0259tbuat konfrans\u0131nda \u0130cbari Tibbi S\u0131\u011forta \u00fczr\u0259 D\u00f6vl\u0259t Agentliyinin \u0130dar\u0259 Hey\u0259tinin s\u0259dri Zaur \u018fliyev bildirib. Onun s\u00f6zl\u0259rin\u0259 g\u00f6r\u0259, s\u0259rh\u0259dl\u0259r ba\u011fland\u0131qdan sonra daxild\u0259 yoluxma art\u0131b: \u201cG\u0259nc\u0259y\u0259 d\u0259 ba\u015fqa&hellip;","_links":{"self":[{"href":"https:\/\/arantv.az\/index.php?rest_route=\/wp\/v2\/posts\/160624"}],"collection":[{"href":"https:\/\/arantv.az\/index.php?rest_route=\/wp\/v2\/posts"}],"about":[{"href":"https:\/\/arantv.az\/index.php?rest_route=\/wp\/v2\/types\/post"}],"author":[{"embeddable":true,"href":"https:\/\/arantv.az\/index.php?rest_route=\/wp\/v2\/users\/2"}],"replies":[{"embeddable":true,"href":"https:\/\/arantv.az\/index.php?rest_route=%2Fwp%2Fv2%2Fcomments&post=160624"}],"version-history":[{"count":0,"href":"https:\/\/arantv.az\/index.php?rest_route=\/wp\/v2\/posts\/160624\/revisions"}],"wp:featuredmedia":[{"embeddable":true,"href":"https:\/\/arantv.az\/index.php?rest_route=\/wp\/v2\/media\/160625"}],"wp:attachment":[{"href":"https:\/\/arantv.az\/index.php?rest_route=%2Fwp%2Fv2%2Fmedia&parent=160624"}],"wp:term":[{"taxonomy":"category","embeddable":true,"href":"https:\/\/arantv.az\/index.php?rest_route=%2Fwp%2Fv2%2Fcategories&post=160624"},{"taxonomy":"post_tag","embeddable":true,"href":"https:\/\/arantv.az\/index.php?rest_route=%2Fwp%2Fv2%2Ftags&post=160624"}],"curies":[{"name":"wp","href":"https:\/\/api.w.org\/{rel}","templated":true}]}}