{"id":16120,"date":"2018-09-29T08:18:34","date_gmt":"2018-09-29T05:18:34","guid":{"rendered":"http:\/\/arantv.az\/?p=16120"},"modified":"2018-09-29T08:18:34","modified_gmt":"2018-09-29T05:18:34","slug":"az%c9%99rbaycandan-dunyaya-cagiris-qarabag-munaqis%c9%99sinin-h%c9%99lli-ucun","status":"publish","type":"post","link":"https:\/\/arantv.az\/?p=16120","title":{"rendered":"Az\u0259rbaycandan d\u00fcnyaya \u00c7A\u011eIRI\u015e: Qaraba\u011f m\u00fcnaqi\u015f\u0259sinin h\u0259lli \u00fc\u00e7\u00fcn&#8230;"},"content":{"rendered":"<p><strong>&#8220;Az\u0259rbaycan BMT r\u0259hb\u0259rl\u0259rinin m\u00fcharib\u0259l\u0259rin qar\u015f\u0131s\u0131n\u0131n al\u0131nmas\u0131 v\u0259 s\u00fclh\u00fcn qorunmas\u0131 istiqam\u0259tind\u0259 t\u0259\u015f\u0259bb\u00fcsl\u0259rini d\u0259st\u0259kl\u0259yir, davaml\u0131 inki\u015faf H\u0259d\u0259fl\u0259rinin yerin\u0259 yetirilm\u0259sin\u0259 sadiqdir v\u0259 multikulturalizm ideyalar\u0131n\u0131 ir\u0259li apar\u0131r&#8221;.<\/strong><\/p>\n<p><b>ARANTV.AZ\u00a0<\/b>x\u0259b\u0259r verir ki, bunu xarici i\u015fl\u0259r naziri Elmar M\u0259mm\u0259dyarov BMT Ba\u015f Assambleyas\u0131n\u0131n 73-c\u00fc sessiyas\u0131n\u0131n m\u00fczakir\u0259l\u0259rind\u0259 \u00e7\u0131x\u0131\u015f\u0131 zaman\u0131 deyib.<\/p>\n<p>Bununla yana\u015f\u0131 nazir BMT tribunas\u0131ndan Az\u0259rbaycan \u0259razil\u0259rinin be\u015fd\u0259 birinin Erm\u0259nistan t\u0259r\u0259find\u0259n i\u015f\u011fal edildiyini, \u00f6lk\u0259 \u0259halisinin doqquzda birinin qa\u00e7q\u0131n v\u0259 m\u0259cburi k\u00f6\u00e7k\u00fcn d\u00fc\u015fd\u00fcy\u00fcn\u00fc xat\u0131rladaraq beyn\u0259lxalq ictimaiyy\u0259ti BMT T\u0259hl\u00fck\u0259sizlik \u015euras\u0131n\u0131n q\u0259bul etdiyi m\u00fcvafiq q\u0259tnam\u0259l\u0259rin d\u0259rhal yerin\u0259 yetirilm\u0259sin\u0259 nail olmaq \u00fc\u00e7\u00fcn \u0130r\u0259vana t\u0259zyiq g\u00f6st\u0259rm\u0259y\u0259 \u00e7a\u011f\u0131r\u0131b.<\/p>\n<div id=\"AdributorNativeVideo0\" class=\"AdributorNativeVideo\"><\/div>\n<p>&#8220;Erm\u0259nistan\u0131n yeni r\u0259hb\u0259rliyi anlamal\u0131d\u0131r ki, Erm\u0259nistan\u0131n iqtisadi c\u0259h\u0259td\u0259n inki\u015faf etmi\u015f v\u0259 firavan bir d\u00f6vl\u0259t\u0259 \u00e7evrilm\u0259sin\u0259 dair erm\u0259ni xalq\u0131na verdiyi v\u0259dl\u0259ri qon\u015fularla s\u00fclh v\u0259 yax\u015f\u0131 m\u00fcnasib\u0259tl\u0259r qurmadan, onlar\u0131n suverenliyin\u0259 v\u0259 \u0259razi b\u00fct\u00f6vl\u00fcy\u00fcn\u0259 h\u00f6rm\u0259t etm\u0259d\u0259n yerin\u0259 yetirm\u0259k m\u00fcmk\u00fcn deyil&#8221;, &#8211; dey\u0259 E.M\u0259mm\u0259dyarov bildirib.<\/p>\n<p>Nazirin s\u00f6zl\u0259rin\u0259 g\u00f6r\u0259, Az\u0259rbaycan hesab edir ki, &#8220;s\u00fclh\u0259, sabitliy\u0259 v\u0259 qar\u015f\u0131l\u0131ql\u0131 faydal\u0131 regional \u0259m\u0259kda\u015fl\u0131\u011fa&#8221; he\u00e7 bir alternativ yoxdur.publika.az<\/p>\n","protected":false},"excerpt":{"rendered":"<p>&#8220;Az\u0259rbaycan BMT r\u0259hb\u0259rl\u0259rinin m\u00fcharib\u0259l\u0259rin qar\u015f\u0131s\u0131n\u0131n al\u0131nmas\u0131 v\u0259 s\u00fclh\u00fcn qorunmas\u0131 istiqam\u0259tind\u0259 t\u0259\u015f\u0259bb\u00fcsl\u0259rini d\u0259st\u0259kl\u0259yir, davaml\u0131 inki\u015faf H\u0259d\u0259fl\u0259rinin yerin\u0259 yetirilm\u0259sin\u0259 sadiqdir v\u0259 multikulturalizm ideyalar\u0131n\u0131 ir\u0259li apar\u0131r&#8221;. ARANTV.AZ\u00a0x\u0259b\u0259r verir ki, bunu xarici i\u015fl\u0259r naziri Elmar M\u0259mm\u0259dyarov BMT Ba\u015f Assambleyas\u0131n\u0131n 73-c\u00fc sessiyas\u0131n\u0131n m\u00fczakir\u0259l\u0259rind\u0259 \u00e7\u0131x\u0131\u015f\u0131 zaman\u0131 deyib. Bununla yana\u015f\u0131 nazir BMT tribunas\u0131ndan Az\u0259rbaycan \u0259razil\u0259rinin be\u015fd\u0259 birinin Erm\u0259nistan t\u0259r\u0259find\u0259n i\u015f\u011fal edildiyini, \u00f6lk\u0259 \u0259halisinin doqquzda birinin qa\u00e7q\u0131n v\u0259 m\u0259cburi k\u00f6\u00e7k\u00fcn d\u00fc\u015fd\u00fcy\u00fcn\u00fc xat\u0131rladaraq beyn\u0259lxalq ictimaiyy\u0259ti BMT T\u0259hl\u00fck\u0259sizlik \u015euras\u0131n\u0131n q\u0259bul etdiyi m\u00fcvafiq q\u0259tnam\u0259l\u0259rin d\u0259rhal yerin\u0259 yetirilm\u0259sin\u0259 nail olmaq \u00fc\u00e7\u00fcn \u0130r\u0259vana t\u0259zyiq g\u00f6st\u0259rm\u0259y\u0259 \u00e7a\u011f\u0131r\u0131b. &#8220;Erm\u0259nistan\u0131n yeni r\u0259hb\u0259rliyi anlamal\u0131d\u0131r ki, Erm\u0259nistan\u0131n iqtisadi&hellip;<\/p>\n","protected":false},"author":2,"featured_media":16121,"comment_status":"closed","ping_status":"closed","sticky":false,"template":"","format":"standard","meta":{"om_disable_all_campaigns":false,"_monsterinsights_skip_tracking":false,"_monsterinsights_sitenote_active":false,"_monsterinsights_sitenote_note":"","_monsterinsights_sitenote_category":0},"categories":[19],"tags":[],"aioseo_notices":[],"gutentor_comment":0,"rttpg_featured_image_url":{"full":["https:\/\/arantv.az\/wp-content\/uploads\/2018\/09\/7f9286b2-df82-44ca-9f39-f4ce3f724b43.jpg",800,450,false],"landscape":["https:\/\/arantv.az\/wp-content\/uploads\/2018\/09\/7f9286b2-df82-44ca-9f39-f4ce3f724b43.jpg",800,450,false],"portraits":["https:\/\/arantv.az\/wp-content\/uploads\/2018\/09\/7f9286b2-df82-44ca-9f39-f4ce3f724b43.jpg",800,450,false],"thumbnail":["https:\/\/arantv.az\/wp-content\/uploads\/2018\/09\/7f9286b2-df82-44ca-9f39-f4ce3f724b43-150x150.jpg",150,150,true],"medium":["https:\/\/arantv.az\/wp-content\/uploads\/2018\/09\/7f9286b2-df82-44ca-9f39-f4ce3f724b43-300x169.jpg",300,169,true],"large":["https:\/\/arantv.az\/wp-content\/uploads\/2018\/09\/7f9286b2-df82-44ca-9f39-f4ce3f724b43.jpg",640,360,false],"1536x1536":["https:\/\/arantv.az\/wp-content\/uploads\/2018\/09\/7f9286b2-df82-44ca-9f39-f4ce3f724b43.jpg",800,450,false],"2048x2048":["https:\/\/arantv.az\/wp-content\/uploads\/2018\/09\/7f9286b2-df82-44ca-9f39-f4ce3f724b43.jpg",800,450,false],"post-thumbnail":["https:\/\/arantv.az\/wp-content\/uploads\/2018\/09\/7f9286b2-df82-44ca-9f39-f4ce3f724b43-240x172.jpg",240,172,true],"advps-thumb-one":["https:\/\/arantv.az\/wp-content\/uploads\/2018\/09\/7f9286b2-df82-44ca-9f39-f4ce3f724b43.jpg",800,450,false]},"rttpg_author":{"display_name":"V\u00fcsal Rafiqo\u011flu","author_link":"https:\/\/arantv.az\/?author=2"},"rttpg_comment":0,"rttpg_category":"<a href=\"https:\/\/arantv.az\/?cat=19\" rel=\"category\">G\u00fcnd\u0259m<\/a>","rttpg_excerpt":"&#8220;Az\u0259rbaycan BMT r\u0259hb\u0259rl\u0259rinin m\u00fcharib\u0259l\u0259rin qar\u015f\u0131s\u0131n\u0131n al\u0131nmas\u0131 v\u0259 s\u00fclh\u00fcn qorunmas\u0131 istiqam\u0259tind\u0259 t\u0259\u015f\u0259bb\u00fcsl\u0259rini d\u0259st\u0259kl\u0259yir, davaml\u0131 inki\u015faf H\u0259d\u0259fl\u0259rinin yerin\u0259 yetirilm\u0259sin\u0259 sadiqdir v\u0259 multikulturalizm ideyalar\u0131n\u0131 ir\u0259li apar\u0131r&#8221;. ARANTV.AZ\u00a0x\u0259b\u0259r verir ki, bunu xarici i\u015fl\u0259r naziri Elmar M\u0259mm\u0259dyarov BMT Ba\u015f Assambleyas\u0131n\u0131n 73-c\u00fc sessiyas\u0131n\u0131n m\u00fczakir\u0259l\u0259rind\u0259 \u00e7\u0131x\u0131\u015f\u0131 zaman\u0131 deyib. Bununla yana\u015f\u0131 nazir BMT tribunas\u0131ndan Az\u0259rbaycan \u0259razil\u0259rinin be\u015fd\u0259 birinin Erm\u0259nistan t\u0259r\u0259find\u0259n i\u015f\u011fal edildiyini, \u00f6lk\u0259&hellip;","_links":{"self":[{"href":"https:\/\/arantv.az\/index.php?rest_route=\/wp\/v2\/posts\/16120"}],"collection":[{"href":"https:\/\/arantv.az\/index.php?rest_route=\/wp\/v2\/posts"}],"about":[{"href":"https:\/\/arantv.az\/index.php?rest_route=\/wp\/v2\/types\/post"}],"author":[{"embeddable":true,"href":"https:\/\/arantv.az\/index.php?rest_route=\/wp\/v2\/users\/2"}],"replies":[{"embeddable":true,"href":"https:\/\/arantv.az\/index.php?rest_route=%2Fwp%2Fv2%2Fcomments&post=16120"}],"version-history":[{"count":0,"href":"https:\/\/arantv.az\/index.php?rest_route=\/wp\/v2\/posts\/16120\/revisions"}],"wp:featuredmedia":[{"embeddable":true,"href":"https:\/\/arantv.az\/index.php?rest_route=\/wp\/v2\/media\/16121"}],"wp:attachment":[{"href":"https:\/\/arantv.az\/index.php?rest_route=%2Fwp%2Fv2%2Fmedia&parent=16120"}],"wp:term":[{"taxonomy":"category","embeddable":true,"href":"https:\/\/arantv.az\/index.php?rest_route=%2Fwp%2Fv2%2Fcategories&post=16120"},{"taxonomy":"post_tag","embeddable":true,"href":"https:\/\/arantv.az\/index.php?rest_route=%2Fwp%2Fv2%2Ftags&post=16120"}],"curies":[{"name":"wp","href":"https:\/\/api.w.org\/{rel}","templated":true}]}}