{"id":16152,"date":"2018-09-29T09:25:13","date_gmt":"2018-09-29T06:25:13","guid":{"rendered":"http:\/\/arantv.az\/?p=16152"},"modified":"2018-09-29T09:25:13","modified_gmt":"2018-09-29T06:25:13","slug":"mdb-dovl%c9%99t-bascilarinin-novb%c9%99ti-iclasinin-yeri-aciqlandi","status":"publish","type":"post","link":"https:\/\/arantv.az\/?p=16152","title":{"rendered":"MDB d\u00f6vl\u0259t ba\u015f\u00e7\u0131lar\u0131n\u0131n n\u00f6vb\u0259ti iclas\u0131n\u0131n yeri a\u00e7\u0131qland\u0131"},"content":{"rendered":"<p>MDB d\u00f6vl\u0259t ba\u015f\u00e7\u0131lar\u0131n\u0131n n\u00f6vb\u0259ti sammiti 2019-cu il oktyabr\u0131n 11-d\u0259 A\u015fqabadda ke\u00e7iril\u0259c\u0259k.<\/p>\n<p><strong>ARANTV.AZ\u00a0<\/strong>\u00a0x\u0259b\u0259r verir ki, bu m\u0259lumat\u0131 Birliyin \u0130craiyy\u0259 Komit\u0259sinin r\u0259hb\u0259ri\u00a0<strong>Sergey Lebedev\u00a0<\/strong>verib.<\/p>\n<p>\u201cT\u00fcrkm\u0259n t\u0259r\u0259finin q\u0259bul etdiyi q\u0259rara \u0259sas\u0259n, n\u00f6vb\u0259ti iclas A\u015fqabadda, 2019-cu il oktyabr\u0131n 11-d\u0259 ke\u00e7iril\u0259c\u0259k\u201d, &#8211; o deyib.<\/p>\n<p>Lebedev qeyd edib ki, 2019-cu ild\u0259 T\u00fcrkm\u0259nistan MDB-y\u0259 s\u0259drlik ed\u0259c\u0259k, Tacikistan v\u0259 \u00d6zb\u0259kistan h\u0259ms\u0259drl\u0259r olacaq.oxu.az<\/p>\n","protected":false},"excerpt":{"rendered":"<p>MDB d\u00f6vl\u0259t ba\u015f\u00e7\u0131lar\u0131n\u0131n n\u00f6vb\u0259ti sammiti 2019-cu il oktyabr\u0131n 11-d\u0259 A\u015fqabadda ke\u00e7iril\u0259c\u0259k. ARANTV.AZ\u00a0\u00a0x\u0259b\u0259r verir ki, bu m\u0259lumat\u0131 Birliyin \u0130craiyy\u0259 Komit\u0259sinin r\u0259hb\u0259ri\u00a0Sergey Lebedev\u00a0verib. \u201cT\u00fcrkm\u0259n t\u0259r\u0259finin q\u0259bul etdiyi q\u0259rara \u0259sas\u0259n, n\u00f6vb\u0259ti iclas A\u015fqabadda, 2019-cu il oktyabr\u0131n 11-d\u0259 ke\u00e7iril\u0259c\u0259k\u201d, &#8211; o deyib. Lebedev qeyd edib ki, 2019-cu ild\u0259 T\u00fcrkm\u0259nistan MDB-y\u0259 s\u0259drlik ed\u0259c\u0259k, Tacikistan v\u0259 \u00d6zb\u0259kistan h\u0259ms\u0259drl\u0259r olacaq.oxu.az<\/p>\n","protected":false},"author":2,"featured_media":16153,"comment_status":"closed","ping_status":"closed","sticky":false,"template":"","format":"standard","meta":{"om_disable_all_campaigns":false,"_monsterinsights_skip_tracking":false,"_monsterinsights_sitenote_active":false,"_monsterinsights_sitenote_note":"","_monsterinsights_sitenote_category":0},"categories":[4],"tags":[],"aioseo_notices":[],"gutentor_comment":0,"rttpg_featured_image_url":{"full":["https:\/\/arantv.az\/wp-content\/uploads\/2018\/09\/asan.jpg",590,407,false],"landscape":["https:\/\/arantv.az\/wp-content\/uploads\/2018\/09\/asan.jpg",590,407,false],"portraits":["https:\/\/arantv.az\/wp-content\/uploads\/2018\/09\/asan.jpg",590,407,false],"thumbnail":["https:\/\/arantv.az\/wp-content\/uploads\/2018\/09\/asan-150x150.jpg",150,150,true],"medium":["https:\/\/arantv.az\/wp-content\/uploads\/2018\/09\/asan-300x207.jpg",300,207,true],"large":["https:\/\/arantv.az\/wp-content\/uploads\/2018\/09\/asan.jpg",590,407,false],"1536x1536":["https:\/\/arantv.az\/wp-content\/uploads\/2018\/09\/asan.jpg",590,407,false],"2048x2048":["https:\/\/arantv.az\/wp-content\/uploads\/2018\/09\/asan.jpg",590,407,false],"post-thumbnail":["https:\/\/arantv.az\/wp-content\/uploads\/2018\/09\/asan-240x172.jpg",240,172,true],"advps-thumb-one":["https:\/\/arantv.az\/wp-content\/uploads\/2018\/09\/asan.jpg",590,407,false]},"rttpg_author":{"display_name":"V\u00fcsal Rafiqo\u011flu","author_link":"https:\/\/arantv.az\/?author=2"},"rttpg_comment":0,"rttpg_category":"<a href=\"https:\/\/arantv.az\/?cat=4\" rel=\"category\">Siyas\u0259t<\/a>","rttpg_excerpt":"MDB d\u00f6vl\u0259t ba\u015f\u00e7\u0131lar\u0131n\u0131n n\u00f6vb\u0259ti sammiti 2019-cu il oktyabr\u0131n 11-d\u0259 A\u015fqabadda ke\u00e7iril\u0259c\u0259k. ARANTV.AZ\u00a0\u00a0x\u0259b\u0259r verir ki, bu m\u0259lumat\u0131 Birliyin \u0130craiyy\u0259 Komit\u0259sinin r\u0259hb\u0259ri\u00a0Sergey Lebedev\u00a0verib. \u201cT\u00fcrkm\u0259n t\u0259r\u0259finin q\u0259bul etdiyi q\u0259rara \u0259sas\u0259n, n\u00f6vb\u0259ti iclas A\u015fqabadda, 2019-cu il oktyabr\u0131n 11-d\u0259 ke\u00e7iril\u0259c\u0259k\u201d, &#8211; o deyib. Lebedev qeyd edib ki, 2019-cu ild\u0259 T\u00fcrkm\u0259nistan MDB-y\u0259 s\u0259drlik ed\u0259c\u0259k, Tacikistan v\u0259 \u00d6zb\u0259kistan h\u0259ms\u0259drl\u0259r olacaq.oxu.az","_links":{"self":[{"href":"https:\/\/arantv.az\/index.php?rest_route=\/wp\/v2\/posts\/16152"}],"collection":[{"href":"https:\/\/arantv.az\/index.php?rest_route=\/wp\/v2\/posts"}],"about":[{"href":"https:\/\/arantv.az\/index.php?rest_route=\/wp\/v2\/types\/post"}],"author":[{"embeddable":true,"href":"https:\/\/arantv.az\/index.php?rest_route=\/wp\/v2\/users\/2"}],"replies":[{"embeddable":true,"href":"https:\/\/arantv.az\/index.php?rest_route=%2Fwp%2Fv2%2Fcomments&post=16152"}],"version-history":[{"count":0,"href":"https:\/\/arantv.az\/index.php?rest_route=\/wp\/v2\/posts\/16152\/revisions"}],"wp:featuredmedia":[{"embeddable":true,"href":"https:\/\/arantv.az\/index.php?rest_route=\/wp\/v2\/media\/16153"}],"wp:attachment":[{"href":"https:\/\/arantv.az\/index.php?rest_route=%2Fwp%2Fv2%2Fmedia&parent=16152"}],"wp:term":[{"taxonomy":"category","embeddable":true,"href":"https:\/\/arantv.az\/index.php?rest_route=%2Fwp%2Fv2%2Fcategories&post=16152"},{"taxonomy":"post_tag","embeddable":true,"href":"https:\/\/arantv.az\/index.php?rest_route=%2Fwp%2Fv2%2Ftags&post=16152"}],"curies":[{"name":"wp","href":"https:\/\/api.w.org\/{rel}","templated":true}]}}