{"id":16160,"date":"2018-09-29T11:42:31","date_gmt":"2018-09-29T08:42:31","guid":{"rendered":"http:\/\/arantv.az\/?p=16160"},"modified":"2018-09-29T11:42:31","modified_gmt":"2018-09-29T08:42:31","slug":"indoneziyada-yuzl%c9%99rl%c9%99-insan-oldu-video","status":"publish","type":"post","link":"https:\/\/arantv.az\/?p=16160","title":{"rendered":"\u0130ndoneziyada y\u00fczl\u0259rl\u0259 insan \u00f6ld\u00fc &#8211; V\u0130DEO"},"content":{"rendered":"<p>\u0130ndoneziyan\u0131n Sulavesi adas\u0131nda z\u0259lz\u0259l\u0259 v\u0259 sunami n\u0259tic\u0259sind\u0259 \u00f6l\u0259nl\u0259rin say\u0131 384-\u0259 y\u00fcks\u0259lib.<\/p>\n<p><b>ARANTV.AZ <\/b>oxu.az-a istinad\u0259n x\u0259b\u0259r verir ki, yerli hakimiyy\u0259t y\u00fczl\u0259rl\u0259 insan\u0131n itkin d\u00fc\u015fd\u00fcy\u00fcn\u00fc v\u0259 bu s\u0259b\u0259bd\u0259n \u00f6l\u00fc say\u0131n\u0131n artaca\u011f\u0131n\u0131 bildiribl\u0259r.<\/p>\n<p>T\u0259bii f\u0259lak\u0259td\u0259n \u0259n \u00e7ox Palu \u015f\u0259h\u0259ri \u0259ziyy\u0259t \u00e7\u0259kib.<\/p>\n<p>Sentyabr\u0131n 28-d\u0259 \u0130ndoneziyada 7,7 bal g\u00fcc\u00fcnd\u0259 z\u0259lz\u0259l\u0259 olub. Yeralt\u0131 t\u0259kanlardan sonra adaya iki\u00a0metr h\u00fcnd\u00fcrl\u00fckd\u0259 dal\u011fa g\u0259lib.<\/p>\n<div><iframe loading=\"lazy\" src=\"https:\/\/player.baku.tv\/embed\/4257\" width=\"560\" height=\"315\" frameborder=\"0\" allowfullscreen=\"allowfullscreen\" data-mce-fragment=\"1\"><\/iframe><\/div>\n<p>&nbsp;<\/p>\n","protected":false},"excerpt":{"rendered":"<p>\u0130ndoneziyan\u0131n Sulavesi adas\u0131nda z\u0259lz\u0259l\u0259 v\u0259 sunami n\u0259tic\u0259sind\u0259 \u00f6l\u0259nl\u0259rin say\u0131 384-\u0259 y\u00fcks\u0259lib. ARANTV.AZ oxu.az-a istinad\u0259n x\u0259b\u0259r verir ki, yerli hakimiyy\u0259t y\u00fczl\u0259rl\u0259 insan\u0131n itkin d\u00fc\u015fd\u00fcy\u00fcn\u00fc v\u0259 bu s\u0259b\u0259bd\u0259n \u00f6l\u00fc say\u0131n\u0131n artaca\u011f\u0131n\u0131 bildiribl\u0259r. T\u0259bii f\u0259lak\u0259td\u0259n \u0259n \u00e7ox Palu \u015f\u0259h\u0259ri \u0259ziyy\u0259t \u00e7\u0259kib. Sentyabr\u0131n 28-d\u0259 \u0130ndoneziyada 7,7 bal g\u00fcc\u00fcnd\u0259 z\u0259lz\u0259l\u0259 olub. Yeralt\u0131 t\u0259kanlardan sonra adaya iki\u00a0metr h\u00fcnd\u00fcrl\u00fckd\u0259 dal\u011fa g\u0259lib. &nbsp;<\/p>\n","protected":false},"author":2,"featured_media":16161,"comment_status":"closed","ping_status":"closed","sticky":false,"template":"","format":"standard","meta":{"om_disable_all_campaigns":false,"_monsterinsights_skip_tracking":false,"_monsterinsights_sitenote_active":false,"_monsterinsights_sitenote_note":"","_monsterinsights_sitenote_category":0},"categories":[7],"tags":[],"aioseo_notices":[],"gutentor_comment":0,"rttpg_featured_image_url":{"full":["https:\/\/arantv.az\/wp-content\/uploads\/2018\/09\/ze.jpg",620,419,false],"landscape":["https:\/\/arantv.az\/wp-content\/uploads\/2018\/09\/ze.jpg",620,419,false],"portraits":["https:\/\/arantv.az\/wp-content\/uploads\/2018\/09\/ze.jpg",620,419,false],"thumbnail":["https:\/\/arantv.az\/wp-content\/uploads\/2018\/09\/ze-150x150.jpg",150,150,true],"medium":["https:\/\/arantv.az\/wp-content\/uploads\/2018\/09\/ze-300x203.jpg",300,203,true],"large":["https:\/\/arantv.az\/wp-content\/uploads\/2018\/09\/ze.jpg",620,419,false],"1536x1536":["https:\/\/arantv.az\/wp-content\/uploads\/2018\/09\/ze.jpg",620,419,false],"2048x2048":["https:\/\/arantv.az\/wp-content\/uploads\/2018\/09\/ze.jpg",620,419,false],"post-thumbnail":["https:\/\/arantv.az\/wp-content\/uploads\/2018\/09\/ze-240x172.jpg",240,172,true],"advps-thumb-one":["https:\/\/arantv.az\/wp-content\/uploads\/2018\/09\/ze.jpg",620,419,false]},"rttpg_author":{"display_name":"V\u00fcsal Rafiqo\u011flu","author_link":"https:\/\/arantv.az\/?author=2"},"rttpg_comment":0,"rttpg_category":"<a href=\"https:\/\/arantv.az\/?cat=7\" rel=\"category\">D\u00fcnya<\/a>","rttpg_excerpt":"\u0130ndoneziyan\u0131n Sulavesi adas\u0131nda z\u0259lz\u0259l\u0259 v\u0259 sunami n\u0259tic\u0259sind\u0259 \u00f6l\u0259nl\u0259rin say\u0131 384-\u0259 y\u00fcks\u0259lib. ARANTV.AZ oxu.az-a istinad\u0259n x\u0259b\u0259r verir ki, yerli hakimiyy\u0259t y\u00fczl\u0259rl\u0259 insan\u0131n itkin d\u00fc\u015fd\u00fcy\u00fcn\u00fc v\u0259 bu s\u0259b\u0259bd\u0259n \u00f6l\u00fc say\u0131n\u0131n artaca\u011f\u0131n\u0131 bildiribl\u0259r. T\u0259bii f\u0259lak\u0259td\u0259n \u0259n \u00e7ox Palu \u015f\u0259h\u0259ri \u0259ziyy\u0259t \u00e7\u0259kib. Sentyabr\u0131n 28-d\u0259 \u0130ndoneziyada 7,7 bal g\u00fcc\u00fcnd\u0259 z\u0259lz\u0259l\u0259 olub. Yeralt\u0131 t\u0259kanlardan sonra adaya iki\u00a0metr h\u00fcnd\u00fcrl\u00fckd\u0259 dal\u011fa g\u0259lib. &nbsp;","_links":{"self":[{"href":"https:\/\/arantv.az\/index.php?rest_route=\/wp\/v2\/posts\/16160"}],"collection":[{"href":"https:\/\/arantv.az\/index.php?rest_route=\/wp\/v2\/posts"}],"about":[{"href":"https:\/\/arantv.az\/index.php?rest_route=\/wp\/v2\/types\/post"}],"author":[{"embeddable":true,"href":"https:\/\/arantv.az\/index.php?rest_route=\/wp\/v2\/users\/2"}],"replies":[{"embeddable":true,"href":"https:\/\/arantv.az\/index.php?rest_route=%2Fwp%2Fv2%2Fcomments&post=16160"}],"version-history":[{"count":0,"href":"https:\/\/arantv.az\/index.php?rest_route=\/wp\/v2\/posts\/16160\/revisions"}],"wp:featuredmedia":[{"embeddable":true,"href":"https:\/\/arantv.az\/index.php?rest_route=\/wp\/v2\/media\/16161"}],"wp:attachment":[{"href":"https:\/\/arantv.az\/index.php?rest_route=%2Fwp%2Fv2%2Fmedia&parent=16160"}],"wp:term":[{"taxonomy":"category","embeddable":true,"href":"https:\/\/arantv.az\/index.php?rest_route=%2Fwp%2Fv2%2Fcategories&post=16160"},{"taxonomy":"post_tag","embeddable":true,"href":"https:\/\/arantv.az\/index.php?rest_route=%2Fwp%2Fv2%2Ftags&post=16160"}],"curies":[{"name":"wp","href":"https:\/\/api.w.org\/{rel}","templated":true}]}}