{"id":16163,"date":"2018-09-29T11:43:51","date_gmt":"2018-09-29T08:43:51","guid":{"rendered":"http:\/\/arantv.az\/?p=16163"},"modified":"2018-09-29T11:43:51","modified_gmt":"2018-09-29T08:43:51","slug":"bakida-d%c9%99hs%c9%99tli-q%c9%99za-n%c9%99n%c9%99-v%c9%99-n%c9%99v%c9%99-oldu","status":"publish","type":"post","link":"https:\/\/arantv.az\/?p=16163","title":{"rendered":"Bak\u0131da d\u0259h\u015f\u0259tli q\u0259za: N\u0259n\u0259 v\u0259 n\u0259v\u0259 \u00f6ld\u00fc"},"content":{"rendered":"<p>Bak\u0131da \u00f6l\u00fcml\u0259 n\u0259tic\u0259l\u0259n\u0259n yol-n\u0259qliyyat hadis\u0259si ba\u015f verib.<\/p>\n<p><strong>ARANTV.AZ<\/strong> x\u0259b\u0259r verir ki, bu bar\u0259d\u0259\u00a0Oxu.Az-a Daxili \u0130\u015fl\u0259r Nazirliyind\u0259n m\u0259lumat verilib.<\/p>\n<p>Bel\u0259 ki, sentyabr\u0131n 28-d\u0259 saat 19 rad\u0259l\u0259rind\u0259 Sabun\u00e7u q\u0259s\u0259b\u0259si \u0259razisind\u0259 Bak\u0131 \u015f\u0259h\u0259r sakini\u00a0<strong>T\u0259rlan \u0130manov<\/strong>\u00a0idar\u0259 etdiyi \u201cZil-130\u201d markal\u0131 avtomobill\u0259 yolu ke\u00e7\u0259n paytaxt sakinl\u0259ri\u00a0<strong>G\u00fcll\u00fc Salmanova<\/strong>n\u0131 v\u0259 azya\u015fl\u0131 n\u0259v\u0259l\u0259ri<strong>\u00a0Ayg\u00fcn\u00a0<\/strong>v\u0259\u00a0<strong>\u0130lkin M\u0259mm\u0259dov<\/strong>lar\u0131 vurub.<\/p>\n<p>Onlar x\u0259st\u0259xanaya yerl\u0259\u015fdirilib, G.Salmanova v\u0259 Ayg\u00fcn orada \u00f6l\u00fcbl\u0259r.<\/p>\n<p>Faktla ba\u011fl\u0131 Sabun\u00e7u rayon Polis idar\u0259si t\u0259r\u0259find\u0259n ara\u015fd\u0131rma apar\u0131l\u0131r.<\/p>\n","protected":false},"excerpt":{"rendered":"<p>Bak\u0131da \u00f6l\u00fcml\u0259 n\u0259tic\u0259l\u0259n\u0259n yol-n\u0259qliyyat hadis\u0259si ba\u015f verib. ARANTV.AZ x\u0259b\u0259r verir ki, bu bar\u0259d\u0259\u00a0Oxu.Az-a Daxili \u0130\u015fl\u0259r Nazirliyind\u0259n m\u0259lumat verilib. Bel\u0259 ki, sentyabr\u0131n 28-d\u0259 saat 19 rad\u0259l\u0259rind\u0259 Sabun\u00e7u q\u0259s\u0259b\u0259si \u0259razisind\u0259 Bak\u0131 \u015f\u0259h\u0259r sakini\u00a0T\u0259rlan \u0130manov\u00a0idar\u0259 etdiyi \u201cZil-130\u201d markal\u0131 avtomobill\u0259 yolu ke\u00e7\u0259n paytaxt sakinl\u0259ri\u00a0G\u00fcll\u00fc Salmanovan\u0131 v\u0259 azya\u015fl\u0131 n\u0259v\u0259l\u0259ri\u00a0Ayg\u00fcn\u00a0v\u0259\u00a0\u0130lkin M\u0259mm\u0259dovlar\u0131 vurub. Onlar x\u0259st\u0259xanaya yerl\u0259\u015fdirilib, G.Salmanova v\u0259 Ayg\u00fcn orada \u00f6l\u00fcbl\u0259r. Faktla ba\u011fl\u0131 Sabun\u00e7u rayon Polis idar\u0259si t\u0259r\u0259find\u0259n ara\u015fd\u0131rma apar\u0131l\u0131r.<\/p>\n","protected":false},"author":2,"featured_media":16164,"comment_status":"closed","ping_status":"closed","sticky":false,"template":"","format":"standard","meta":{"om_disable_all_campaigns":false,"_monsterinsights_skip_tracking":false,"_monsterinsights_sitenote_active":false,"_monsterinsights_sitenote_note":"","_monsterinsights_sitenote_category":0},"categories":[5],"tags":[],"aioseo_notices":[],"gutentor_comment":0,"rttpg_featured_image_url":{"full":["https:\/\/arantv.az\/wp-content\/uploads\/2018\/09\/a-21.jpg",620,413,false],"landscape":["https:\/\/arantv.az\/wp-content\/uploads\/2018\/09\/a-21.jpg",620,413,false],"portraits":["https:\/\/arantv.az\/wp-content\/uploads\/2018\/09\/a-21.jpg",620,413,false],"thumbnail":["https:\/\/arantv.az\/wp-content\/uploads\/2018\/09\/a-21-150x150.jpg",150,150,true],"medium":["https:\/\/arantv.az\/wp-content\/uploads\/2018\/09\/a-21-300x200.jpg",300,200,true],"large":["https:\/\/arantv.az\/wp-content\/uploads\/2018\/09\/a-21.jpg",620,413,false],"1536x1536":["https:\/\/arantv.az\/wp-content\/uploads\/2018\/09\/a-21.jpg",620,413,false],"2048x2048":["https:\/\/arantv.az\/wp-content\/uploads\/2018\/09\/a-21.jpg",620,413,false],"post-thumbnail":["https:\/\/arantv.az\/wp-content\/uploads\/2018\/09\/a-21-240x172.jpg",240,172,true],"advps-thumb-one":["https:\/\/arantv.az\/wp-content\/uploads\/2018\/09\/a-21.jpg",620,413,false]},"rttpg_author":{"display_name":"V\u00fcsal Rafiqo\u011flu","author_link":"https:\/\/arantv.az\/?author=2"},"rttpg_comment":0,"rttpg_category":"<a href=\"https:\/\/arantv.az\/?cat=5\" rel=\"category\">Hadis\u0259<\/a>","rttpg_excerpt":"Bak\u0131da \u00f6l\u00fcml\u0259 n\u0259tic\u0259l\u0259n\u0259n yol-n\u0259qliyyat hadis\u0259si ba\u015f verib. ARANTV.AZ x\u0259b\u0259r verir ki, bu bar\u0259d\u0259\u00a0Oxu.Az-a Daxili \u0130\u015fl\u0259r Nazirliyind\u0259n m\u0259lumat verilib. Bel\u0259 ki, sentyabr\u0131n 28-d\u0259 saat 19 rad\u0259l\u0259rind\u0259 Sabun\u00e7u q\u0259s\u0259b\u0259si \u0259razisind\u0259 Bak\u0131 \u015f\u0259h\u0259r sakini\u00a0T\u0259rlan \u0130manov\u00a0idar\u0259 etdiyi \u201cZil-130\u201d markal\u0131 avtomobill\u0259 yolu ke\u00e7\u0259n paytaxt sakinl\u0259ri\u00a0G\u00fcll\u00fc Salmanovan\u0131 v\u0259 azya\u015fl\u0131 n\u0259v\u0259l\u0259ri\u00a0Ayg\u00fcn\u00a0v\u0259\u00a0\u0130lkin M\u0259mm\u0259dovlar\u0131 vurub. Onlar x\u0259st\u0259xanaya yerl\u0259\u015fdirilib, G.Salmanova v\u0259 Ayg\u00fcn orada \u00f6l\u00fcbl\u0259r. Faktla&hellip;","_links":{"self":[{"href":"https:\/\/arantv.az\/index.php?rest_route=\/wp\/v2\/posts\/16163"}],"collection":[{"href":"https:\/\/arantv.az\/index.php?rest_route=\/wp\/v2\/posts"}],"about":[{"href":"https:\/\/arantv.az\/index.php?rest_route=\/wp\/v2\/types\/post"}],"author":[{"embeddable":true,"href":"https:\/\/arantv.az\/index.php?rest_route=\/wp\/v2\/users\/2"}],"replies":[{"embeddable":true,"href":"https:\/\/arantv.az\/index.php?rest_route=%2Fwp%2Fv2%2Fcomments&post=16163"}],"version-history":[{"count":0,"href":"https:\/\/arantv.az\/index.php?rest_route=\/wp\/v2\/posts\/16163\/revisions"}],"wp:featuredmedia":[{"embeddable":true,"href":"https:\/\/arantv.az\/index.php?rest_route=\/wp\/v2\/media\/16164"}],"wp:attachment":[{"href":"https:\/\/arantv.az\/index.php?rest_route=%2Fwp%2Fv2%2Fmedia&parent=16163"}],"wp:term":[{"taxonomy":"category","embeddable":true,"href":"https:\/\/arantv.az\/index.php?rest_route=%2Fwp%2Fv2%2Fcategories&post=16163"},{"taxonomy":"post_tag","embeddable":true,"href":"https:\/\/arantv.az\/index.php?rest_route=%2Fwp%2Fv2%2Ftags&post=16163"}],"curies":[{"name":"wp","href":"https:\/\/api.w.org\/{rel}","templated":true}]}}