{"id":162315,"date":"2020-05-09T14:15:03","date_gmt":"2020-05-09T11:15:03","guid":{"rendered":"http:\/\/arantv.az\/?p=162315"},"modified":"2020-05-09T14:15:03","modified_gmt":"2020-05-09T11:15:03","slug":"bakidaki-sadliq-saraylarinda-basabas-iyun-ayi-ucun-bos-gun-qalmayib","status":"publish","type":"post","link":"https:\/\/arantv.az\/?p=162315","title":{"rendered":"Bak\u0131dak\u0131 \u015fadl\u0131q saraylar\u0131nda BASABAS &#8211; \u0130yun ay\u0131 \u00fc\u00e7\u00fcn bo\u015f g\u00fcn QALMAYIB"},"content":{"rendered":"<p><strong>Mart ay\u0131n\u0131n 14-d\u0259n etibar\u0259n pandemiya s\u0259b\u0259bi il\u0259 \u00f6lk\u0259d\u0259 b\u00fct\u00fcn k\u00fctl\u0259vi t\u0259dbirl\u0259r, o c\u00fcml\u0259d\u0259n toy-ni\u015fan m\u0259rasiml\u0259ri t\u0259xir\u0259 sal\u0131n\u0131b. \u0130ki ayd\u0131r ki, kimins\u0259 evind\u0259n &#8220;Va\u011fzal\u0131&#8221; s\u0259si e\u015fidilmir. M\u00f6vcud durumdan is\u0259 \u0259n \u00e7ox z\u0259r\u0259r \u00e7\u0259k\u0259n he\u00e7 \u015f\u00fcbh\u0259siz ki, \u015fadl\u0131q saraylar\u0131d\u0131r.<\/strong><\/p>\n<p>Maraql\u0131d\u0131r, indi \u015fadl\u0131q saraylar\u0131 yay aylar\u0131 \u00fc\u00e7\u00fcn sifari\u015f q\u0259bul edirmi? \u0130nsanlar nec\u0259, yaya toy planla\u015fd\u0131r\u0131rm\u0131?<\/p>\n<p><strong>ARANTV.AZ<\/strong> bildirir ki, Modern.az-\u0131n \u0259m\u0259kda\u015f\u0131 bu sualla ba\u011fl\u0131\u00a0Bak\u0131da yerl\u0259\u015f\u0259n \u015fadl\u0131q saraylar\u0131na m\u00fcraci\u0259t edib.<\/p>\n<p>&#8220;\u0130mperial&#8221;\u00a0\u015fadl\u0131q saray\u0131ndan deyibl\u0259r ki, art\u0131q iyun ay\u0131 \u00fc\u00e7\u00fcn bo\u015f g\u00fcn qalmay\u0131b:<\/p>\n<p>&#8220;Aprel-may ay\u0131n\u0131n toylar\u0131 t\u0259xir\u0259 sal\u0131nd\u0131\u011f\u0131 \u00fc\u00e7\u00fcn b\u00fct\u00fcn m\u0259rasiml\u0259ri n\u00f6vb\u0259ti aya ke\u00e7irmi\u015fik. \u0130yun ay\u0131n\u0131n 1-d\u0259n 30-d\u0259k b\u00fct\u00fcn g\u00fcnl\u0259r bron edilib. Aprel ay\u0131nda 22 toy t\u0259xir\u0259 sal\u0131nd\u0131. \u0130yul ay\u0131 \u00fc\u00e7\u00fcn d\u0259 sifari\u015fl\u0259r \u00e7oxdur, h\u0259min ay \u00fc\u00e7\u00fcn c\u0259mi 7 g\u00fcn bo\u015f qal\u0131b&#8221;.<\/p>\n<p>&#8220;Yegan\u0259&#8221;\u00a0\u015fadl\u0131q saray\u0131ndan bildiribl\u0259r ki, camaata yalandan s\u00f6z verm\u0259yin m\u0259nas\u0131 yoxdur:<br \/>\n&#8220;Toy-ni\u015fan m\u0259rasiml\u0259ri \u00fc\u00e7\u00fcn m\u00fcraci\u0259t daxil olur, amma biz q\u0259bul etmirik. \u00c7\u00fcnki kim\u0259s\u0259 yalandan s\u00f6z ver\u0259 bilm\u0259rik ki, iyun-iyul ay\u0131nda m\u00fctl\u0259q toy m\u0259rasiminizi t\u0259\u015fkil ed\u0259c\u0259yik. \u0130ndi v\u0259ziyy\u0259t el\u0259dir ki, q\u0259rars\u0131z qalm\u0131\u015f\u0131q&#8221;.<\/p>\n<p>&#8220;Su Sonas\u0131&#8221;\u00a0\u015fadl\u0131q saray\u0131ndan deyibl\u0259r ki, h\u0259m m\u00fcraci\u0259t ed\u0259nl\u0259r t\u0259r\u0259dd\u00fcdl\u00fcd\u00fcr h\u0259m d\u0259 onlar:<br \/>\n&#8220;M\u00fcraci\u0259tl\u0259r olur, amma kim\u0259s\u0259 d\u0259qiq cavab ver\u0259 bilmirik. Mart-aprel ay\u0131na toy etm\u0259k ist\u0259y\u0259nl\u0259r var idi ki, indi onlar h\u0259min m\u0259rasiml\u0259ri iyun-iyul ay\u0131na ke\u00e7irm\u0259k ist\u0259yirl\u0259r. Amma biz\u0259 d\u0259qiq vaxt dey\u0259 bilmirl\u0259r ki, hans\u0131 tarixl\u0259ri ist\u0259yirl\u0259r. \u00c7\u00fcnki ham\u0131 narahatd\u0131r ki, vaxt t\u0259yin ed\u0259r, toy m\u0259rasimi yenid\u0259n al\u0131nmayar&#8221;.<\/p>\n<p>&#8220;Al Saray&#8221;da karantinin bitm\u0259si il\u0259 ba\u011fl\u0131 r\u0259smi q\u0259rar\u0131 g\u00f6zl\u0259yirl\u0259r:<br \/>\n&#8220;N\u0259 vaxt r\u0259smi q\u0259rar q\u0259bul edil\u0259c\u0259k ki, toy-ni\u015fan m\u0259rasimi ke\u00e7irm\u0259k olar, onda sifari\u015f q\u0259bul ed\u0259c\u0259yik. D\u00fczd\u00fcr, yay aylar\u0131 \u00fc\u00e7\u00fcn sifari\u015f ver\u0259nl\u0259r olur, biz d\u0259 bunu qeyd edirik. Amma h\u0259min adamlara da deyirik ki, \u0259g\u0259r yay aylar\u0131 \u00fc\u00e7\u00fcn d\u0259 qada\u011fa t\u0259tbiq olunsa, m\u0259s\u0259l\u0259 bizlik deyil. Karantin rejimi iyun-iyul \u00fc\u00e7\u00fcn d\u0259 t\u0259tbiq olunsa, m\u00fc\u015ft\u0259ril\u0259r\u0259 z\u0259ng edib toy-ni\u015fan tarixl\u0259rini yenid\u0259n t\u0259xir\u0259 salaca\u011f\u0131q&#8221;.<\/p>\n<p>&#8220;Arena&#8221;\u00a0\u015fadl\u0131q saray\u0131ndan deyibl\u0259r ki, m\u00fcraci\u0259tl\u0259r daxil olur v\u0259 onlar\u0131 q\u0259bul edirl\u0259r:<br \/>\n&#8220;Daxil olan m\u00fcraci\u0259tl\u0259r \u0259sas\u0259n toy-ni\u015fan m\u0259rasiml\u0259ri il\u0259 ba\u011fl\u0131d\u0131r. H\u0259l\u0259 ki iyun ay\u0131 \u00fc\u00e7\u00fcn sifari\u015fl\u0259ri q\u0259bul edirik. Amma yeni qayda t\u0259tbiq olunsa ki, iyun ya da iyulda toy olmayacaq, onda m\u0259rasiml\u0259r t\u0259xir\u0259 sal\u0131nacaq&#8221;.<\/p>\n<p>&#8220;\u00c7\u0131raq Palas&#8221;\u00a0\u015fadl\u0131q saray\u0131nda da haz\u0131rda dur\u011funluqdur:<br \/>\n&#8220;Sifari\u015fl\u0259r olur, amma \u0259vv\u0259lki q\u0259d\u0259r m\u00fcraci\u0259t yoxdur. Dem\u0259k olar ki, iyun-iyul ay\u0131 \u00fc\u00e7\u00fcn eyni sayda toy-ni\u015fan sifari\u015fi alm\u0131\u015f\u0131q&#8221;.<\/p>\n<p>&#8220;Badi-S\u0259ba&#8221;\u00a0\u015fadl\u0131q saray\u0131ndan deyibl\u0259r ki, sifari\u015fl\u0259r olur, amma g\u0259ncl\u0259r toy m\u0259rasiml\u0259ri t\u0259xir\u0259 sal\u0131nar dey\u0259, \u00e7ox g\u0259rgindir:<br \/>\n&#8220;Aprel-may ay\u0131n\u0131n toylar\u0131 t\u0259xir\u0259 sal\u0131nd\u0131\u011f\u0131 \u00fc\u00e7\u00fcn daha \u00e7ox m\u00fcraci\u0259t iyun ay\u0131nad\u0131r. B\u00fct\u00fcn saraylar kimi biz d\u0259 sifari\u015fl\u0259ri q\u0259bul edirik. \u018fsas\u0259n b\u00f6y\u00fck toy m\u0259rasiml\u0259ri \u00fc\u00e7\u00fcn m\u00fcraci\u0259tl\u0259r olur, amma ki\u00e7ik toy v\u0259 ni\u015fan m\u0259rasimi etm\u0259k ist\u0259y\u0259nl\u0259r d\u0259 var. Biz\u0259 m\u00fcraci\u0259t ed\u0259n g\u0259ncl\u0259rin \u00e7oxu g\u0259rgindir ki, yen\u0259 planlar\u0131 alt-\u00fcst olacaq&#8221;.<br \/>\n&#8220;Venera&#8221;\u00a0\u015fadl\u0131q saray\u0131nda aprel ay\u0131 \u00fc\u00e7\u00fcn n\u0259z\u0259rd\u0259 tutulan 15 toy m\u0259rasimi t\u0259xir\u0259 sal\u0131n\u0131b:<br \/>\n&#8220;Sifari\u015fl\u0259ri q\u0259bul edirik, amma bilmirik ki, Nazirl\u0259r Kabineti n\u0259 q\u0259rar ver\u0259c\u0259k. Toy \u00fc\u00e7\u00fcn m\u00fcraci\u0259t ed\u0259n g\u0259ncl\u0259r var. Ancaq \u0259v\u0259lc\u0259d\u0259n beh verm\u0259y\u0259 ehtiyat edirl\u0259r. \u018fg\u0259r konkret q\u0259rar olsayd\u0131, biz d\u0259 camaata d\u0259qiq s\u00f6z dey\u0259rdik&#8221;.<\/p>\n","protected":false},"excerpt":{"rendered":"<p>Mart ay\u0131n\u0131n 14-d\u0259n etibar\u0259n pandemiya s\u0259b\u0259bi il\u0259 \u00f6lk\u0259d\u0259 b\u00fct\u00fcn k\u00fctl\u0259vi t\u0259dbirl\u0259r, o c\u00fcml\u0259d\u0259n toy-ni\u015fan m\u0259rasiml\u0259ri t\u0259xir\u0259 sal\u0131n\u0131b. \u0130ki ayd\u0131r ki, kimins\u0259 evind\u0259n &#8220;Va\u011fzal\u0131&#8221; s\u0259si e\u015fidilmir. M\u00f6vcud durumdan is\u0259 \u0259n \u00e7ox z\u0259r\u0259r \u00e7\u0259k\u0259n he\u00e7 \u015f\u00fcbh\u0259siz ki, \u015fadl\u0131q saraylar\u0131d\u0131r. Maraql\u0131d\u0131r, indi \u015fadl\u0131q saraylar\u0131 yay aylar\u0131 \u00fc\u00e7\u00fcn sifari\u015f q\u0259bul edirmi? \u0130nsanlar nec\u0259, yaya toy planla\u015fd\u0131r\u0131rm\u0131? ARANTV.AZ bildirir ki, Modern.az-\u0131n \u0259m\u0259kda\u015f\u0131 bu sualla ba\u011fl\u0131\u00a0Bak\u0131da yerl\u0259\u015f\u0259n \u015fadl\u0131q saraylar\u0131na m\u00fcraci\u0259t edib. &#8220;\u0130mperial&#8221;\u00a0\u015fadl\u0131q saray\u0131ndan deyibl\u0259r ki, art\u0131q iyun ay\u0131 \u00fc\u00e7\u00fcn bo\u015f g\u00fcn qalmay\u0131b: &#8220;Aprel-may ay\u0131n\u0131n toylar\u0131 t\u0259xir\u0259 sal\u0131nd\u0131\u011f\u0131 \u00fc\u00e7\u00fcn b\u00fct\u00fcn m\u0259rasiml\u0259ri n\u00f6vb\u0259ti aya ke\u00e7irmi\u015fik. \u0130yun ay\u0131n\u0131n 1-d\u0259n&hellip;<\/p>\n","protected":false},"author":2,"featured_media":162316,"comment_status":"closed","ping_status":"closed","sticky":false,"template":"","format":"standard","meta":{"om_disable_all_campaigns":false,"_monsterinsights_skip_tracking":false,"_monsterinsights_sitenote_active":false,"_monsterinsights_sitenote_note":"","_monsterinsights_sitenote_category":0},"categories":[26],"tags":[],"aioseo_notices":[],"gutentor_comment":0,"rttpg_featured_image_url":{"full":["https:\/\/arantv.az\/wp-content\/uploads\/2020\/05\/sadliq_evi_restoran_0254.jpg",800,600,false],"landscape":["https:\/\/arantv.az\/wp-content\/uploads\/2020\/05\/sadliq_evi_restoran_0254.jpg",800,600,false],"portraits":["https:\/\/arantv.az\/wp-content\/uploads\/2020\/05\/sadliq_evi_restoran_0254.jpg",800,600,false],"thumbnail":["https:\/\/arantv.az\/wp-content\/uploads\/2020\/05\/sadliq_evi_restoran_0254-150x150.jpg",150,150,true],"medium":["https:\/\/arantv.az\/wp-content\/uploads\/2020\/05\/sadliq_evi_restoran_0254-300x225.jpg",300,225,true],"large":["https:\/\/arantv.az\/wp-content\/uploads\/2020\/05\/sadliq_evi_restoran_0254.jpg",640,480,false],"1536x1536":["https:\/\/arantv.az\/wp-content\/uploads\/2020\/05\/sadliq_evi_restoran_0254.jpg",800,600,false],"2048x2048":["https:\/\/arantv.az\/wp-content\/uploads\/2020\/05\/sadliq_evi_restoran_0254.jpg",800,600,false],"post-thumbnail":["https:\/\/arantv.az\/wp-content\/uploads\/2020\/05\/sadliq_evi_restoran_0254-240x172.jpg",240,172,true],"advps-thumb-one":["https:\/\/arantv.az\/wp-content\/uploads\/2020\/05\/sadliq_evi_restoran_0254.jpg",800,600,false]},"rttpg_author":{"display_name":"V\u00fcsal Rafiqo\u011flu","author_link":"https:\/\/arantv.az\/?author=2"},"rttpg_comment":0,"rttpg_category":"<a href=\"https:\/\/arantv.az\/?cat=26\" rel=\"category\">Sosial<\/a>","rttpg_excerpt":"Mart ay\u0131n\u0131n 14-d\u0259n etibar\u0259n pandemiya s\u0259b\u0259bi il\u0259 \u00f6lk\u0259d\u0259 b\u00fct\u00fcn k\u00fctl\u0259vi t\u0259dbirl\u0259r, o c\u00fcml\u0259d\u0259n toy-ni\u015fan m\u0259rasiml\u0259ri t\u0259xir\u0259 sal\u0131n\u0131b. \u0130ki ayd\u0131r ki, kimins\u0259 evind\u0259n &#8220;Va\u011fzal\u0131&#8221; s\u0259si e\u015fidilmir. M\u00f6vcud durumdan is\u0259 \u0259n \u00e7ox z\u0259r\u0259r \u00e7\u0259k\u0259n he\u00e7 \u015f\u00fcbh\u0259siz ki, \u015fadl\u0131q saraylar\u0131d\u0131r. Maraql\u0131d\u0131r, indi \u015fadl\u0131q saraylar\u0131 yay aylar\u0131 \u00fc\u00e7\u00fcn sifari\u015f q\u0259bul edirmi? \u0130nsanlar nec\u0259, yaya toy planla\u015fd\u0131r\u0131rm\u0131? ARANTV.AZ bildirir ki,&hellip;","_links":{"self":[{"href":"https:\/\/arantv.az\/index.php?rest_route=\/wp\/v2\/posts\/162315"}],"collection":[{"href":"https:\/\/arantv.az\/index.php?rest_route=\/wp\/v2\/posts"}],"about":[{"href":"https:\/\/arantv.az\/index.php?rest_route=\/wp\/v2\/types\/post"}],"author":[{"embeddable":true,"href":"https:\/\/arantv.az\/index.php?rest_route=\/wp\/v2\/users\/2"}],"replies":[{"embeddable":true,"href":"https:\/\/arantv.az\/index.php?rest_route=%2Fwp%2Fv2%2Fcomments&post=162315"}],"version-history":[{"count":0,"href":"https:\/\/arantv.az\/index.php?rest_route=\/wp\/v2\/posts\/162315\/revisions"}],"wp:featuredmedia":[{"embeddable":true,"href":"https:\/\/arantv.az\/index.php?rest_route=\/wp\/v2\/media\/162316"}],"wp:attachment":[{"href":"https:\/\/arantv.az\/index.php?rest_route=%2Fwp%2Fv2%2Fmedia&parent=162315"}],"wp:term":[{"taxonomy":"category","embeddable":true,"href":"https:\/\/arantv.az\/index.php?rest_route=%2Fwp%2Fv2%2Fcategories&post=162315"},{"taxonomy":"post_tag","embeddable":true,"href":"https:\/\/arantv.az\/index.php?rest_route=%2Fwp%2Fv2%2Ftags&post=162315"}],"curies":[{"name":"wp","href":"https:\/\/api.w.org\/{rel}","templated":true}]}}