{"id":162380,"date":"2020-05-09T18:53:07","date_gmt":"2020-05-09T15:53:07","guid":{"rendered":"http:\/\/arantv.az\/?p=162380"},"modified":"2020-05-09T18:53:07","modified_gmt":"2020-05-09T15:53:07","slug":"prezident-ilham-%c9%99liyev-h%c9%99m-tarixi-%c9%99dal%c9%99t-h%c9%99m-d%c9%99-beyn%c9%99lxalq-huquq-baximindan-dagliq-qarabag-az%c9%99rbaycanin-ayrilmaz-t%c9%99rkib-hiss%c9%99sidir","status":"publish","type":"post","link":"https:\/\/arantv.az\/?p=162380","title":{"rendered":"Prezident \u0130lham \u018fliyev: H\u0259m tarixi \u0259dal\u0259t, h\u0259m d\u0259 beyn\u0259lxalq h\u00fcquq bax\u0131m\u0131ndan Da\u011fl\u0131q Qaraba\u011f Az\u0259rbaycan\u0131n ayr\u0131lmaz t\u0259rkib hiss\u0259sidir"},"content":{"rendered":"<p>Erm\u0259nistan\u0131n Az\u0259rbaycana qar\u015f\u0131 25 ild\u0259n \u00e7ox davam ed\u0259n t\u0259cav\u00fcz\u00fc \u00f6lk\u0259mizin \u0259razisinin t\u0259qrib\u0259n 20 faizinin i\u015f\u011fal edilm\u0259sin\u0259 g\u0259tirib \u00e7\u0131xar\u0131b. N\u0259tic\u0259d\u0259 1 milyondan \u00e7ox az\u0259rbaycanl\u0131 qa\u00e7q\u0131n v\u0259 m\u0259cburi k\u00f6\u00e7k\u00fcn v\u0259ziyy\u0259tin\u0259 d\u00fc\u015f\u00fcb.<\/p>\n<p><strong>ARANTV.AZ<\/strong>\u00a0<a href=\"http:\/\/azertag.az\/\" target=\"_blank\" rel=\"noopener\">AZ\u018fRTAC<\/a>-a istinad\u0259n bildirir ki,\u00a0bu fikirl\u0259ri Prezident \u0130lham \u018fliyev Rusiyan\u0131n &#8220;Natsionalnaya oborona&#8221; (&#8220;Milli m\u00fcdafi\u0259&#8221;) jurnal\u0131na m\u00fcsahib\u0259sind\u0259 deyib.<\/p>\n<p>D\u00f6vl\u0259t ba\u015f\u00e7\u0131s\u0131 bildirib ki, h\u0259m tarixi \u0259dal\u0259t, h\u0259m d\u0259 beyn\u0259lxalq h\u00fcquq bax\u0131m\u0131ndan Da\u011fl\u0131q Qaraba\u011f Az\u0259rbaycan\u0131n ayr\u0131lmaz t\u0259rkib hiss\u0259sidir. &#8220;Qaraba\u011f&#8221; ad\u0131n\u0131n \u00f6z\u00fc Az\u0259rbaycan s\u00f6z\u00fcd\u00fcr. Tarixd\u0259n m\u0259lumdur ki, 1805-ci ild\u0259 Qaraba\u011f xan\u0131 \u0130brahim xan t\u0259r\u0259find\u0259n Rusiya ordusunun general\u0131 Sisiyanovla imzalanm\u0131\u015f sazi\u015f\u0259 g\u00f6r\u0259 Az\u0259rbaycan\u0131n Qaraba\u011f xanl\u0131\u011f\u0131 m\u00fcst\u0259qil \u00f6lk\u0259 kimi Rusiya imperiyas\u0131n\u0131n tabeliyin\u0259 ke\u00e7ib. K\u00fcr\u0259k\u00e7ay sazi\u015fi adlanan bu s\u0259n\u0259din m\u0259tnini internetd\u0259 tapmaq olar. H\u0259min s\u0259n\u0259dd\u0259 Qaraba\u011f\u0131n erm\u0259ni \u0259halisi bar\u0259d\u0259 he\u00e7 n\u0259 deyilmir. 1813-c\u00fc v\u0259 1828-ci ill\u0259rd\u0259 imzalanm\u0131\u015f G\u00fcl\u00fcstan v\u0259 T\u00fcrkm\u0259n\u00e7ay m\u00fcqavil\u0259l\u0259ri \u0259sas\u0131nda Az\u0259rbaycan\u0131n qalan \u0259razil\u0259ri d\u0259 Rusiya imperiyas\u0131n\u0131n t\u0259rkibin\u0259 ke\u00e7ib. H\u0259min d\u00f6vrd\u0259 erm\u0259nil\u0259ri \u0130randan v\u0259 \u015e\u0259rqi Anadoludan Az\u0259rbaycan\u0131n Qaraba\u011f regionuna k\u00f6\u00e7\u00fcrm\u0259y\u0259 ba\u015flay\u0131blar. Bel\u0259likl\u0259, y\u00fcz minl\u0259rl\u0259 erm\u0259ni k\u00f6\u00e7k\u00fcn tarixi Az\u0259rbaycan torpa\u011f\u0131na g\u0259lib \u00e7\u0131x\u0131b.<\/p>\n<p>Sonradan, 1918-ci ild\u0259 Az\u0259rbaycan Xalq C\u00fcmhuriyy\u0259ti yarad\u0131landa onun ilk f\u0259rmanlar\u0131ndan biri \u0130r\u0259van\u0131n Az\u0259rbaycan\u0131n t\u0259rkibind\u0259n Erm\u0259nistan\u0131n t\u0259rkibin\u0259 verilm\u0259si v\u0259 Erm\u0259nistan\u0131n paytaxt\u0131 elan edilm\u0259si haqq\u0131nda f\u0259rman olub. Bu da tarixi faktd\u0131r. 1921-ci ild\u0259 bol\u015fevikl\u0259r partiyas\u0131n\u0131n Qafqaz b\u00fcrosu Da\u011fl\u0131q Qaraba\u011f\u0131n Az\u0259rbaycan\u0131n t\u0259rkibind\u0259 saxlanmas\u0131 haqq\u0131nda q\u0259rar q\u0259bul edib. B\u0259zi erm\u0259ni tarix\u00e7il\u0259rinin yazd\u0131\u011f\u0131 kimi, Az\u0259rbaycana verilm\u0259si haqq\u0131nda yox, m\u0259hz saxlanmas\u0131 haqq\u0131nda. Bu da tarixi faktd\u0131r. Daha bir tarixi fakt ondan ibar\u0259tdir ki, 1923-c\u00fc ild\u0259 Az\u0259rbaycan Sovet Sosialist Respublikas\u0131 Az\u0259rbaycan\u0131n t\u0259rkibind\u0259 Da\u011fl\u0131q Qaraba\u011f Muxtar Vilay\u0259tinin yarad\u0131lmas\u0131 haqq\u0131nda f\u0259rman verib.<\/p>\n<p>Az\u0259rbaycan BMT-y\u0259 daxil olanda da, o, \u00f6z\u00fcn\u00fcn tam \u0259razi b\u00fct\u00f6vl\u00fcy\u00fc \u00e7\u0259r\u00e7iv\u0259sind\u0259 daxil olub. Erm\u0259nistan-Az\u0259rbaycan Da\u011fl\u0131q Qaraba\u011f m\u00fcnaqi\u015f\u0259si Az\u0259rbaycan\u0131n \u0259razi b\u00fct\u00f6vl\u00fcy\u00fc, b\u00fct\u00fcn d\u00fcnya t\u0259r\u0259find\u0259n q\u0259bul edilmi\u015f BMT-nin Nizamnam\u0259si v\u0259 Helsinki Yekun Akt\u0131 \u00e7\u0259r\u00e7iv\u0259sind\u0259 h\u0259ll edilm\u0259lidir.<\/p>\n","protected":false},"excerpt":{"rendered":"<p>Erm\u0259nistan\u0131n Az\u0259rbaycana qar\u015f\u0131 25 ild\u0259n \u00e7ox davam ed\u0259n t\u0259cav\u00fcz\u00fc \u00f6lk\u0259mizin \u0259razisinin t\u0259qrib\u0259n 20 faizinin i\u015f\u011fal edilm\u0259sin\u0259 g\u0259tirib \u00e7\u0131xar\u0131b. N\u0259tic\u0259d\u0259 1 milyondan \u00e7ox az\u0259rbaycanl\u0131 qa\u00e7q\u0131n v\u0259 m\u0259cburi k\u00f6\u00e7k\u00fcn v\u0259ziyy\u0259tin\u0259 d\u00fc\u015f\u00fcb. ARANTV.AZ\u00a0AZ\u018fRTAC-a istinad\u0259n bildirir ki,\u00a0bu fikirl\u0259ri Prezident \u0130lham \u018fliyev Rusiyan\u0131n &#8220;Natsionalnaya oborona&#8221; (&#8220;Milli m\u00fcdafi\u0259&#8221;) jurnal\u0131na m\u00fcsahib\u0259sind\u0259 deyib. D\u00f6vl\u0259t ba\u015f\u00e7\u0131s\u0131 bildirib ki, h\u0259m tarixi \u0259dal\u0259t, h\u0259m d\u0259 beyn\u0259lxalq h\u00fcquq bax\u0131m\u0131ndan Da\u011fl\u0131q Qaraba\u011f Az\u0259rbaycan\u0131n ayr\u0131lmaz t\u0259rkib hiss\u0259sidir. &#8220;Qaraba\u011f&#8221; ad\u0131n\u0131n \u00f6z\u00fc Az\u0259rbaycan s\u00f6z\u00fcd\u00fcr. Tarixd\u0259n m\u0259lumdur ki, 1805-ci ild\u0259 Qaraba\u011f xan\u0131 \u0130brahim xan t\u0259r\u0259find\u0259n Rusiya ordusunun general\u0131 Sisiyanovla imzalanm\u0131\u015f sazi\u015f\u0259 g\u00f6r\u0259 Az\u0259rbaycan\u0131n Qaraba\u011f xanl\u0131\u011f\u0131 m\u00fcst\u0259qil \u00f6lk\u0259&hellip;<\/p>\n","protected":false},"author":2,"featured_media":162384,"comment_status":"closed","ping_status":"closed","sticky":false,"template":"","format":"standard","meta":{"om_disable_all_campaigns":false,"_monsterinsights_skip_tracking":false,"_monsterinsights_sitenote_active":false,"_monsterinsights_sitenote_note":"","_monsterinsights_sitenote_category":0},"categories":[1],"tags":[],"aioseo_notices":[],"gutentor_comment":0,"rttpg_featured_image_url":{"full":["https:\/\/arantv.az\/wp-content\/uploads\/2020\/05\/ilham_aliyev_2020_54-1.jpg",800,600,false],"landscape":["https:\/\/arantv.az\/wp-content\/uploads\/2020\/05\/ilham_aliyev_2020_54-1.jpg",800,600,false],"portraits":["https:\/\/arantv.az\/wp-content\/uploads\/2020\/05\/ilham_aliyev_2020_54-1.jpg",800,600,false],"thumbnail":["https:\/\/arantv.az\/wp-content\/uploads\/2020\/05\/ilham_aliyev_2020_54-1-150x150.jpg",150,150,true],"medium":["https:\/\/arantv.az\/wp-content\/uploads\/2020\/05\/ilham_aliyev_2020_54-1-300x225.jpg",300,225,true],"large":["https:\/\/arantv.az\/wp-content\/uploads\/2020\/05\/ilham_aliyev_2020_54-1.jpg",640,480,false],"1536x1536":["https:\/\/arantv.az\/wp-content\/uploads\/2020\/05\/ilham_aliyev_2020_54-1.jpg",800,600,false],"2048x2048":["https:\/\/arantv.az\/wp-content\/uploads\/2020\/05\/ilham_aliyev_2020_54-1.jpg",800,600,false],"post-thumbnail":["https:\/\/arantv.az\/wp-content\/uploads\/2020\/05\/ilham_aliyev_2020_54-1-240x172.jpg",240,172,true],"advps-thumb-one":["https:\/\/arantv.az\/wp-content\/uploads\/2020\/05\/ilham_aliyev_2020_54-1.jpg",800,600,false]},"rttpg_author":{"display_name":"V\u00fcsal Rafiqo\u011flu","author_link":"https:\/\/arantv.az\/?author=2"},"rttpg_comment":0,"rttpg_category":"<a href=\"https:\/\/arantv.az\/?cat=1\" rel=\"category\">C\u0259miyy\u0259t<\/a>","rttpg_excerpt":"Erm\u0259nistan\u0131n Az\u0259rbaycana qar\u015f\u0131 25 ild\u0259n \u00e7ox davam ed\u0259n t\u0259cav\u00fcz\u00fc \u00f6lk\u0259mizin \u0259razisinin t\u0259qrib\u0259n 20 faizinin i\u015f\u011fal edilm\u0259sin\u0259 g\u0259tirib \u00e7\u0131xar\u0131b. N\u0259tic\u0259d\u0259 1 milyondan \u00e7ox az\u0259rbaycanl\u0131 qa\u00e7q\u0131n v\u0259 m\u0259cburi k\u00f6\u00e7k\u00fcn v\u0259ziyy\u0259tin\u0259 d\u00fc\u015f\u00fcb. ARANTV.AZ\u00a0AZ\u018fRTAC-a istinad\u0259n bildirir ki,\u00a0bu fikirl\u0259ri Prezident \u0130lham \u018fliyev Rusiyan\u0131n &#8220;Natsionalnaya oborona&#8221; (&#8220;Milli m\u00fcdafi\u0259&#8221;) jurnal\u0131na m\u00fcsahib\u0259sind\u0259 deyib. D\u00f6vl\u0259t ba\u015f\u00e7\u0131s\u0131 bildirib ki, h\u0259m tarixi \u0259dal\u0259t, h\u0259m d\u0259 beyn\u0259lxalq&hellip;","_links":{"self":[{"href":"https:\/\/arantv.az\/index.php?rest_route=\/wp\/v2\/posts\/162380"}],"collection":[{"href":"https:\/\/arantv.az\/index.php?rest_route=\/wp\/v2\/posts"}],"about":[{"href":"https:\/\/arantv.az\/index.php?rest_route=\/wp\/v2\/types\/post"}],"author":[{"embeddable":true,"href":"https:\/\/arantv.az\/index.php?rest_route=\/wp\/v2\/users\/2"}],"replies":[{"embeddable":true,"href":"https:\/\/arantv.az\/index.php?rest_route=%2Fwp%2Fv2%2Fcomments&post=162380"}],"version-history":[{"count":0,"href":"https:\/\/arantv.az\/index.php?rest_route=\/wp\/v2\/posts\/162380\/revisions"}],"wp:featuredmedia":[{"embeddable":true,"href":"https:\/\/arantv.az\/index.php?rest_route=\/wp\/v2\/media\/162384"}],"wp:attachment":[{"href":"https:\/\/arantv.az\/index.php?rest_route=%2Fwp%2Fv2%2Fmedia&parent=162380"}],"wp:term":[{"taxonomy":"category","embeddable":true,"href":"https:\/\/arantv.az\/index.php?rest_route=%2Fwp%2Fv2%2Fcategories&post=162380"},{"taxonomy":"post_tag","embeddable":true,"href":"https:\/\/arantv.az\/index.php?rest_route=%2Fwp%2Fv2%2Ftags&post=162380"}],"curies":[{"name":"wp","href":"https:\/\/api.w.org\/{rel}","templated":true}]}}