{"id":162390,"date":"2020-05-09T18:55:15","date_gmt":"2020-05-09T15:55:15","guid":{"rendered":"http:\/\/arantv.az\/?p=162390"},"modified":"2020-05-09T18:55:15","modified_gmt":"2020-05-09T15:55:15","slug":"prezident-ilham-%c9%99liyev-az%c9%99rbaycan-elektrik-enerjisinin-v%c9%99-t%c9%99bii-qazin-idxalcisindan-ixracatcisina-cevrilib","status":"publish","type":"post","link":"https:\/\/arantv.az\/?p=162390","title":{"rendered":"Prezident \u0130lham \u018fliyev: Az\u0259rbaycan elektrik enerjisinin v\u0259 t\u0259bii qaz\u0131n idxal\u00e7\u0131s\u0131ndan ixracat\u00e7\u0131s\u0131na \u00e7evrilib"},"content":{"rendered":"<p>Son ill\u0259rd\u0259 Az\u0259rbaycan elektrik enerjisinin v\u0259 t\u0259bii qaz\u0131n idxal\u00e7\u0131s\u0131ndan onlar\u0131n ixracat\u00e7\u0131s\u0131na \u00e7evrilib. 2003-c\u00fc ild\u0259n b\u0259ri Az\u0259rbaycanda 30-dan \u00e7ox elektrik stansiyas\u0131 tikilib. Bir ne\u00e7\u0259 ildir ki, biz istehsal edil\u0259n elektrik enerjisinin art\u0131q hiss\u0259sini ixrac edirik. Yeri g\u0259lmi\u015fk\u0259n, biz \u00f6lk\u0259nin ekoloji v\u0259ziyy\u0259tin\u0259 b\u00f6y\u00fck diqq\u0259t yetiririk, buna g\u00f6r\u0259 d\u0259 son ill\u0259rd\u0259 Az\u0259rbaycanda in\u015fa edil\u0259n elektrik stansiyalar\u0131 b\u00fct\u00fcn ekoloji t\u0259l\u0259bl\u0259r\u0259 cavab verir v\u0259 respublikan\u0131n t\u0259bii qaz v\u0259 su ehtiyatlar\u0131 \u0259sas\u0131nda i\u015fl\u0259yir.<\/p>\n<p><strong>ARANTV.AZ<\/strong>\u00a0<a href=\"http:\/\/azertag.az\/\" target=\"_blank\" rel=\"noopener\">AZ\u018fRTAC<\/a>-a istinad\u0259n bildirir ki,\u00a0bu fikirl\u0259ri Prezident \u0130lham \u018fliyev Rusiyan\u0131n &#8220;Natsionalnaya oborona&#8221; (&#8220;Milli m\u00fcdafi\u0259&#8221;) jurnal\u0131na m\u00fcsahib\u0259sind\u0259 deyib.<\/p>\n<p>&#8220;Biz Az\u0259rbaycanda b\u0259rpaolunan enerjinin inki\u015faf\u0131na da b\u00f6y\u00fck diqq\u0259t yetiririk. Bu ilin yanvar ay\u0131nda ilkin raz\u0131l\u0131q \u0259ld\u0259 edildi v\u0259 b\u0259rpaolunan enerji sah\u0259sind\u0259 b\u00f6y\u00fck t\u0259cr\u00fcb\u0259y\u0259 malik olan iki iri xarici \u015firk\u0259t Az\u0259rbaycanla ilkin sazi\u015fl\u0259r imzalad\u0131. H\u0259min sazi\u015fl\u0259r\u0259 \u0259sas\u0259n \u00f6lk\u0259mizd\u0259 yaln\u0131z \u0259cn\u0259bi investorlar\u0131n hesab\u0131na \u00fcmumi g\u00fcc\u00fc 440 meqavat olan iki elektrik stansiyas\u0131 tikil\u0259c\u0259k &#8211; biri k\u00fcl\u0259k enerjisind\u0259n, dig\u0259ri g\u00fcn\u0259\u015f enerjisind\u0259n elektrik enerjisi istehsal ed\u0259c\u0259k.<\/p>\n<p>Bizd\u0259 elektrotexnika sah\u0259sinin infrastrukturu tamamil\u0259 modernl\u0259\u015fdirilib. Davos D\u00fcnya \u0130qtisadi Forumunun reytinqin\u0259 \u0259sas\u0259n elektrik enerjisinin \u0259l\u00e7atanl\u0131q \u0259msal\u0131na g\u00f6r\u0259 Az\u0259rbaycan d\u00fcnyada ikinci yeri tutur.<\/p>\n<p>\u0130ri transmilli neft-qaz layih\u0259l\u0259rinin h\u0259yata ke\u00e7irilm\u0259si m\u0259s\u0259l\u0259sin\u0259 g\u0259ldikd\u0259 bizim enerji resurslar\u0131n\u0131 bir ne\u00e7\u0259 istiqam\u0259td\u0259 ixrac ed\u0259n 7 neft v\u0259 qaz k\u0259m\u0259ri in\u015fa olunub. C\u0259nub Qaz D\u0259hlizinin tikintisi u\u011furla ba\u015fa \u00e7atmaq \u00fczr\u0259dir&#8221; , &#8211; dey\u0259 d\u00f6vl\u0259t ba\u015f\u00e7\u0131s\u0131 bildirib.<\/p>\n","protected":false},"excerpt":{"rendered":"<p>Son ill\u0259rd\u0259 Az\u0259rbaycan elektrik enerjisinin v\u0259 t\u0259bii qaz\u0131n idxal\u00e7\u0131s\u0131ndan onlar\u0131n ixracat\u00e7\u0131s\u0131na \u00e7evrilib. 2003-c\u00fc ild\u0259n b\u0259ri Az\u0259rbaycanda 30-dan \u00e7ox elektrik stansiyas\u0131 tikilib. Bir ne\u00e7\u0259 ildir ki, biz istehsal edil\u0259n elektrik enerjisinin art\u0131q hiss\u0259sini ixrac edirik. Yeri g\u0259lmi\u015fk\u0259n, biz \u00f6lk\u0259nin ekoloji v\u0259ziyy\u0259tin\u0259 b\u00f6y\u00fck diqq\u0259t yetiririk, buna g\u00f6r\u0259 d\u0259 son ill\u0259rd\u0259 Az\u0259rbaycanda in\u015fa edil\u0259n elektrik stansiyalar\u0131 b\u00fct\u00fcn ekoloji t\u0259l\u0259bl\u0259r\u0259 cavab verir v\u0259 respublikan\u0131n t\u0259bii qaz v\u0259 su ehtiyatlar\u0131 \u0259sas\u0131nda i\u015fl\u0259yir. ARANTV.AZ\u00a0AZ\u018fRTAC-a istinad\u0259n bildirir ki,\u00a0bu fikirl\u0259ri Prezident \u0130lham \u018fliyev Rusiyan\u0131n &#8220;Natsionalnaya oborona&#8221; (&#8220;Milli m\u00fcdafi\u0259&#8221;) jurnal\u0131na m\u00fcsahib\u0259sind\u0259 deyib. &#8220;Biz Az\u0259rbaycanda b\u0259rpaolunan enerjinin inki\u015faf\u0131na da b\u00f6y\u00fck&hellip;<\/p>\n","protected":false},"author":2,"featured_media":162392,"comment_status":"closed","ping_status":"closed","sticky":false,"template":"","format":"standard","meta":{"om_disable_all_campaigns":false,"_monsterinsights_skip_tracking":false,"_monsterinsights_sitenote_active":false,"_monsterinsights_sitenote_note":"","_monsterinsights_sitenote_category":0},"categories":[1],"tags":[],"aioseo_notices":[],"gutentor_comment":0,"rttpg_featured_image_url":{"full":["https:\/\/arantv.az\/wp-content\/uploads\/2020\/05\/ilham_aliyev_2020_55-1.jpg",800,600,false],"landscape":["https:\/\/arantv.az\/wp-content\/uploads\/2020\/05\/ilham_aliyev_2020_55-1.jpg",800,600,false],"portraits":["https:\/\/arantv.az\/wp-content\/uploads\/2020\/05\/ilham_aliyev_2020_55-1.jpg",800,600,false],"thumbnail":["https:\/\/arantv.az\/wp-content\/uploads\/2020\/05\/ilham_aliyev_2020_55-1-150x150.jpg",150,150,true],"medium":["https:\/\/arantv.az\/wp-content\/uploads\/2020\/05\/ilham_aliyev_2020_55-1-300x225.jpg",300,225,true],"large":["https:\/\/arantv.az\/wp-content\/uploads\/2020\/05\/ilham_aliyev_2020_55-1.jpg",640,480,false],"1536x1536":["https:\/\/arantv.az\/wp-content\/uploads\/2020\/05\/ilham_aliyev_2020_55-1.jpg",800,600,false],"2048x2048":["https:\/\/arantv.az\/wp-content\/uploads\/2020\/05\/ilham_aliyev_2020_55-1.jpg",800,600,false],"post-thumbnail":["https:\/\/arantv.az\/wp-content\/uploads\/2020\/05\/ilham_aliyev_2020_55-1-240x172.jpg",240,172,true],"advps-thumb-one":["https:\/\/arantv.az\/wp-content\/uploads\/2020\/05\/ilham_aliyev_2020_55-1.jpg",800,600,false]},"rttpg_author":{"display_name":"V\u00fcsal Rafiqo\u011flu","author_link":"https:\/\/arantv.az\/?author=2"},"rttpg_comment":0,"rttpg_category":"<a href=\"https:\/\/arantv.az\/?cat=1\" rel=\"category\">C\u0259miyy\u0259t<\/a>","rttpg_excerpt":"Son ill\u0259rd\u0259 Az\u0259rbaycan elektrik enerjisinin v\u0259 t\u0259bii qaz\u0131n idxal\u00e7\u0131s\u0131ndan onlar\u0131n ixracat\u00e7\u0131s\u0131na \u00e7evrilib. 2003-c\u00fc ild\u0259n b\u0259ri Az\u0259rbaycanda 30-dan \u00e7ox elektrik stansiyas\u0131 tikilib. Bir ne\u00e7\u0259 ildir ki, biz istehsal edil\u0259n elektrik enerjisinin art\u0131q hiss\u0259sini ixrac edirik. Yeri g\u0259lmi\u015fk\u0259n, biz \u00f6lk\u0259nin ekoloji v\u0259ziyy\u0259tin\u0259 b\u00f6y\u00fck diqq\u0259t yetiririk, buna g\u00f6r\u0259 d\u0259 son ill\u0259rd\u0259 Az\u0259rbaycanda in\u015fa edil\u0259n elektrik stansiyalar\u0131 b\u00fct\u00fcn ekoloji&hellip;","_links":{"self":[{"href":"https:\/\/arantv.az\/index.php?rest_route=\/wp\/v2\/posts\/162390"}],"collection":[{"href":"https:\/\/arantv.az\/index.php?rest_route=\/wp\/v2\/posts"}],"about":[{"href":"https:\/\/arantv.az\/index.php?rest_route=\/wp\/v2\/types\/post"}],"author":[{"embeddable":true,"href":"https:\/\/arantv.az\/index.php?rest_route=\/wp\/v2\/users\/2"}],"replies":[{"embeddable":true,"href":"https:\/\/arantv.az\/index.php?rest_route=%2Fwp%2Fv2%2Fcomments&post=162390"}],"version-history":[{"count":0,"href":"https:\/\/arantv.az\/index.php?rest_route=\/wp\/v2\/posts\/162390\/revisions"}],"wp:featuredmedia":[{"embeddable":true,"href":"https:\/\/arantv.az\/index.php?rest_route=\/wp\/v2\/media\/162392"}],"wp:attachment":[{"href":"https:\/\/arantv.az\/index.php?rest_route=%2Fwp%2Fv2%2Fmedia&parent=162390"}],"wp:term":[{"taxonomy":"category","embeddable":true,"href":"https:\/\/arantv.az\/index.php?rest_route=%2Fwp%2Fv2%2Fcategories&post=162390"},{"taxonomy":"post_tag","embeddable":true,"href":"https:\/\/arantv.az\/index.php?rest_route=%2Fwp%2Fv2%2Ftags&post=162390"}],"curies":[{"name":"wp","href":"https:\/\/api.w.org\/{rel}","templated":true}]}}