{"id":162396,"date":"2020-05-09T18:56:13","date_gmt":"2020-05-09T15:56:13","guid":{"rendered":"http:\/\/arantv.az\/?p=162396"},"modified":"2020-05-09T18:56:13","modified_gmt":"2020-05-09T15:56:13","slug":"ramin-bayramli-koronavirus-x%c9%99st%c9%99l%c9%99ri-ucun-immun-plazma-mualic%c9%99si-aparilir","status":"publish","type":"post","link":"https:\/\/arantv.az\/?p=162396","title":{"rendered":"Ramin Bayraml\u0131: Koronavirus x\u0259st\u0259l\u0259ri \u00fc\u00e7\u00fcn immun plazma m\u00fcalic\u0259si apar\u0131l\u0131r"},"content":{"rendered":"<p><strong>Koronavirus x\u0259st\u0259l\u0259ri \u00fc\u00e7\u00fcn immun plazma m\u00fcalic\u0259sinin apar\u0131lmas\u0131 m\u0259qs\u0259dil\u0259 ilk i\u015fl\u0259r g\u00f6r\u00fcl\u00fcb.<\/strong><\/p>\n<p><strong>ARANTV.AZ<\/strong>\u00a0<a href=\"http:\/\/az.trend.az\/\" target=\"_blank\" rel=\"noopener\">Trend<\/a>-\u0259 istinad\u0259n bildirir ki,\u00a0bunu Tibbi \u018frazi B\u00f6lm\u0259l\u0259rini \u0130dar\u0259etm\u0259 Birliyinin (T\u018fB\u0130B) s\u0259dri Ramin Bayraml\u0131 Nazirl\u0259r Kabineti yan\u0131nda Operativ q\u0259rargah\u0131n bu g\u00fcn ke\u00e7iril\u0259n brifinqind\u0259 deyib.<\/p>\n<p>R.Bayraml\u0131 qeyd edib ki, sa\u011falm\u0131\u015f x\u0259st\u0259l\u0259rd\u0259n immun plazma \u0259ld\u0259 edilib, art\u0131q ilk a\u011f\u0131r reanimasyon xs\u0259t\u0259l\u0259r\u0259 plazma k\u00f6\u00e7\u00fcr\u00fcl\u00fcb. Bunun n\u0259tic\u0259l\u0259ri bar\u0259d\u0259 \u0259lav\u0259 m\u0259lumat veril\u0259c\u0259k.<\/p>\n<p>Onun s\u00f6zl\u0259rin\u0259 g\u00f6r\u0259, \u00f6lk\u0259d\u0259 \u00e7arpay\u0131 fondunun kifay\u0259t q\u0259d\u0259r olmas\u0131na baxmayaraq, yeni istifad\u0259y\u0259 veril\u0259n ilk modul tipli x\u0259st\u0259xana \u00e7arpay\u0131 fondunun daha da artmas\u0131na imkan verdi.<\/p>\n","protected":false},"excerpt":{"rendered":"<p>Koronavirus x\u0259st\u0259l\u0259ri \u00fc\u00e7\u00fcn immun plazma m\u00fcalic\u0259sinin apar\u0131lmas\u0131 m\u0259qs\u0259dil\u0259 ilk i\u015fl\u0259r g\u00f6r\u00fcl\u00fcb. ARANTV.AZ\u00a0Trend-\u0259 istinad\u0259n bildirir ki,\u00a0bunu Tibbi \u018frazi B\u00f6lm\u0259l\u0259rini \u0130dar\u0259etm\u0259 Birliyinin (T\u018fB\u0130B) s\u0259dri Ramin Bayraml\u0131 Nazirl\u0259r Kabineti yan\u0131nda Operativ q\u0259rargah\u0131n bu g\u00fcn ke\u00e7iril\u0259n brifinqind\u0259 deyib. R.Bayraml\u0131 qeyd edib ki, sa\u011falm\u0131\u015f x\u0259st\u0259l\u0259rd\u0259n immun plazma \u0259ld\u0259 edilib, art\u0131q ilk a\u011f\u0131r reanimasyon xs\u0259t\u0259l\u0259r\u0259 plazma k\u00f6\u00e7\u00fcr\u00fcl\u00fcb. Bunun n\u0259tic\u0259l\u0259ri bar\u0259d\u0259 \u0259lav\u0259 m\u0259lumat veril\u0259c\u0259k. Onun s\u00f6zl\u0259rin\u0259 g\u00f6r\u0259, \u00f6lk\u0259d\u0259 \u00e7arpay\u0131 fondunun kifay\u0259t q\u0259d\u0259r olmas\u0131na baxmayaraq, yeni istifad\u0259y\u0259 veril\u0259n ilk modul tipli x\u0259st\u0259xana \u00e7arpay\u0131 fondunun daha da artmas\u0131na imkan verdi.<\/p>\n","protected":false},"author":2,"featured_media":162397,"comment_status":"closed","ping_status":"closed","sticky":false,"template":"","format":"standard","meta":{"om_disable_all_campaigns":false,"_monsterinsights_skip_tracking":false,"_monsterinsights_sitenote_active":false,"_monsterinsights_sitenote_note":"","_monsterinsights_sitenote_category":0},"categories":[19],"tags":[],"aioseo_notices":[],"gutentor_comment":0,"rttpg_featured_image_url":{"full":["https:\/\/arantv.az\/wp-content\/uploads\/2020\/05\/849029.jpg",660,495,false],"landscape":["https:\/\/arantv.az\/wp-content\/uploads\/2020\/05\/849029.jpg",660,495,false],"portraits":["https:\/\/arantv.az\/wp-content\/uploads\/2020\/05\/849029.jpg",660,495,false],"thumbnail":["https:\/\/arantv.az\/wp-content\/uploads\/2020\/05\/849029-150x150.jpg",150,150,true],"medium":["https:\/\/arantv.az\/wp-content\/uploads\/2020\/05\/849029-300x225.jpg",300,225,true],"large":["https:\/\/arantv.az\/wp-content\/uploads\/2020\/05\/849029.jpg",640,480,false],"1536x1536":["https:\/\/arantv.az\/wp-content\/uploads\/2020\/05\/849029.jpg",660,495,false],"2048x2048":["https:\/\/arantv.az\/wp-content\/uploads\/2020\/05\/849029.jpg",660,495,false],"post-thumbnail":["https:\/\/arantv.az\/wp-content\/uploads\/2020\/05\/849029-240x172.jpg",240,172,true],"advps-thumb-one":["https:\/\/arantv.az\/wp-content\/uploads\/2020\/05\/849029.jpg",660,495,false]},"rttpg_author":{"display_name":"V\u00fcsal Rafiqo\u011flu","author_link":"https:\/\/arantv.az\/?author=2"},"rttpg_comment":0,"rttpg_category":"<a href=\"https:\/\/arantv.az\/?cat=19\" rel=\"category\">G\u00fcnd\u0259m<\/a>","rttpg_excerpt":"Koronavirus x\u0259st\u0259l\u0259ri \u00fc\u00e7\u00fcn immun plazma m\u00fcalic\u0259sinin apar\u0131lmas\u0131 m\u0259qs\u0259dil\u0259 ilk i\u015fl\u0259r g\u00f6r\u00fcl\u00fcb. ARANTV.AZ\u00a0Trend-\u0259 istinad\u0259n bildirir ki,\u00a0bunu Tibbi \u018frazi B\u00f6lm\u0259l\u0259rini \u0130dar\u0259etm\u0259 Birliyinin (T\u018fB\u0130B) s\u0259dri Ramin Bayraml\u0131 Nazirl\u0259r Kabineti yan\u0131nda Operativ q\u0259rargah\u0131n bu g\u00fcn ke\u00e7iril\u0259n brifinqind\u0259 deyib. R.Bayraml\u0131 qeyd edib ki, sa\u011falm\u0131\u015f x\u0259st\u0259l\u0259rd\u0259n immun plazma \u0259ld\u0259 edilib, art\u0131q ilk a\u011f\u0131r reanimasyon xs\u0259t\u0259l\u0259r\u0259 plazma k\u00f6\u00e7\u00fcr\u00fcl\u00fcb. Bunun n\u0259tic\u0259l\u0259ri bar\u0259d\u0259 \u0259lav\u0259&hellip;","_links":{"self":[{"href":"https:\/\/arantv.az\/index.php?rest_route=\/wp\/v2\/posts\/162396"}],"collection":[{"href":"https:\/\/arantv.az\/index.php?rest_route=\/wp\/v2\/posts"}],"about":[{"href":"https:\/\/arantv.az\/index.php?rest_route=\/wp\/v2\/types\/post"}],"author":[{"embeddable":true,"href":"https:\/\/arantv.az\/index.php?rest_route=\/wp\/v2\/users\/2"}],"replies":[{"embeddable":true,"href":"https:\/\/arantv.az\/index.php?rest_route=%2Fwp%2Fv2%2Fcomments&post=162396"}],"version-history":[{"count":0,"href":"https:\/\/arantv.az\/index.php?rest_route=\/wp\/v2\/posts\/162396\/revisions"}],"wp:featuredmedia":[{"embeddable":true,"href":"https:\/\/arantv.az\/index.php?rest_route=\/wp\/v2\/media\/162397"}],"wp:attachment":[{"href":"https:\/\/arantv.az\/index.php?rest_route=%2Fwp%2Fv2%2Fmedia&parent=162396"}],"wp:term":[{"taxonomy":"category","embeddable":true,"href":"https:\/\/arantv.az\/index.php?rest_route=%2Fwp%2Fv2%2Fcategories&post=162396"},{"taxonomy":"post_tag","embeddable":true,"href":"https:\/\/arantv.az\/index.php?rest_route=%2Fwp%2Fv2%2Ftags&post=162396"}],"curies":[{"name":"wp","href":"https:\/\/api.w.org\/{rel}","templated":true}]}}