{"id":162413,"date":"2020-05-09T19:00:00","date_gmt":"2020-05-09T16:00:00","guid":{"rendered":"http:\/\/arantv.az\/?p=162413"},"modified":"2020-05-09T19:00:00","modified_gmt":"2020-05-09T16:00:00","slug":"t%c9%99bib-s%c9%99dri-valideynl%c9%99r%c9%99-d%c9%99-muraci%c9%99t-etdi","status":"publish","type":"post","link":"https:\/\/arantv.az\/?p=162413","title":{"rendered":"T\u018fB\u0130B s\u0259dri valideynl\u0259r\u0259 d\u0259 m\u00fcraci\u0259t etdi"},"content":{"rendered":"<p><strong>Qar\u015f\u0131da d\u00f6vl\u0259t imtahanlar\u0131n\u0131n ke\u00e7irilm\u0259si gzl\u0259nilir. Biz indid\u0259n imtahanlarda i\u015ftirak ed\u0259c\u0259k valideynl\u0259ri m\u0259suliyy\u0259tli olma\u011fa v\u0259 onlar\u0131 imtahan binalar\u0131n\u0131n qar\u015f\u0131s\u0131nda topla\u015fmama\u011fa \u00e7a\u011f\u0131r\u0131r\u0131q.<\/strong><\/p>\n<p><strong>ARANTV.AZ<\/strong>\u00a0<a href=\"http:\/\/az.trend.az\/\" target=\"_blank\" rel=\"noopener\">Trend<\/a>-\u0259 istinad\u0259n bildirir ki,\u00a0bunu Tibbi \u018frazi B\u00f6lm\u0259l\u0259rini \u0130dar\u0259etm\u0259 Birliyinin (T\u018fB\u0130B) s\u0259dri Ramin Bayraml\u0131 Nazirl\u0259r Kabineti yan\u0131nda Operativ Q\u0259rargah\u0131n bu g\u00fcn ke\u00e7iril\u0259n brifinqind\u0259 deyib.<\/p>\n<p>Onun s\u00f6zl\u0259rin\u0259 g\u00f6r\u0259, art\u0131q imtahanlar\u0131n ke\u00e7irilm\u0259si il\u0259 ba\u011fl\u0131 t\u0259limat haz\u0131rlan\u0131b v\u0259 yay\u0131mlan\u0131b.<\/p>\n<p>R.Bayraml\u0131 imtahanlar\u0131n h\u0259min t\u0259limat \u0259sas\u0131nda ke\u00e7iril\u0259c\u0259yini s\u00f6yl\u0259yib.<\/p>\n","protected":false},"excerpt":{"rendered":"<p>Qar\u015f\u0131da d\u00f6vl\u0259t imtahanlar\u0131n\u0131n ke\u00e7irilm\u0259si gzl\u0259nilir. Biz indid\u0259n imtahanlarda i\u015ftirak ed\u0259c\u0259k valideynl\u0259ri m\u0259suliyy\u0259tli olma\u011fa v\u0259 onlar\u0131 imtahan binalar\u0131n\u0131n qar\u015f\u0131s\u0131nda topla\u015fmama\u011fa \u00e7a\u011f\u0131r\u0131r\u0131q. ARANTV.AZ\u00a0Trend-\u0259 istinad\u0259n bildirir ki,\u00a0bunu Tibbi \u018frazi B\u00f6lm\u0259l\u0259rini \u0130dar\u0259etm\u0259 Birliyinin (T\u018fB\u0130B) s\u0259dri Ramin Bayraml\u0131 Nazirl\u0259r Kabineti yan\u0131nda Operativ Q\u0259rargah\u0131n bu g\u00fcn ke\u00e7iril\u0259n brifinqind\u0259 deyib. Onun s\u00f6zl\u0259rin\u0259 g\u00f6r\u0259, art\u0131q imtahanlar\u0131n ke\u00e7irilm\u0259si il\u0259 ba\u011fl\u0131 t\u0259limat haz\u0131rlan\u0131b v\u0259 yay\u0131mlan\u0131b. R.Bayraml\u0131 imtahanlar\u0131n h\u0259min t\u0259limat \u0259sas\u0131nda ke\u00e7iril\u0259c\u0259yini s\u00f6yl\u0259yib.<\/p>\n","protected":false},"author":2,"featured_media":162414,"comment_status":"closed","ping_status":"closed","sticky":false,"template":"","format":"standard","meta":{"om_disable_all_campaigns":false,"_monsterinsights_skip_tracking":false,"_monsterinsights_sitenote_active":false,"_monsterinsights_sitenote_note":"","_monsterinsights_sitenote_category":0},"categories":[19],"tags":[],"aioseo_notices":[],"gutentor_comment":0,"rttpg_featured_image_url":{"full":["https:\/\/arantv.az\/wp-content\/uploads\/2020\/05\/849036.jpg",660,495,false],"landscape":["https:\/\/arantv.az\/wp-content\/uploads\/2020\/05\/849036.jpg",660,495,false],"portraits":["https:\/\/arantv.az\/wp-content\/uploads\/2020\/05\/849036.jpg",660,495,false],"thumbnail":["https:\/\/arantv.az\/wp-content\/uploads\/2020\/05\/849036-150x150.jpg",150,150,true],"medium":["https:\/\/arantv.az\/wp-content\/uploads\/2020\/05\/849036-300x225.jpg",300,225,true],"large":["https:\/\/arantv.az\/wp-content\/uploads\/2020\/05\/849036.jpg",640,480,false],"1536x1536":["https:\/\/arantv.az\/wp-content\/uploads\/2020\/05\/849036.jpg",660,495,false],"2048x2048":["https:\/\/arantv.az\/wp-content\/uploads\/2020\/05\/849036.jpg",660,495,false],"post-thumbnail":["https:\/\/arantv.az\/wp-content\/uploads\/2020\/05\/849036-240x172.jpg",240,172,true],"advps-thumb-one":["https:\/\/arantv.az\/wp-content\/uploads\/2020\/05\/849036.jpg",660,495,false]},"rttpg_author":{"display_name":"V\u00fcsal Rafiqo\u011flu","author_link":"https:\/\/arantv.az\/?author=2"},"rttpg_comment":0,"rttpg_category":"<a href=\"https:\/\/arantv.az\/?cat=19\" rel=\"category\">G\u00fcnd\u0259m<\/a>","rttpg_excerpt":"Qar\u015f\u0131da d\u00f6vl\u0259t imtahanlar\u0131n\u0131n ke\u00e7irilm\u0259si gzl\u0259nilir. Biz indid\u0259n imtahanlarda i\u015ftirak ed\u0259c\u0259k valideynl\u0259ri m\u0259suliyy\u0259tli olma\u011fa v\u0259 onlar\u0131 imtahan binalar\u0131n\u0131n qar\u015f\u0131s\u0131nda topla\u015fmama\u011fa \u00e7a\u011f\u0131r\u0131r\u0131q. ARANTV.AZ\u00a0Trend-\u0259 istinad\u0259n bildirir ki,\u00a0bunu Tibbi \u018frazi B\u00f6lm\u0259l\u0259rini \u0130dar\u0259etm\u0259 Birliyinin (T\u018fB\u0130B) s\u0259dri Ramin Bayraml\u0131 Nazirl\u0259r Kabineti yan\u0131nda Operativ Q\u0259rargah\u0131n bu g\u00fcn ke\u00e7iril\u0259n brifinqind\u0259 deyib. Onun s\u00f6zl\u0259rin\u0259 g\u00f6r\u0259, art\u0131q imtahanlar\u0131n ke\u00e7irilm\u0259si il\u0259 ba\u011fl\u0131 t\u0259limat haz\u0131rlan\u0131b v\u0259 yay\u0131mlan\u0131b.&hellip;","_links":{"self":[{"href":"https:\/\/arantv.az\/index.php?rest_route=\/wp\/v2\/posts\/162413"}],"collection":[{"href":"https:\/\/arantv.az\/index.php?rest_route=\/wp\/v2\/posts"}],"about":[{"href":"https:\/\/arantv.az\/index.php?rest_route=\/wp\/v2\/types\/post"}],"author":[{"embeddable":true,"href":"https:\/\/arantv.az\/index.php?rest_route=\/wp\/v2\/users\/2"}],"replies":[{"embeddable":true,"href":"https:\/\/arantv.az\/index.php?rest_route=%2Fwp%2Fv2%2Fcomments&post=162413"}],"version-history":[{"count":0,"href":"https:\/\/arantv.az\/index.php?rest_route=\/wp\/v2\/posts\/162413\/revisions"}],"wp:featuredmedia":[{"embeddable":true,"href":"https:\/\/arantv.az\/index.php?rest_route=\/wp\/v2\/media\/162414"}],"wp:attachment":[{"href":"https:\/\/arantv.az\/index.php?rest_route=%2Fwp%2Fv2%2Fmedia&parent=162413"}],"wp:term":[{"taxonomy":"category","embeddable":true,"href":"https:\/\/arantv.az\/index.php?rest_route=%2Fwp%2Fv2%2Fcategories&post=162413"},{"taxonomy":"post_tag","embeddable":true,"href":"https:\/\/arantv.az\/index.php?rest_route=%2Fwp%2Fv2%2Ftags&post=162413"}],"curies":[{"name":"wp","href":"https:\/\/api.w.org\/{rel}","templated":true}]}}