{"id":162420,"date":"2020-05-09T19:02:13","date_gmt":"2020-05-09T16:02:13","guid":{"rendered":"http:\/\/arantv.az\/?p=162420"},"modified":"2020-05-09T19:02:13","modified_gmt":"2020-05-09T16:02:13","slug":"q%c9%99rargah-yoluxma-sayinin-artmasi-ikinci-dalganin-gost%c9%99ricisidir","status":"publish","type":"post","link":"https:\/\/arantv.az\/?p=162420","title":{"rendered":"Q\u0259rargah: Yoluxma say\u0131n\u0131n artmas\u0131 ikinci dal\u011fan\u0131n g\u00f6st\u0259ricisidir"},"content":{"rendered":"<p><strong>&#8220;Yoluxma say\u0131n\u0131n artmas\u0131 ikinci dal\u011fan\u0131n g\u00f6st\u0259ricisidir&#8221;.\u00a0<\/strong><\/p>\n<p><strong>ARANTV.AZ<\/strong> APA-ya istinad\u0259n bildirir ki,\u00a0bunu bu g\u00fcn Nazirl\u0259r Kabineti yan\u0131nda Operativ Q\u0259rargah\u0131n t\u0259\u015fkil etdiyi m\u0259tbuat konfrans\u0131nda T\u018fB\u0130B-in \u0130dar\u0259 Hey\u0259tinin s\u0259dri Ramin Bayraml\u0131\u00a0 bildirib.<\/p>\n<p>R. Bayraml\u0131 deyib ki, v\u0259t\u0259nda\u015flar\u0131m\u0131z h\u0259mr\u0259y olaraq qaydalara \u0259m\u0259l etm\u0259lidir: &#8220;Biz s\u0259rt karantind\u0259n \u00e7\u0131xd\u0131qdan sonra qaydalara \u0259m\u0259l etm\u0259kl\u0259 \u00f6z\u00fcm\u00fcz\u00fc qoruya bil\u0259rik&#8221;.<\/p>\n","protected":false},"excerpt":{"rendered":"<p>&#8220;Yoluxma say\u0131n\u0131n artmas\u0131 ikinci dal\u011fan\u0131n g\u00f6st\u0259ricisidir&#8221;.\u00a0 ARANTV.AZ APA-ya istinad\u0259n bildirir ki,\u00a0bunu bu g\u00fcn Nazirl\u0259r Kabineti yan\u0131nda Operativ Q\u0259rargah\u0131n t\u0259\u015fkil etdiyi m\u0259tbuat konfrans\u0131nda T\u018fB\u0130B-in \u0130dar\u0259 Hey\u0259tinin s\u0259dri Ramin Bayraml\u0131\u00a0 bildirib. R. Bayraml\u0131 deyib ki, v\u0259t\u0259nda\u015flar\u0131m\u0131z h\u0259mr\u0259y olaraq qaydalara \u0259m\u0259l etm\u0259lidir: &#8220;Biz s\u0259rt karantind\u0259n \u00e7\u0131xd\u0131qdan sonra qaydalara \u0259m\u0259l etm\u0259kl\u0259 \u00f6z\u00fcm\u00fcz\u00fc qoruya bil\u0259rik&#8221;.<\/p>\n","protected":false},"author":2,"featured_media":162421,"comment_status":"closed","ping_status":"closed","sticky":false,"template":"","format":"standard","meta":{"om_disable_all_campaigns":false,"_monsterinsights_skip_tracking":false,"_monsterinsights_sitenote_active":false,"_monsterinsights_sitenote_note":"","_monsterinsights_sitenote_category":0},"categories":[19],"tags":[],"aioseo_notices":[],"gutentor_comment":0,"rttpg_featured_image_url":{"full":["https:\/\/arantv.az\/wp-content\/uploads\/2020\/05\/849034.jpg",750,500,false],"landscape":["https:\/\/arantv.az\/wp-content\/uploads\/2020\/05\/849034.jpg",750,500,false],"portraits":["https:\/\/arantv.az\/wp-content\/uploads\/2020\/05\/849034.jpg",750,500,false],"thumbnail":["https:\/\/arantv.az\/wp-content\/uploads\/2020\/05\/849034-150x150.jpg",150,150,true],"medium":["https:\/\/arantv.az\/wp-content\/uploads\/2020\/05\/849034-300x200.jpg",300,200,true],"large":["https:\/\/arantv.az\/wp-content\/uploads\/2020\/05\/849034.jpg",640,427,false],"1536x1536":["https:\/\/arantv.az\/wp-content\/uploads\/2020\/05\/849034.jpg",750,500,false],"2048x2048":["https:\/\/arantv.az\/wp-content\/uploads\/2020\/05\/849034.jpg",750,500,false],"post-thumbnail":["https:\/\/arantv.az\/wp-content\/uploads\/2020\/05\/849034-240x172.jpg",240,172,true],"advps-thumb-one":["https:\/\/arantv.az\/wp-content\/uploads\/2020\/05\/849034.jpg",750,500,false]},"rttpg_author":{"display_name":"V\u00fcsal Rafiqo\u011flu","author_link":"https:\/\/arantv.az\/?author=2"},"rttpg_comment":0,"rttpg_category":"<a href=\"https:\/\/arantv.az\/?cat=19\" rel=\"category\">G\u00fcnd\u0259m<\/a>","rttpg_excerpt":"&#8220;Yoluxma say\u0131n\u0131n artmas\u0131 ikinci dal\u011fan\u0131n g\u00f6st\u0259ricisidir&#8221;.\u00a0 ARANTV.AZ APA-ya istinad\u0259n bildirir ki,\u00a0bunu bu g\u00fcn Nazirl\u0259r Kabineti yan\u0131nda Operativ Q\u0259rargah\u0131n t\u0259\u015fkil etdiyi m\u0259tbuat konfrans\u0131nda T\u018fB\u0130B-in \u0130dar\u0259 Hey\u0259tinin s\u0259dri Ramin Bayraml\u0131\u00a0 bildirib. R. Bayraml\u0131 deyib ki, v\u0259t\u0259nda\u015flar\u0131m\u0131z h\u0259mr\u0259y olaraq qaydalara \u0259m\u0259l etm\u0259lidir: &#8220;Biz s\u0259rt karantind\u0259n \u00e7\u0131xd\u0131qdan sonra qaydalara \u0259m\u0259l etm\u0259kl\u0259 \u00f6z\u00fcm\u00fcz\u00fc qoruya bil\u0259rik&#8221;.","_links":{"self":[{"href":"https:\/\/arantv.az\/index.php?rest_route=\/wp\/v2\/posts\/162420"}],"collection":[{"href":"https:\/\/arantv.az\/index.php?rest_route=\/wp\/v2\/posts"}],"about":[{"href":"https:\/\/arantv.az\/index.php?rest_route=\/wp\/v2\/types\/post"}],"author":[{"embeddable":true,"href":"https:\/\/arantv.az\/index.php?rest_route=\/wp\/v2\/users\/2"}],"replies":[{"embeddable":true,"href":"https:\/\/arantv.az\/index.php?rest_route=%2Fwp%2Fv2%2Fcomments&post=162420"}],"version-history":[{"count":0,"href":"https:\/\/arantv.az\/index.php?rest_route=\/wp\/v2\/posts\/162420\/revisions"}],"wp:featuredmedia":[{"embeddable":true,"href":"https:\/\/arantv.az\/index.php?rest_route=\/wp\/v2\/media\/162421"}],"wp:attachment":[{"href":"https:\/\/arantv.az\/index.php?rest_route=%2Fwp%2Fv2%2Fmedia&parent=162420"}],"wp:term":[{"taxonomy":"category","embeddable":true,"href":"https:\/\/arantv.az\/index.php?rest_route=%2Fwp%2Fv2%2Fcategories&post=162420"},{"taxonomy":"post_tag","embeddable":true,"href":"https:\/\/arantv.az\/index.php?rest_route=%2Fwp%2Fv2%2Ftags&post=162420"}],"curies":[{"name":"wp","href":"https:\/\/api.w.org\/{rel}","templated":true}]}}