{"id":162422,"date":"2020-05-09T19:03:28","date_gmt":"2020-05-09T16:03:28","guid":{"rendered":"http:\/\/arantv.az\/?p=162422"},"modified":"2020-05-09T19:03:28","modified_gmt":"2020-05-09T16:03:28","slug":"prezident-ilham-%c9%99liyev-ist%c9%99r-tarixin-yenid%c9%99n-yazilmasi-ist%c9%99rs%c9%99-d%c9%99-fasizmin-q%c9%99hr%c9%99manlasdirilmasi-q%c9%99tiyy%c9%99n-yolverilm%c9%99zdir","status":"publish","type":"post","link":"https:\/\/arantv.az\/?p=162422","title":{"rendered":"Prezident \u0130lham \u018fliyev: \u0130st\u0259r tarixin yenid\u0259n yaz\u0131lmas\u0131, ist\u0259rs\u0259 d\u0259 fa\u015fizmin q\u0259hr\u0259manla\u015fd\u0131r\u0131lmas\u0131 q\u0259tiyy\u0259n yolverilm\u0259zdir"},"content":{"rendered":"<p>Bu g\u00fcn tarixi yenid\u0259n yazmaq, fa\u015fistl\u0259ri q\u0259hr\u0259manla\u015fd\u0131rmaq, tarixi h\u0259qiq\u0259ti t\u0259hrif etm\u0259k kimi t\u0259hl\u00fck\u0259li meyill\u0259r m\u00fc\u015fahid\u0259 edirik. Biz buna \u00e7ox ciddi yana\u015fmal\u0131y\u0131q. \u0130st\u0259r tarixin yenid\u0259n yaz\u0131lmas\u0131, ist\u0259rs\u0259 d\u0259 fa\u015fizmin q\u0259hr\u0259manla\u015fd\u0131r\u0131lmas\u0131 q\u0259tiyy\u0259n yolverilm\u0259zdir.<\/p>\n<p><strong>ARANTV.AZ<\/strong>\u00a0<a href=\"http:\/\/az.trend.az\/\" target=\"_blank\" rel=\"noopener\">Trend<\/a>-\u0259 istinad\u0259n bildirir ki,\u00a0bu fikirl\u0259ri Rusiyan\u0131n &#8220;Natsionalnaya oborona&#8221; (&#8220;Milli m\u00fcdafi\u0259&#8221;) jurnal\u0131na m\u00fcsahib\u0259sind\u0259 Prezident \u0130lham \u018fliyev bildirib.<\/p>\n<p>D\u00f6vl\u0259t ba\u015f\u00e7\u0131s\u0131 deyib: &#8220;Qeyd etm\u0259k ist\u0259rdim ki, bu m\u0259s\u0259l\u0259d\u0259 h\u0259m Rusiyan\u0131n, h\u0259m d\u0259 Az\u0259rbaycan\u0131n m\u00f6vqel\u0259ri tamamil\u0259 eynidir. Biz B\u00f6y\u00fck V\u0259t\u0259n m\u00fcharib\u0259si haqq\u0131nda h\u0259qiq\u0259tin t\u0259hrif edilm\u0259si, tarixin yenid\u0259n yaz\u0131lmas\u0131, fa\u015fizmin v\u0259 fa\u015fistl\u0259rin q\u0259hr\u0259manla\u015fd\u0131r\u0131lmas\u0131 c\u0259hdl\u0259rin\u0259 qar\u015f\u0131 q\u0259tiyy\u0259tl\u0259 m\u00fcbariz\u0259 apar\u0131r\u0131q. Bizim m\u00f6vqel\u0259rimiz h\u0259m tarixi h\u0259qiq\u0259t\u0259, \u0259dal\u0259t\u0259, h\u0259m d\u0259 buna \u0259saslan\u0131r ki, g\u0259l\u0259c\u0259k n\u0259sill\u0259r kimin t\u0259cav\u00fczkar v\u0259 kimin t\u0259cav\u00fcz qurban\u0131 olmas\u0131na, kimin qalib g\u0259lm\u0259sin\u0259 v\u0259 bu Q\u0259l\u0259b\u0259nin n\u0259yin bahas\u0131na qazan\u0131lmas\u0131na he\u00e7 vaxt \u015f\u00fcbh\u0259 etm\u0259sinl\u0259r&#8221;.<\/p>\n","protected":false},"excerpt":{"rendered":"<p>Bu g\u00fcn tarixi yenid\u0259n yazmaq, fa\u015fistl\u0259ri q\u0259hr\u0259manla\u015fd\u0131rmaq, tarixi h\u0259qiq\u0259ti t\u0259hrif etm\u0259k kimi t\u0259hl\u00fck\u0259li meyill\u0259r m\u00fc\u015fahid\u0259 edirik. Biz buna \u00e7ox ciddi yana\u015fmal\u0131y\u0131q. \u0130st\u0259r tarixin yenid\u0259n yaz\u0131lmas\u0131, ist\u0259rs\u0259 d\u0259 fa\u015fizmin q\u0259hr\u0259manla\u015fd\u0131r\u0131lmas\u0131 q\u0259tiyy\u0259n yolverilm\u0259zdir. ARANTV.AZ\u00a0Trend-\u0259 istinad\u0259n bildirir ki,\u00a0bu fikirl\u0259ri Rusiyan\u0131n &#8220;Natsionalnaya oborona&#8221; (&#8220;Milli m\u00fcdafi\u0259&#8221;) jurnal\u0131na m\u00fcsahib\u0259sind\u0259 Prezident \u0130lham \u018fliyev bildirib. D\u00f6vl\u0259t ba\u015f\u00e7\u0131s\u0131 deyib: &#8220;Qeyd etm\u0259k ist\u0259rdim ki, bu m\u0259s\u0259l\u0259d\u0259 h\u0259m Rusiyan\u0131n, h\u0259m d\u0259 Az\u0259rbaycan\u0131n m\u00f6vqel\u0259ri tamamil\u0259 eynidir. Biz B\u00f6y\u00fck V\u0259t\u0259n m\u00fcharib\u0259si haqq\u0131nda h\u0259qiq\u0259tin t\u0259hrif edilm\u0259si, tarixin yenid\u0259n yaz\u0131lmas\u0131, fa\u015fizmin v\u0259 fa\u015fistl\u0259rin q\u0259hr\u0259manla\u015fd\u0131r\u0131lmas\u0131 c\u0259hdl\u0259rin\u0259 qar\u015f\u0131 q\u0259tiyy\u0259tl\u0259 m\u00fcbariz\u0259 apar\u0131r\u0131q. Bizim m\u00f6vqel\u0259rimiz h\u0259m tarixi h\u0259qiq\u0259t\u0259, \u0259dal\u0259t\u0259,&hellip;<\/p>\n","protected":false},"author":2,"featured_media":162427,"comment_status":"closed","ping_status":"closed","sticky":false,"template":"","format":"standard","meta":{"om_disable_all_campaigns":false,"_monsterinsights_skip_tracking":false,"_monsterinsights_sitenote_active":false,"_monsterinsights_sitenote_note":"","_monsterinsights_sitenote_category":0},"categories":[1],"tags":[],"aioseo_notices":[],"gutentor_comment":0,"rttpg_featured_image_url":{"full":["https:\/\/arantv.az\/wp-content\/uploads\/2020\/05\/ilham_aliyev_2020_51-2.jpg",800,600,false],"landscape":["https:\/\/arantv.az\/wp-content\/uploads\/2020\/05\/ilham_aliyev_2020_51-2.jpg",800,600,false],"portraits":["https:\/\/arantv.az\/wp-content\/uploads\/2020\/05\/ilham_aliyev_2020_51-2.jpg",800,600,false],"thumbnail":["https:\/\/arantv.az\/wp-content\/uploads\/2020\/05\/ilham_aliyev_2020_51-2-150x150.jpg",150,150,true],"medium":["https:\/\/arantv.az\/wp-content\/uploads\/2020\/05\/ilham_aliyev_2020_51-2-300x225.jpg",300,225,true],"large":["https:\/\/arantv.az\/wp-content\/uploads\/2020\/05\/ilham_aliyev_2020_51-2.jpg",640,480,false],"1536x1536":["https:\/\/arantv.az\/wp-content\/uploads\/2020\/05\/ilham_aliyev_2020_51-2.jpg",800,600,false],"2048x2048":["https:\/\/arantv.az\/wp-content\/uploads\/2020\/05\/ilham_aliyev_2020_51-2.jpg",800,600,false],"post-thumbnail":["https:\/\/arantv.az\/wp-content\/uploads\/2020\/05\/ilham_aliyev_2020_51-2-240x172.jpg",240,172,true],"advps-thumb-one":["https:\/\/arantv.az\/wp-content\/uploads\/2020\/05\/ilham_aliyev_2020_51-2.jpg",800,600,false]},"rttpg_author":{"display_name":"V\u00fcsal Rafiqo\u011flu","author_link":"https:\/\/arantv.az\/?author=2"},"rttpg_comment":0,"rttpg_category":"<a href=\"https:\/\/arantv.az\/?cat=1\" rel=\"category\">C\u0259miyy\u0259t<\/a>","rttpg_excerpt":"Bu g\u00fcn tarixi yenid\u0259n yazmaq, fa\u015fistl\u0259ri q\u0259hr\u0259manla\u015fd\u0131rmaq, tarixi h\u0259qiq\u0259ti t\u0259hrif etm\u0259k kimi t\u0259hl\u00fck\u0259li meyill\u0259r m\u00fc\u015fahid\u0259 edirik. Biz buna \u00e7ox ciddi yana\u015fmal\u0131y\u0131q. \u0130st\u0259r tarixin yenid\u0259n yaz\u0131lmas\u0131, ist\u0259rs\u0259 d\u0259 fa\u015fizmin q\u0259hr\u0259manla\u015fd\u0131r\u0131lmas\u0131 q\u0259tiyy\u0259n yolverilm\u0259zdir. ARANTV.AZ\u00a0Trend-\u0259 istinad\u0259n bildirir ki,\u00a0bu fikirl\u0259ri Rusiyan\u0131n &#8220;Natsionalnaya oborona&#8221; (&#8220;Milli m\u00fcdafi\u0259&#8221;) jurnal\u0131na m\u00fcsahib\u0259sind\u0259 Prezident \u0130lham \u018fliyev bildirib. D\u00f6vl\u0259t ba\u015f\u00e7\u0131s\u0131 deyib: &#8220;Qeyd etm\u0259k ist\u0259rdim ki, bu&hellip;","_links":{"self":[{"href":"https:\/\/arantv.az\/index.php?rest_route=\/wp\/v2\/posts\/162422"}],"collection":[{"href":"https:\/\/arantv.az\/index.php?rest_route=\/wp\/v2\/posts"}],"about":[{"href":"https:\/\/arantv.az\/index.php?rest_route=\/wp\/v2\/types\/post"}],"author":[{"embeddable":true,"href":"https:\/\/arantv.az\/index.php?rest_route=\/wp\/v2\/users\/2"}],"replies":[{"embeddable":true,"href":"https:\/\/arantv.az\/index.php?rest_route=%2Fwp%2Fv2%2Fcomments&post=162422"}],"version-history":[{"count":0,"href":"https:\/\/arantv.az\/index.php?rest_route=\/wp\/v2\/posts\/162422\/revisions"}],"wp:featuredmedia":[{"embeddable":true,"href":"https:\/\/arantv.az\/index.php?rest_route=\/wp\/v2\/media\/162427"}],"wp:attachment":[{"href":"https:\/\/arantv.az\/index.php?rest_route=%2Fwp%2Fv2%2Fmedia&parent=162422"}],"wp:term":[{"taxonomy":"category","embeddable":true,"href":"https:\/\/arantv.az\/index.php?rest_route=%2Fwp%2Fv2%2Fcategories&post=162422"},{"taxonomy":"post_tag","embeddable":true,"href":"https:\/\/arantv.az\/index.php?rest_route=%2Fwp%2Fv2%2Ftags&post=162422"}],"curies":[{"name":"wp","href":"https:\/\/api.w.org\/{rel}","templated":true}]}}