{"id":162426,"date":"2020-05-09T19:04:40","date_gmt":"2020-05-09T16:04:40","guid":{"rendered":"http:\/\/arantv.az\/?p=162426"},"modified":"2020-05-09T19:04:40","modified_gmt":"2020-05-09T16:04:40","slug":"elman-n%c9%99sirov-az%c9%99rbaycan-il%c9%99-rusiya-arasinda-munasib%c9%99tl%c9%99r-h%c9%99m-siyasi-h%c9%99m-d%c9%99-iqtisadi-sah%c9%99d%c9%99-sur%c9%99tl%c9%99-inkisaf-edir","status":"publish","type":"post","link":"https:\/\/arantv.az\/?p=162426","title":{"rendered":"Elman N\u0259sirov: Az\u0259rbaycan il\u0259 Rusiya aras\u0131nda m\u00fcnasib\u0259tl\u0259r h\u0259m siyasi, h\u0259m d\u0259 iqtisadi sah\u0259d\u0259 s\u00fcr\u0259tl\u0259 inki\u015faf edir"},"content":{"rendered":"<p>Bu g\u00fcn Az\u0259rbaycan il\u0259 Rusiya aras\u0131nda m\u00fcnasib\u0259tl\u0259r h\u0259m siyasi, h\u0259m d\u0259 iqtisadi sah\u0259d\u0259 s\u00fcr\u0259tl\u0259 inki\u015faf edir.<\/p>\n<p><strong>ARANTV.AZ<\/strong> bildirir ki, bunu\u00a0<a href=\"http:\/\/az.trend.az\/\" target=\"_blank\" rel=\"noopener\">Trend<\/a>-\u0259\u00a0Milli M\u0259clisin deputat\u0131 Elman N\u0259sirov deyib.<\/p>\n<p>Deputat vur\u011fulay\u0131b ki, t\u0259\u0259ss\u00fcf ki, koronavirus pandemiyas\u0131 iqtisadi sah\u0259d\u0259 daha ciddi naliyy\u0259tl\u0259rin \u0259ld\u0259 olunmas\u0131na mane\u0259l\u0259r yarad\u0131r:<\/p>\n<p>&#8220;Amma buna baxmayaraq, h\u0259r iki d\u00f6vl\u0259t \u015eimal-C\u0259nub N\u0259qliyyat D\u0259hlizind\u0259n birg\u0259 istifad\u0259 edir v\u0259 burada ciddi n\u0259tic\u0259l\u0259r var. Eyni zamanda Rusiya \u015eimal-Q\u0259rb N\u0259qliyyat D\u0259hlizin\u0259 qo\u015fulub ki, bu da rusiyal\u0131 y\u00fckda\u015f\u0131yanlar\u0131n Az\u0259rbaycandan ke\u00e7m\u0259kl\u0259 Q\u0259rb istiqam\u0259tind\u0259 ged\u0259n y\u00fckda\u015f\u0131ma prosesind\u0259n faydalanmas\u0131 \u00fc\u00e7\u00fcn olduqca m\u00fcnbit \u015f\u0259rait yarad\u0131r. Az\u0259rbaycan-Rusiya m\u00fcnasib\u0259tl\u0259rinin b\u00fct\u00fcn dig\u0259r istiqam\u0259tl\u0259rd\u0259 d\u0259 inki\u015faf\u0131 \u00fc\u00e7\u00fcn h\u0259r c\u00fcr \u015f\u0259rait var. He\u00e7 \u015f\u00fcbh\u0259siz ki, pandemiya d\u00f6vr\u00fc ba\u015fa \u00e7atd\u0131qdan sonra h\u0259r iki d\u00f6vl\u0259tin qar\u015f\u0131l\u0131ql\u0131 maraqlar\u0131 fonunda h\u0259m siyasi, iqtisadi, humanitar, h\u0259m d\u0259 h\u0259rbi-texniki v\u0259 dig\u0259r sah\u0259l\u0259rd\u0259 \u0259laq\u0259l\u0259rinin bundan sonrak\u0131 inkiaf\u0131 \u00fc\u00e7\u00fcn d\u0259 daha yax\u015f\u0131 imkanlar yaranacaq&#8221;.<\/p>\n<p>Deputat vur\u011fulay\u0131b ki, Az\u0259rbaycan-Rusiya m\u00fcnasib\u0259tl\u0259rinin inki\u015faf\u0131n\u0131 \u015f\u0259rtl\u0259ndir\u0259n \u0259sas m\u0259s\u0259l\u0259l\u0259rd\u0259n biri d\u0259 fundamental m\u0259s\u0259l\u0259l\u0259rd\u0259 h\u0259r iki d\u00f6vl\u0259tin ortaq m\u00f6vqed\u0259n \u00e7\u0131x\u0131\u015f etm\u0259sidir:<\/p>\n<p>&#8220;H\u0259r iki d\u00f6vl\u0259tin fa\u015fizmin q\u0259hr\u0259manla\u015fd\u0131r\u0131lmas\u0131 siyas\u0259tin\u0259 m\u00fcnasib\u0259td\u0259 eyni k\u0259skin m\u00f6vqed\u0259 dayanmas\u0131 da \u00e7ox m\u00fch\u00fcm m\u0259s\u0259l\u0259dir. N\u0259z\u0259r\u0259 alsaq ki, Rusiya h\u0259r zaman fa\u015fizm c\u0259lladlar\u0131n\u0131n q\u0259hr\u0259manla\u015fd\u0131r\u0131lmas\u0131, onlar\u0131n t\u0259bli\u011fi v\u0259 t\u0259\u015fviqi m\u0259s\u0259l\u0259sind\u0259 prinsipial m\u00f6vqey\u0259 malikdir.<\/p>\n<p>Az\u0259rbaycan Prezidenti d\u0259 bu m\u0259s\u0259l\u0259d\u0259 konkret q\u0259tiyy\u0259tli m\u00f6vqeyi var ki, he\u00e7 bir halda Sovet \u0130ttifaq\u0131n\u0131n fa\u015fizm\u0259 qar\u015f\u0131 m\u00fcbariz\u0259d\u0259ki b\u00f6y\u00fck rolu ki\u00e7ildilm\u0259m\u0259lidir. Tarixi t\u0259hrif etm\u0259k olmaz, h\u0259r \u015fey \u00f6z ad\u0131 il\u0259 \u00e7a\u011f\u0131r\u0131lmal\u0131d\u0131r. Sovet \u0130ttifaq\u0131 fa\u015fizm\u0259 qar\u015f\u0131 m\u00fcbariz\u0259d\u0259 b\u00f6y\u00fck xidm\u0259tl\u0259r g\u00f6st\u0259rib, o c\u00fcml\u0259d\u0259n Az\u0259rbaycan\u0131n o\u011ful v\u0259 q\u0131zlar\u0131 da fa\u015fizm \u00fcz\u0259rind\u0259 q\u0259l\u0259b\u0259nin \u0259ld\u0259 edilm\u0259sind\u0259 m\u00fcst\u0259sna rol oynay\u0131blar. C\u0259nab Prezident t\u0259\u0259ss\u00fcf hissi il\u0259 vur\u011fulad\u0131 ki, b\u0259zi \u00f6lk\u0259l\u0259r, x\u00fcsusil\u0259 MDB m\u0259kan\u0131 \u00f6lk\u0259l\u0259rind\u0259 fa\u015fizimin q\u0259hr\u0259manla\u015fd\u0131r\u0131lmas\u0131, fa\u015fizm\u0259 xidm\u0259t etmi\u015f \u015f\u0259xsl\u0259rin adlar\u0131n\u0131n \u0259b\u0259dil\u0259\u015fdirilm\u0259si, onlar\u0131n ad\u0131na k\u00fc\u00e7\u0259l\u0259rin, meydanlar\u0131n verilm\u0259si ac\u0131nacaql\u0131, q\u0259buledilm\u0259z hald\u0131r. Az\u0259rbaycan Prezidenti bu m\u0259s\u0259l\u0259l\u0259rl\u0259 ba\u011fl\u0131 h\u0259r zaman \u00f6z prinsipal m\u00f6vqeyini ifad\u0259 edir. Bu n\u00f6qteyi n\u0259z\u0259rd\u0259n h\u0259m Rusiya r\u0259hb\u0259rliyinin, h\u0259m d\u0259 Az\u0259rbaycan r\u0259hb\u0259rliyinin m\u00f6vqel\u0259ri \u00fcst-\u00fcst\u0259 d\u00fc\u015f\u00fcr v\u0259 bu da ikit\u0259r\u0259fli m\u00fcnasib\u0259tl\u0259rimiz \u00fc\u00e7\u00fcn olduqca vacib m\u0259qamlardan biridir.<\/p>\n<p>Yeri g\u0259lmi\u015fk\u0259n qeyd edim ki, may\u0131n 8-d\u0259 Rusiya Prezidenti Vladimir Putin B\u00f6y\u00fck V\u0259t\u0259n M\u00fcharib\u0259sind\u0259 q\u0259l\u0259b\u0259nin 75 illiyi il\u0259 ba\u011fl\u0131 Prezident \u0130lham \u018fliyev\u0259 v\u0259 Az\u0259rbaycan xalq\u0131na t\u0259brik m\u0259ktubu g\u00f6nd\u0259rib. Bu, bir daha onu g\u00f6st\u0259rir ki, bizi \u00fcmumi d\u0259y\u0259rl\u0259r birl\u0259\u015fdirir v\u0259 Az\u0259rbaycan-Rusiya m\u00fcnasib\u0259tl\u0259rinin inki\u015faf\u0131nda he\u00e7 bir mane\u0259 yoxdur. H\u0259m\u00e7inin iki \u00f6lk\u0259nin d\u00f6vl\u0259t ba\u015f\u00e7\u0131lar\u0131 v\u0259 xalqlar\u0131 aras\u0131nda s\u0131x v\u0259 s\u0259mimi m\u00fcnasib\u0259tl\u0259r m\u00f6vcuddur&#8221;.<\/p>\n","protected":false},"excerpt":{"rendered":"<p>Bu g\u00fcn Az\u0259rbaycan il\u0259 Rusiya aras\u0131nda m\u00fcnasib\u0259tl\u0259r h\u0259m siyasi, h\u0259m d\u0259 iqtisadi sah\u0259d\u0259 s\u00fcr\u0259tl\u0259 inki\u015faf edir. ARANTV.AZ bildirir ki, bunu\u00a0Trend-\u0259\u00a0Milli M\u0259clisin deputat\u0131 Elman N\u0259sirov deyib. Deputat vur\u011fulay\u0131b ki, t\u0259\u0259ss\u00fcf ki, koronavirus pandemiyas\u0131 iqtisadi sah\u0259d\u0259 daha ciddi naliyy\u0259tl\u0259rin \u0259ld\u0259 olunmas\u0131na mane\u0259l\u0259r yarad\u0131r: &#8220;Amma buna baxmayaraq, h\u0259r iki d\u00f6vl\u0259t \u015eimal-C\u0259nub N\u0259qliyyat D\u0259hlizind\u0259n birg\u0259 istifad\u0259 edir v\u0259 burada ciddi n\u0259tic\u0259l\u0259r var. Eyni zamanda Rusiya \u015eimal-Q\u0259rb N\u0259qliyyat D\u0259hlizin\u0259 qo\u015fulub ki, bu da rusiyal\u0131 y\u00fckda\u015f\u0131yanlar\u0131n Az\u0259rbaycandan ke\u00e7m\u0259kl\u0259 Q\u0259rb istiqam\u0259tind\u0259 ged\u0259n y\u00fckda\u015f\u0131ma prosesind\u0259n faydalanmas\u0131 \u00fc\u00e7\u00fcn olduqca m\u00fcnbit \u015f\u0259rait yarad\u0131r. Az\u0259rbaycan-Rusiya m\u00fcnasib\u0259tl\u0259rinin b\u00fct\u00fcn dig\u0259r istiqam\u0259tl\u0259rd\u0259 d\u0259 inki\u015faf\u0131&hellip;<\/p>\n","protected":false},"author":2,"featured_media":162430,"comment_status":"closed","ping_status":"closed","sticky":false,"template":"","format":"standard","meta":{"om_disable_all_campaigns":false,"_monsterinsights_skip_tracking":false,"_monsterinsights_sitenote_active":false,"_monsterinsights_sitenote_note":"","_monsterinsights_sitenote_category":0},"categories":[4],"tags":[],"aioseo_notices":[],"gutentor_comment":0,"rttpg_featured_image_url":{"full":["https:\/\/arantv.az\/wp-content\/uploads\/2020\/05\/378rre.jpg",800,600,false],"landscape":["https:\/\/arantv.az\/wp-content\/uploads\/2020\/05\/378rre.jpg",800,600,false],"portraits":["https:\/\/arantv.az\/wp-content\/uploads\/2020\/05\/378rre.jpg",800,600,false],"thumbnail":["https:\/\/arantv.az\/wp-content\/uploads\/2020\/05\/378rre-150x150.jpg",150,150,true],"medium":["https:\/\/arantv.az\/wp-content\/uploads\/2020\/05\/378rre-300x225.jpg",300,225,true],"large":["https:\/\/arantv.az\/wp-content\/uploads\/2020\/05\/378rre.jpg",640,480,false],"1536x1536":["https:\/\/arantv.az\/wp-content\/uploads\/2020\/05\/378rre.jpg",800,600,false],"2048x2048":["https:\/\/arantv.az\/wp-content\/uploads\/2020\/05\/378rre.jpg",800,600,false],"post-thumbnail":["https:\/\/arantv.az\/wp-content\/uploads\/2020\/05\/378rre-240x172.jpg",240,172,true],"advps-thumb-one":["https:\/\/arantv.az\/wp-content\/uploads\/2020\/05\/378rre.jpg",800,600,false]},"rttpg_author":{"display_name":"V\u00fcsal Rafiqo\u011flu","author_link":"https:\/\/arantv.az\/?author=2"},"rttpg_comment":0,"rttpg_category":"<a href=\"https:\/\/arantv.az\/?cat=4\" rel=\"category\">Siyas\u0259t<\/a>","rttpg_excerpt":"Bu g\u00fcn Az\u0259rbaycan il\u0259 Rusiya aras\u0131nda m\u00fcnasib\u0259tl\u0259r h\u0259m siyasi, h\u0259m d\u0259 iqtisadi sah\u0259d\u0259 s\u00fcr\u0259tl\u0259 inki\u015faf edir. ARANTV.AZ bildirir ki, bunu\u00a0Trend-\u0259\u00a0Milli M\u0259clisin deputat\u0131 Elman N\u0259sirov deyib. Deputat vur\u011fulay\u0131b ki, t\u0259\u0259ss\u00fcf ki, koronavirus pandemiyas\u0131 iqtisadi sah\u0259d\u0259 daha ciddi naliyy\u0259tl\u0259rin \u0259ld\u0259 olunmas\u0131na mane\u0259l\u0259r yarad\u0131r: &#8220;Amma buna baxmayaraq, h\u0259r iki d\u00f6vl\u0259t \u015eimal-C\u0259nub N\u0259qliyyat D\u0259hlizind\u0259n birg\u0259 istifad\u0259 edir v\u0259 burada&hellip;","_links":{"self":[{"href":"https:\/\/arantv.az\/index.php?rest_route=\/wp\/v2\/posts\/162426"}],"collection":[{"href":"https:\/\/arantv.az\/index.php?rest_route=\/wp\/v2\/posts"}],"about":[{"href":"https:\/\/arantv.az\/index.php?rest_route=\/wp\/v2\/types\/post"}],"author":[{"embeddable":true,"href":"https:\/\/arantv.az\/index.php?rest_route=\/wp\/v2\/users\/2"}],"replies":[{"embeddable":true,"href":"https:\/\/arantv.az\/index.php?rest_route=%2Fwp%2Fv2%2Fcomments&post=162426"}],"version-history":[{"count":0,"href":"https:\/\/arantv.az\/index.php?rest_route=\/wp\/v2\/posts\/162426\/revisions"}],"wp:featuredmedia":[{"embeddable":true,"href":"https:\/\/arantv.az\/index.php?rest_route=\/wp\/v2\/media\/162430"}],"wp:attachment":[{"href":"https:\/\/arantv.az\/index.php?rest_route=%2Fwp%2Fv2%2Fmedia&parent=162426"}],"wp:term":[{"taxonomy":"category","embeddable":true,"href":"https:\/\/arantv.az\/index.php?rest_route=%2Fwp%2Fv2%2Fcategories&post=162426"},{"taxonomy":"post_tag","embeddable":true,"href":"https:\/\/arantv.az\/index.php?rest_route=%2Fwp%2Fv2%2Ftags&post=162426"}],"curies":[{"name":"wp","href":"https:\/\/api.w.org\/{rel}","templated":true}]}}