{"id":162434,"date":"2020-05-09T19:05:42","date_gmt":"2020-05-09T16:05:42","guid":{"rendered":"http:\/\/arantv.az\/?p=162434"},"modified":"2020-05-09T19:05:42","modified_gmt":"2020-05-09T16:05:42","slug":"g%c9%99nc%c9%99d%c9%99-27-yasli-kisi-bicaqlanib","status":"publish","type":"post","link":"https:\/\/arantv.az\/?p=162434","title":{"rendered":"G\u0259nc\u0259d\u0259 27 ya\u015fl\u0131 ki\u015fi b\u0131\u00e7aqlan\u0131b"},"content":{"rendered":"<p>G\u0259nc\u0259 \u015f\u0259h\u0259rind\u0259 b\u0131\u00e7aqlanma hadis\u0259si ba\u015f verib.<\/p>\n<p>APA-n\u0131n yerli b\u00fcrosunun m\u0259lumat\u0131na g\u00f6r\u0259, hadis\u0259 \u015f\u0259h\u0259rin Yeni G\u0259nc\u0259 ya\u015fay\u0131\u015f massivind\u0259 qeyd\u0259 al\u0131n\u0131b. Bel\u0259 ki, 1993-c\u00fc il t\u0259v\u0259ll\u00fcdl\u00fc Zeynalov Salman Qabil o\u011flu d\u00f6\u015f q\u0259f\u0259si nahiy\u0259sinin sol t\u0259r\u0259finin daxil\u0259 ke\u00e7\u0259n k\u0259silmi\u015f-de\u015filmi\u015f yaras\u0131 il\u0259 x\u0259st\u0259xanaya yerl\u0259\u015fdirilib. Yaral\u0131 d\u0259rhal \u0259m\u0259liyyat olunub, haz\u0131rda onun v\u0259ziyy\u0259ti kafi oldu\u011fu bildirilir. M\u0259lumata g\u00f6r\u0259, 27 ya\u015fl\u0131 Salman Zeynalov tan\u0131d\u0131\u011f\u0131 \u015f\u0259xs t\u0259r\u0259find\u0259n b\u0131\u00e7aqlan\u0131b. Hadis\u0259 il\u0259 ba\u011fl\u0131 polis\u0259 m\u0259lumat verilib. Faktla ba\u011fl\u0131 ara\u015fd\u0131rma apar\u0131l\u0131r.<\/p>\n","protected":false},"excerpt":{"rendered":"<p>G\u0259nc\u0259 \u015f\u0259h\u0259rind\u0259 b\u0131\u00e7aqlanma hadis\u0259si ba\u015f verib. APA-n\u0131n yerli b\u00fcrosunun m\u0259lumat\u0131na g\u00f6r\u0259, hadis\u0259 \u015f\u0259h\u0259rin Yeni G\u0259nc\u0259 ya\u015fay\u0131\u015f massivind\u0259 qeyd\u0259 al\u0131n\u0131b. Bel\u0259 ki, 1993-c\u00fc il t\u0259v\u0259ll\u00fcdl\u00fc Zeynalov Salman Qabil o\u011flu d\u00f6\u015f q\u0259f\u0259si nahiy\u0259sinin sol t\u0259r\u0259finin daxil\u0259 ke\u00e7\u0259n k\u0259silmi\u015f-de\u015filmi\u015f yaras\u0131 il\u0259 x\u0259st\u0259xanaya yerl\u0259\u015fdirilib. Yaral\u0131 d\u0259rhal \u0259m\u0259liyyat olunub, haz\u0131rda onun v\u0259ziyy\u0259ti kafi oldu\u011fu bildirilir. M\u0259lumata g\u00f6r\u0259, 27 ya\u015fl\u0131 Salman Zeynalov tan\u0131d\u0131\u011f\u0131 \u015f\u0259xs t\u0259r\u0259find\u0259n b\u0131\u00e7aqlan\u0131b. Hadis\u0259 il\u0259 ba\u011fl\u0131 polis\u0259 m\u0259lumat verilib. Faktla ba\u011fl\u0131 ara\u015fd\u0131rma apar\u0131l\u0131r.<\/p>\n","protected":false},"author":2,"featured_media":162435,"comment_status":"closed","ping_status":"closed","sticky":false,"template":"","format":"standard","meta":{"om_disable_all_campaigns":false,"_monsterinsights_skip_tracking":false,"_monsterinsights_sitenote_active":false,"_monsterinsights_sitenote_note":"","_monsterinsights_sitenote_category":0},"categories":[3],"tags":[],"aioseo_notices":[],"gutentor_comment":0,"rttpg_featured_image_url":{"full":["https:\/\/arantv.az\/wp-content\/uploads\/2020\/05\/ce1464bf65c3d27b929c1d5b3ed4b3a4.jpg",450,300,false],"landscape":["https:\/\/arantv.az\/wp-content\/uploads\/2020\/05\/ce1464bf65c3d27b929c1d5b3ed4b3a4.jpg",450,300,false],"portraits":["https:\/\/arantv.az\/wp-content\/uploads\/2020\/05\/ce1464bf65c3d27b929c1d5b3ed4b3a4.jpg",450,300,false],"thumbnail":["https:\/\/arantv.az\/wp-content\/uploads\/2020\/05\/ce1464bf65c3d27b929c1d5b3ed4b3a4-150x150.jpg",150,150,true],"medium":["https:\/\/arantv.az\/wp-content\/uploads\/2020\/05\/ce1464bf65c3d27b929c1d5b3ed4b3a4-300x200.jpg",300,200,true],"large":["https:\/\/arantv.az\/wp-content\/uploads\/2020\/05\/ce1464bf65c3d27b929c1d5b3ed4b3a4.jpg",450,300,false],"1536x1536":["https:\/\/arantv.az\/wp-content\/uploads\/2020\/05\/ce1464bf65c3d27b929c1d5b3ed4b3a4.jpg",450,300,false],"2048x2048":["https:\/\/arantv.az\/wp-content\/uploads\/2020\/05\/ce1464bf65c3d27b929c1d5b3ed4b3a4.jpg",450,300,false],"post-thumbnail":["https:\/\/arantv.az\/wp-content\/uploads\/2020\/05\/ce1464bf65c3d27b929c1d5b3ed4b3a4-240x172.jpg",240,172,true],"advps-thumb-one":["https:\/\/arantv.az\/wp-content\/uploads\/2020\/05\/ce1464bf65c3d27b929c1d5b3ed4b3a4.jpg",450,300,false]},"rttpg_author":{"display_name":"V\u00fcsal Rafiqo\u011flu","author_link":"https:\/\/arantv.az\/?author=2"},"rttpg_comment":0,"rttpg_category":"<a href=\"https:\/\/arantv.az\/?cat=3\" rel=\"category\">Kriminal<\/a>","rttpg_excerpt":"G\u0259nc\u0259 \u015f\u0259h\u0259rind\u0259 b\u0131\u00e7aqlanma hadis\u0259si ba\u015f verib. APA-n\u0131n yerli b\u00fcrosunun m\u0259lumat\u0131na g\u00f6r\u0259, hadis\u0259 \u015f\u0259h\u0259rin Yeni G\u0259nc\u0259 ya\u015fay\u0131\u015f massivind\u0259 qeyd\u0259 al\u0131n\u0131b. Bel\u0259 ki, 1993-c\u00fc il t\u0259v\u0259ll\u00fcdl\u00fc Zeynalov Salman Qabil o\u011flu d\u00f6\u015f q\u0259f\u0259si nahiy\u0259sinin sol t\u0259r\u0259finin daxil\u0259 ke\u00e7\u0259n k\u0259silmi\u015f-de\u015filmi\u015f yaras\u0131 il\u0259 x\u0259st\u0259xanaya yerl\u0259\u015fdirilib. Yaral\u0131 d\u0259rhal \u0259m\u0259liyyat olunub, haz\u0131rda onun v\u0259ziyy\u0259ti kafi oldu\u011fu bildirilir. M\u0259lumata g\u00f6r\u0259, 27 ya\u015fl\u0131 Salman&hellip;","_links":{"self":[{"href":"https:\/\/arantv.az\/index.php?rest_route=\/wp\/v2\/posts\/162434"}],"collection":[{"href":"https:\/\/arantv.az\/index.php?rest_route=\/wp\/v2\/posts"}],"about":[{"href":"https:\/\/arantv.az\/index.php?rest_route=\/wp\/v2\/types\/post"}],"author":[{"embeddable":true,"href":"https:\/\/arantv.az\/index.php?rest_route=\/wp\/v2\/users\/2"}],"replies":[{"embeddable":true,"href":"https:\/\/arantv.az\/index.php?rest_route=%2Fwp%2Fv2%2Fcomments&post=162434"}],"version-history":[{"count":0,"href":"https:\/\/arantv.az\/index.php?rest_route=\/wp\/v2\/posts\/162434\/revisions"}],"wp:featuredmedia":[{"embeddable":true,"href":"https:\/\/arantv.az\/index.php?rest_route=\/wp\/v2\/media\/162435"}],"wp:attachment":[{"href":"https:\/\/arantv.az\/index.php?rest_route=%2Fwp%2Fv2%2Fmedia&parent=162434"}],"wp:term":[{"taxonomy":"category","embeddable":true,"href":"https:\/\/arantv.az\/index.php?rest_route=%2Fwp%2Fv2%2Fcategories&post=162434"},{"taxonomy":"post_tag","embeddable":true,"href":"https:\/\/arantv.az\/index.php?rest_route=%2Fwp%2Fv2%2Ftags&post=162434"}],"curies":[{"name":"wp","href":"https:\/\/api.w.org\/{rel}","templated":true}]}}