{"id":162438,"date":"2020-05-09T19:08:06","date_gmt":"2020-05-09T16:08:06","guid":{"rendered":"http:\/\/arantv.az\/?p=162438"},"modified":"2020-05-09T19:08:06","modified_gmt":"2020-05-09T16:08:06","slug":"sahib%c9%99-qafarova-az%c9%99rbaycanda-yeni-siyasi-konfiqurasiya-formalasmaqdadir","status":"publish","type":"post","link":"https:\/\/arantv.az\/?p=162438","title":{"rendered":"Sahib\u0259 Qafarova: &#8220;Az\u0259rbaycanda yeni siyasi konfiqurasiya formala\u015fmaqdad\u0131r\u201d"},"content":{"rendered":"<p>Az\u0259rbaycanda siyasi sistemin komponentl\u0259ri aras\u0131nda dialoq m\u00fchitinin geni\u015fl\u0259ndirilm\u0259si, m\u00fcnasib\u0259tl\u0259rin sa\u011flamla\u015fd\u0131r\u0131lmas\u0131 istiqam\u0259tind\u0259 \u0259h\u0259miyy\u0259tli add\u0131mlar at\u0131l\u0131r.<\/p>\n<p>\u201cReport\u201dun x\u0259b\u0259rin\u0259 g\u00f6r\u0259, bunu Milli M\u0259clisin S\u0259dri Sahib\u0259 Qafarova deyib.<\/p>\n<p>Onun s\u00f6zl\u0259rin\u0259 g\u00f6r\u0259, haz\u0131rda Az\u0259rbaycanda yeni siyasi konfiqurasiya formala\u015fmaqdad\u0131r\u201d:<\/p>\n<p>\u201cAz\u0259rbaycanda demokratik t\u0259sisatlar\u0131n m\u00f6hk\u0259ml\u0259ndirilm\u0259si, siyasi pl\u00fcralizmin v\u0259 \u00e7oxpartiyal\u0131 demokratik siyasi sistemin inki\u015faf etdirilm\u0259si, insan h\u00fcquq v\u0259 azadl\u0131qlar\u0131n\u0131n t\u0259min edilm\u0259si, v\u0259t\u0259nda\u015f c\u0259miyy\u0259ti institutlar\u0131n\u0131n f\u0259aliyy\u0259tin\u0259 geni\u015f imkanlar\u0131n yarad\u0131lmas\u0131, d\u00f6vl\u0259t v\u0259 \u00f6z\u0259l qurumlar\u0131n f\u0259aliyy\u0259tind\u0259 \u015f\u0259ffafl\u0131\u011f\u0131n v\u0259 hesabatl\u0131l\u0131\u011f\u0131n t\u0259min olunmas\u0131, ictimai v\u0259 sosial xidm\u0259tl\u0259r sah\u0259sind\u0259 institusional islahatlar\u0131n realla\u015fd\u0131r\u0131lmas\u0131 il\u0259 yeni v\u0259 ciddi keyfiyy\u0259t d\u0259yi\u015fikliyin\u0259 nail olunmas\u0131, h\u0259yata ke\u00e7iril\u0259n kadr islahatlar\u0131 m\u00fcasir m\u0259rh\u0259l\u0259d\u0259 Az\u0259rbaycanda praqmatik, d\u00fc\u015f\u00fcn\u00fclm\u00fc\u015f siyasi kursun realla\u015fd\u0131r\u0131lmas\u0131n\u0131 t\u0259sdiq edir\u201d.<\/p>\n","protected":false},"excerpt":{"rendered":"<p>Az\u0259rbaycanda siyasi sistemin komponentl\u0259ri aras\u0131nda dialoq m\u00fchitinin geni\u015fl\u0259ndirilm\u0259si, m\u00fcnasib\u0259tl\u0259rin sa\u011flamla\u015fd\u0131r\u0131lmas\u0131 istiqam\u0259tind\u0259 \u0259h\u0259miyy\u0259tli add\u0131mlar at\u0131l\u0131r. \u201cReport\u201dun x\u0259b\u0259rin\u0259 g\u00f6r\u0259, bunu Milli M\u0259clisin S\u0259dri Sahib\u0259 Qafarova deyib. Onun s\u00f6zl\u0259rin\u0259 g\u00f6r\u0259, haz\u0131rda Az\u0259rbaycanda yeni siyasi konfiqurasiya formala\u015fmaqdad\u0131r\u201d: \u201cAz\u0259rbaycanda demokratik t\u0259sisatlar\u0131n m\u00f6hk\u0259ml\u0259ndirilm\u0259si, siyasi pl\u00fcralizmin v\u0259 \u00e7oxpartiyal\u0131 demokratik siyasi sistemin inki\u015faf etdirilm\u0259si, insan h\u00fcquq v\u0259 azadl\u0131qlar\u0131n\u0131n t\u0259min edilm\u0259si, v\u0259t\u0259nda\u015f c\u0259miyy\u0259ti institutlar\u0131n\u0131n f\u0259aliyy\u0259tin\u0259 geni\u015f imkanlar\u0131n yarad\u0131lmas\u0131, d\u00f6vl\u0259t v\u0259 \u00f6z\u0259l qurumlar\u0131n f\u0259aliyy\u0259tind\u0259 \u015f\u0259ffafl\u0131\u011f\u0131n v\u0259 hesabatl\u0131l\u0131\u011f\u0131n t\u0259min olunmas\u0131, ictimai v\u0259 sosial xidm\u0259tl\u0259r sah\u0259sind\u0259 institusional islahatlar\u0131n realla\u015fd\u0131r\u0131lmas\u0131 il\u0259 yeni v\u0259 ciddi keyfiyy\u0259t d\u0259yi\u015fikliyin\u0259 nail olunmas\u0131, h\u0259yata ke\u00e7iril\u0259n kadr islahatlar\u0131 m\u00fcasir&hellip;<\/p>\n","protected":false},"author":2,"featured_media":162442,"comment_status":"closed","ping_status":"closed","sticky":false,"template":"","format":"standard","meta":{"om_disable_all_campaigns":false,"_monsterinsights_skip_tracking":false,"_monsterinsights_sitenote_active":false,"_monsterinsights_sitenote_note":"","_monsterinsights_sitenote_category":0},"categories":[19],"tags":[],"aioseo_notices":[],"gutentor_comment":0,"rttpg_featured_image_url":{"full":["https:\/\/arantv.az\/wp-content\/uploads\/2020\/05\/874e341e810b2cde56014642bf5bae50.jpg",450,300,false],"landscape":["https:\/\/arantv.az\/wp-content\/uploads\/2020\/05\/874e341e810b2cde56014642bf5bae50.jpg",450,300,false],"portraits":["https:\/\/arantv.az\/wp-content\/uploads\/2020\/05\/874e341e810b2cde56014642bf5bae50.jpg",450,300,false],"thumbnail":["https:\/\/arantv.az\/wp-content\/uploads\/2020\/05\/874e341e810b2cde56014642bf5bae50-150x150.jpg",150,150,true],"medium":["https:\/\/arantv.az\/wp-content\/uploads\/2020\/05\/874e341e810b2cde56014642bf5bae50-300x200.jpg",300,200,true],"large":["https:\/\/arantv.az\/wp-content\/uploads\/2020\/05\/874e341e810b2cde56014642bf5bae50.jpg",450,300,false],"1536x1536":["https:\/\/arantv.az\/wp-content\/uploads\/2020\/05\/874e341e810b2cde56014642bf5bae50.jpg",450,300,false],"2048x2048":["https:\/\/arantv.az\/wp-content\/uploads\/2020\/05\/874e341e810b2cde56014642bf5bae50.jpg",450,300,false],"post-thumbnail":["https:\/\/arantv.az\/wp-content\/uploads\/2020\/05\/874e341e810b2cde56014642bf5bae50-240x172.jpg",240,172,true],"advps-thumb-one":["https:\/\/arantv.az\/wp-content\/uploads\/2020\/05\/874e341e810b2cde56014642bf5bae50.jpg",450,300,false]},"rttpg_author":{"display_name":"V\u00fcsal Rafiqo\u011flu","author_link":"https:\/\/arantv.az\/?author=2"},"rttpg_comment":0,"rttpg_category":"<a href=\"https:\/\/arantv.az\/?cat=19\" rel=\"category\">G\u00fcnd\u0259m<\/a>","rttpg_excerpt":"Az\u0259rbaycanda siyasi sistemin komponentl\u0259ri aras\u0131nda dialoq m\u00fchitinin geni\u015fl\u0259ndirilm\u0259si, m\u00fcnasib\u0259tl\u0259rin sa\u011flamla\u015fd\u0131r\u0131lmas\u0131 istiqam\u0259tind\u0259 \u0259h\u0259miyy\u0259tli add\u0131mlar at\u0131l\u0131r. \u201cReport\u201dun x\u0259b\u0259rin\u0259 g\u00f6r\u0259, bunu Milli M\u0259clisin S\u0259dri Sahib\u0259 Qafarova deyib. Onun s\u00f6zl\u0259rin\u0259 g\u00f6r\u0259, haz\u0131rda Az\u0259rbaycanda yeni siyasi konfiqurasiya formala\u015fmaqdad\u0131r\u201d: \u201cAz\u0259rbaycanda demokratik t\u0259sisatlar\u0131n m\u00f6hk\u0259ml\u0259ndirilm\u0259si, siyasi pl\u00fcralizmin v\u0259 \u00e7oxpartiyal\u0131 demokratik siyasi sistemin inki\u015faf etdirilm\u0259si, insan h\u00fcquq v\u0259 azadl\u0131qlar\u0131n\u0131n t\u0259min edilm\u0259si, v\u0259t\u0259nda\u015f c\u0259miyy\u0259ti institutlar\u0131n\u0131n&hellip;","_links":{"self":[{"href":"https:\/\/arantv.az\/index.php?rest_route=\/wp\/v2\/posts\/162438"}],"collection":[{"href":"https:\/\/arantv.az\/index.php?rest_route=\/wp\/v2\/posts"}],"about":[{"href":"https:\/\/arantv.az\/index.php?rest_route=\/wp\/v2\/types\/post"}],"author":[{"embeddable":true,"href":"https:\/\/arantv.az\/index.php?rest_route=\/wp\/v2\/users\/2"}],"replies":[{"embeddable":true,"href":"https:\/\/arantv.az\/index.php?rest_route=%2Fwp%2Fv2%2Fcomments&post=162438"}],"version-history":[{"count":0,"href":"https:\/\/arantv.az\/index.php?rest_route=\/wp\/v2\/posts\/162438\/revisions"}],"wp:featuredmedia":[{"embeddable":true,"href":"https:\/\/arantv.az\/index.php?rest_route=\/wp\/v2\/media\/162442"}],"wp:attachment":[{"href":"https:\/\/arantv.az\/index.php?rest_route=%2Fwp%2Fv2%2Fmedia&parent=162438"}],"wp:term":[{"taxonomy":"category","embeddable":true,"href":"https:\/\/arantv.az\/index.php?rest_route=%2Fwp%2Fv2%2Fcategories&post=162438"},{"taxonomy":"post_tag","embeddable":true,"href":"https:\/\/arantv.az\/index.php?rest_route=%2Fwp%2Fv2%2Ftags&post=162438"}],"curies":[{"name":"wp","href":"https:\/\/api.w.org\/{rel}","templated":true}]}}