{"id":162445,"date":"2020-05-09T19:11:12","date_gmt":"2020-05-09T16:11:12","guid":{"rendered":"http:\/\/arantv.az\/?p=162445"},"modified":"2020-05-09T19:11:12","modified_gmt":"2020-05-09T16:11:12","slug":"az%c9%99rbaycanda-sosial-mudafi%c9%99-sisteminin-inkisafi-ulu-ond%c9%99r-heyd%c9%99r-%c9%99liyevin-adi-il%c9%99-baglidir","status":"publish","type":"post","link":"https:\/\/arantv.az\/?p=162445","title":{"rendered":"Az\u0259rbaycanda sosial m\u00fcdafi\u0259 sisteminin inki\u015faf\u0131 ulu \u00f6nd\u0259r Heyd\u0259r \u018fliyevin ad\u0131 il\u0259 ba\u011fl\u0131d\u0131r"},"content":{"rendered":"<p>M\u00fcst\u0259qil Az\u0259rbaycan d\u00f6vl\u0259tinin memar\u0131 v\u0259 qurucusu, \u00fcmummilli lider Heyd\u0259r \u018fliyevin respublikam\u0131za r\u0259hb\u0259rlik etdiyi h\u0259r iki d\u00f6vr quruculuq v\u0259 inki\u015faf m\u0259rh\u0259l\u0259l\u0259ri kimi tariximizin q\u0131z\u0131l s\u0259hif\u0259l\u0259ridir.<\/p>\n<p><a href=\"http:\/\/trend.az\/\" target=\"_blank\" rel=\"noopener\">\u00a0<strong>ARANTV.AZ<\/strong> Trend-\u0259 istinad\u0259n\u00a0<\/a>\u00a0x\u0259b\u0259r verir ki, bu fikirl\u0259r \u018fm\u0259k v\u0259 \u018fhalinin Sosial M\u00fcdafi\u0259si Nazirliyinin ictimaiyy\u0259tl\u0259 \u0259laq\u0259l\u0259r v\u0259 kommunikasiya \u015f\u00f6b\u0259sinin yayd\u0131\u011f\u0131 a\u00e7\u0131qlamada yer al\u0131b.<\/p>\n<p>A\u00e7\u0131qlamada deyilir: &#8220;H\u0259l\u0259 \u00f6t\u0259n \u0259srin 70-80-ci ill\u0259rind\u0259 Az\u0259rbaycana r\u0259hb\u0259rliyi d\u00f6vr\u00fcnd\u0259 ulu \u00f6nd\u0259r Heyd\u0259r \u018fliyev sosial sah\u0259nin inki\u015faf\u0131n\u0131 t\u0259min edib. Qeyd edil\u0259n d\u00f6vrd\u0259 Az\u0259rbaycanda b\u00f6y\u00fck sayda i\u015f\u00e7i tutumuna malik y\u00fczl\u0259rl\u0259 m\u00fc\u0259ssis\u0259 yarad\u0131l\u0131b. M\u0259\u015f\u011ful \u0259halinin say\u0131, \u0259m\u0259khaqlar\u0131 d\u0259f\u0259l\u0259rl\u0259 art\u0131r\u0131l\u0131b, \u0259halinin rifah s\u0259viyy\u0259si y\u00fcks\u0259ldilib. H\u0259min d\u00f6vrd\u0259 respublikam\u0131zda yarad\u0131lan g\u00fccl\u00fc iqtisadi v\u0259 sosial infrastruktur, y\u00fcks\u0259kixtisasl\u0131 m\u00fct\u0259x\u0259ssisl\u0259r ordusu Az\u0259rbaycan\u0131n g\u0259l\u0259c\u0259k m\u00fcst\u0259qilliyi \u00fc\u00e7\u00fcn h\u0259rt\u0259r\u0259fli potensial formala\u015fd\u0131r\u0131b.<\/p>\n<p>1993-c\u00fc ilin iyun ay\u0131nda g\u00f6rk\u0259mli d\u00f6vl\u0259t xadimi Heyd\u0259r \u018fliyevin xalq\u0131n \u00e7a\u011f\u0131r\u0131\u015f\u0131 il\u0259 yenid\u0259n respublika r\u0259hb\u0259rliyin\u0259 qay\u0131d\u0131\u015f\u0131 Az\u0259rbaycan\u0131 m\u0259hv\u0259 aparan t\u0259hl\u00fck\u0259li prosesl\u0259rin qar\u015f\u0131s\u0131n\u0131 ald\u0131.<\/p>\n<p>M\u00fcst\u0259qil Az\u0259rbaycan d\u00f6vl\u0259tinin qurulmas\u0131n\u0131 v\u0259 ild\u0259n-il\u0259 inki\u015faf etdirilm\u0259sini y\u00fcks\u0259k s\u0259viyy\u0259d\u0259 t\u0259min ed\u0259n \u00fcmummilli lider Heyd\u0259r \u018fliyev b\u00fcdc\u0259 imkanlar\u0131n\u0131n z\u0259if oldu\u011fu h\u0259min vaxtlarda bel\u0259 \u0259halinin sosial m\u00fcdafi\u0259sinin g\u00fccl\u0259ndirilm\u0259sini d\u00f6vl\u0259tin qar\u015f\u0131s\u0131nda \u0259sas v\u0259zif\u0259l\u0259rd\u0259n biri kimi m\u00fc\u0259yy\u0259n etdi v\u0259 Az\u0259rbaycanda v\u0259t\u0259nda\u015f rifah\u0131n\u0131n t\u0259minat\u0131na xidm\u0259t ed\u0259n sosial d\u00f6vl\u0259t modelinin \u0259saslar\u0131n\u0131 formala\u015fd\u0131rd\u0131.<\/p>\n<p>&#8220;Sosial y\u00f6n\u00fcml\u00fc bazar iqtisadiyyat\u0131 bizim iqtisadiyyat\u0131m\u0131z\u0131n \u0259sas prinsipi olmal\u0131d\u0131r&#8221;, &#8211; dey\u0259 b\u0259yan ed\u0259n ulu \u00f6nd\u0259r Heyd\u0259r \u018fliyev planl\u0131 t\u0259s\u0259rr\u00fcfatdan bazar iqtisadiyyat\u0131na ke\u00e7id, s\u0259rb\u0259st qiym\u0259tl\u0259rin t\u0259tbiqi \u015f\u0259raitind\u0259 \u0259halinin sosial rifah\u0131n\u0131n qorunmas\u0131 \u00fc\u00e7\u00fcn m\u00fch\u00fcm add\u0131mlar\u0131n at\u0131lmas\u0131n\u0131 t\u0259min etdi. \u0130\u015fl\u0259m\u0259y\u0259n pensiya\u00e7\u0131lara kompensasiya verilm\u0259si, \u00e7\u00f6r\u0259yin v\u0259 \u00e7\u00f6r\u0259k m\u0259mulatlar\u0131n\u0131n qiym\u0259tl\u0259rinin t\u0259nziml\u0259nm\u0259si, \u0259m\u0259khaqlar\u0131n\u0131n, m\u00fcavin\u0259t v\u0259 pensiyalar\u0131n art\u0131r\u0131lmas\u0131, azt\u0259minatl\u0131 \u0259hali qruplar\u0131n\u0131n sosial m\u00fcdafi\u0259sinin g\u00fccl\u0259ndirilm\u0259si \u00fc\u00e7\u00fcn m\u0259qs\u0259dy\u00f6nl\u00fc t\u0259dbirl\u0259r g\u00f6r\u00fcld\u00fc. Ulu \u00d6nd\u0259rimizin u\u011furlu neft strategiyas\u0131n\u0131n m\u00fch\u00fcm nailiyy\u0259ti olaraq 1994-c\u00fc il sentyabr\u0131n 20-d\u0259 imzalanan &#8220;\u018fsrin m\u00fcqavil\u0259si&#8221; respublikada iqtisadi inki\u015fafa ciddi t\u0259kan verm\u0259kl\u0259, sosial rifah\u0131n yax\u015f\u0131la\u015fd\u0131r\u0131lmas\u0131 istiqam\u0259tind\u0259 \u0259h\u0259miyy\u0259tli ir\u0259lil\u0259yi\u015fl\u0259r\u0259 imkan yaratd\u0131.<\/p>\n<p>\u00dcmummilli lider Heyd\u0259r \u018fliyevin q\u0259bul etdiyi q\u0259rarlar\u0131n n\u0259tic\u0259si olaraq sosial m\u00fcdafi\u0259 sisteminin m\u00fct\u0259madi g\u00fccl\u0259nm\u0259si, h\u0259ssas kateqoriyalar\u0131n, o c\u00fcml\u0259d\u0259n \u015f\u0259hid ail\u0259l\u0259rinin, \u0259lilliyi olan \u015f\u0259xsl\u0259rin, Milli q\u0259hr\u0259manlar\u0131n, onlardan h\u0259lak olanlar\u0131n ail\u0259l\u0259rinin, qa\u00e7q\u0131n v\u0259 m\u0259cburi k\u00f6\u00e7k\u00fcnl\u0259rin, m\u00fcharib\u0259 veteranlar\u0131n\u0131n v\u0259 ba\u015fqalar\u0131n\u0131n d\u00f6vl\u0259tin qay\u011f\u0131s\u0131 il\u0259 \u0259hat\u0259 olunmas\u0131 istiqam\u0259tind\u0259 \u00f6n\u0259mli add\u0131mlar at\u0131ld\u0131.<\/p>\n<div>\n<div id=\"AdviadNativeVideo0\" class=\"AdviadNativeVideo\"><\/div>\n<\/div>\n<p>&#8220;Biz sosial c\u0259h\u0259td\u0259n k\u00f6m\u0259y\u0259 ehtiyac\u0131 olan insanlar\u0131n sosial t\u0259minat\u0131n\u0131 g\u00fcnd\u0259n-g\u00fcn\u0259 yax\u015f\u0131la\u015fd\u0131rma\u011fa \u00e7al\u0131\u015fmal\u0131y\u0131q&#8221;, &#8211; dey\u0259n Ulu \u00d6nd\u0259rin tap\u015f\u0131r\u0131qlar\u0131 il\u0259 sosial m\u00fcdafi\u0259 t\u0259dbirl\u0259rinin, sosial \u00f6d\u0259ni\u015fl\u0259rin \u0259hat\u0259 dair\u0259si getdikc\u0259 art\u0131r\u0131ld\u0131, sosial t\u0259minat v\u0259 reabilitasiya m\u0259qs\u0259dli bir \u00e7ox yeni proqramlara ba\u015fland\u0131. O c\u00fcml\u0259d\u0259n \u015f\u0259hid ail\u0259l\u0259ri v\u0259 m\u00fcharib\u0259 \u0259lill\u0259rinin m\u0259nzill\u0259rl\u0259, m\u00fcharib\u0259 \u0259lill\u0259rinin avtomobill\u0259rl\u0259 t\u0259minat\u0131, reabilitasiya infrasrukturunun t\u0259kmill\u0259\u015fdirilm\u0259si v\u0259 \u015f\u0259b\u0259k\u0259sinin geni\u015fl\u0259ndirilm\u0259si, yeni b\u0259rpa m\u0259rk\u0259zl\u0259rinin yarad\u0131lmas\u0131, fiziki m\u0259hudiyy\u0259tli insanlar\u0131n qabiliyy\u0259t v\u0259 istedadlar\u0131n\u0131n tan\u0131d\u0131lmas\u0131 \u00fc\u00e7\u00fcn \u00fcmumrespublika t\u0259dbirl\u0259rin t\u0259\u015fkili v\u0259 s. i\u015fl\u0259r\u0259 ba\u015fland\u0131.<\/p>\n<p>Az\u0259rbaycanda sosial d\u00f6vl\u0259tin m\u00f6hk\u0259m t\u0259m\u0259lini formala\u015fd\u0131ran Ulu \u00d6nd\u0259rimizin m\u00fc\u0259llifi oldu\u011fu u\u011furlu sosial-iqtisadi inki\u015faf strategiyas\u0131 milli iqtisadiyyat\u0131n t\u0259r\u0259qqisind\u0259, eyni zamanda, rifah hal\u0131n\u0131n yax\u015f\u0131la\u015fd\u0131r\u0131lmas\u0131nda, yoxsullu\u011fun azald\u0131lmas\u0131nda m\u00fch\u00fcm u\u011furlara nail olma\u011fa imkan verdi.<\/p>\n<p>1993-2003-c\u00fc ill\u0259rd\u0259 \u00fcmummilli lider Heyd\u0259r \u018fliyevin r\u0259hb\u0259rliyi il\u0259 m\u00fcst\u0259qil Az\u0259rbaycan d\u00f6vl\u0259tinin qurulmas\u0131 v\u0259 uzunm\u00fcdd\u0259tli inki\u015faf yoluna s\u0259f\u0259rb\u0259r olunmas\u0131 t\u0259min edilm\u0259kl\u0259, d\u00f6vl\u0259tin g\u00fccl\u00fc sosial siyas\u0259ti formala\u015fd\u0131r\u0131ld\u0131. Pensiya v\u0259 m\u00fcavin\u0259tl\u0259rin 8 d\u0259f\u0259, muzdla i\u015fl\u0259y\u0259nl\u0259rin orta ayl\u0131q \u0259m\u0259khaqq\u0131n\u0131n 6 d\u0259f\u0259d\u0259n \u00e7ox art\u0131r\u0131lmas\u0131, MDB m\u0259kan\u0131nda ilk d\u0259f\u0259 Az\u0259rbaycanda yeni sosial-iqtisadi m\u00fcnasib\u0259tl\u0259r d\u00f6vr\u00fcn\u0259 uy\u011fun \u018fm\u0259k M\u0259c\u0259ll\u0259sinin, Demoqrafik \u0130nki\u015faf Konsepsiyas\u0131n\u0131n, m\u0259\u015f\u011fulluq, \u0259m\u0259k miqrasiyas\u0131 v\u0259 s. sah\u0259l\u0259rl\u0259 ba\u011fl\u0131 qanunlar\u0131n q\u0259bulu t\u0259min edildi. \u018flilliyin qar\u015f\u0131s\u0131n\u0131n al\u0131nmas\u0131 v\u0259 reabilitasiya \u00fczr\u0259 ilk d\u00f6vl\u0259t proqram\u0131 q\u0259bul olundu, pensiya t\u0259minat\u0131 sisteminin m\u00fct\u0259r\u0259qqi beyn\u0259lxalq t\u0259cr\u00fcb\u0259 \u0259sas\u0131nda t\u0259kmill\u0259\u015fdirilm\u0259si \u00fc\u00e7\u00fcn islahatlara ba\u015fland\u0131.<\/p>\n<p>D\u00f6vl\u0259t m\u00fcst\u0259qilliyimiz Prezident \u0130lham \u018fliyevin r\u0259hb\u0259rliyi il\u0259 2003-c\u00fc ild\u0259n \u00f6t\u0259n d\u00f6vrd\u0259 b\u00fct\u00fcn sah\u0259l\u0259rd\u0259 \u0259ld\u0259 olunan nailiyy\u0259tl\u0259rl\u0259 daha da m\u00f6hk\u0259ml\u0259ndi. D\u00f6vl\u0259timizin ba\u015f\u00e7\u0131s\u0131n\u0131n u\u011furlu daxili v\u0259 xarici siyas\u0259ti, m\u00fck\u0259mm\u0259l islahatlar proqram\u0131 n\u0259tic\u0259sind\u0259 bu g\u00fcn Az\u0259rbaycan g\u00fccl\u00fc iqtisadiyyata, g\u00fccl\u00fc orduya, u\u011furlu xarici siyas\u0259t n\u0259tic\u0259sind\u0259 g\u00fccl\u00fc beyn\u0259lxalq m\u00f6vqey\u0259, g\u00fccl\u00fc sosial siyas\u0259t\u0259 malik olan bir \u00f6lk\u0259dir&#8221;.<\/p>\n","protected":false},"excerpt":{"rendered":"<p>M\u00fcst\u0259qil Az\u0259rbaycan d\u00f6vl\u0259tinin memar\u0131 v\u0259 qurucusu, \u00fcmummilli lider Heyd\u0259r \u018fliyevin respublikam\u0131za r\u0259hb\u0259rlik etdiyi h\u0259r iki d\u00f6vr quruculuq v\u0259 inki\u015faf m\u0259rh\u0259l\u0259l\u0259ri kimi tariximizin q\u0131z\u0131l s\u0259hif\u0259l\u0259ridir. \u00a0ARANTV.AZ Trend-\u0259 istinad\u0259n\u00a0\u00a0x\u0259b\u0259r verir ki, bu fikirl\u0259r \u018fm\u0259k v\u0259 \u018fhalinin Sosial M\u00fcdafi\u0259si Nazirliyinin ictimaiyy\u0259tl\u0259 \u0259laq\u0259l\u0259r v\u0259 kommunikasiya \u015f\u00f6b\u0259sinin yayd\u0131\u011f\u0131 a\u00e7\u0131qlamada yer al\u0131b. A\u00e7\u0131qlamada deyilir: &#8220;H\u0259l\u0259 \u00f6t\u0259n \u0259srin 70-80-ci ill\u0259rind\u0259 Az\u0259rbaycana r\u0259hb\u0259rliyi d\u00f6vr\u00fcnd\u0259 ulu \u00f6nd\u0259r Heyd\u0259r \u018fliyev sosial sah\u0259nin inki\u015faf\u0131n\u0131 t\u0259min edib. Qeyd edil\u0259n d\u00f6vrd\u0259 Az\u0259rbaycanda b\u00f6y\u00fck sayda i\u015f\u00e7i tutumuna malik y\u00fczl\u0259rl\u0259 m\u00fc\u0259ssis\u0259 yarad\u0131l\u0131b. M\u0259\u015f\u011ful \u0259halinin say\u0131, \u0259m\u0259khaqlar\u0131 d\u0259f\u0259l\u0259rl\u0259 art\u0131r\u0131l\u0131b, \u0259halinin rifah s\u0259viyy\u0259si y\u00fcks\u0259ldilib. H\u0259min d\u00f6vrd\u0259 respublikam\u0131zda&hellip;<\/p>\n","protected":false},"author":2,"featured_media":162451,"comment_status":"closed","ping_status":"closed","sticky":false,"template":"","format":"standard","meta":{"om_disable_all_campaigns":false,"_monsterinsights_skip_tracking":false,"_monsterinsights_sitenote_active":false,"_monsterinsights_sitenote_note":"","_monsterinsights_sitenote_category":0},"categories":[26],"tags":[],"aioseo_notices":[],"gutentor_comment":0,"rttpg_featured_image_url":{"full":["https:\/\/arantv.az\/wp-content\/uploads\/2020\/05\/849045.jpg",609,440,false],"landscape":["https:\/\/arantv.az\/wp-content\/uploads\/2020\/05\/849045.jpg",609,440,false],"portraits":["https:\/\/arantv.az\/wp-content\/uploads\/2020\/05\/849045.jpg",609,440,false],"thumbnail":["https:\/\/arantv.az\/wp-content\/uploads\/2020\/05\/849045-150x150.jpg",150,150,true],"medium":["https:\/\/arantv.az\/wp-content\/uploads\/2020\/05\/849045-300x217.jpg",300,217,true],"large":["https:\/\/arantv.az\/wp-content\/uploads\/2020\/05\/849045.jpg",609,440,false],"1536x1536":["https:\/\/arantv.az\/wp-content\/uploads\/2020\/05\/849045.jpg",609,440,false],"2048x2048":["https:\/\/arantv.az\/wp-content\/uploads\/2020\/05\/849045.jpg",609,440,false],"post-thumbnail":["https:\/\/arantv.az\/wp-content\/uploads\/2020\/05\/849045-240x172.jpg",240,172,true],"advps-thumb-one":["https:\/\/arantv.az\/wp-content\/uploads\/2020\/05\/849045.jpg",609,440,false]},"rttpg_author":{"display_name":"V\u00fcsal Rafiqo\u011flu","author_link":"https:\/\/arantv.az\/?author=2"},"rttpg_comment":0,"rttpg_category":"<a href=\"https:\/\/arantv.az\/?cat=26\" rel=\"category\">Sosial<\/a>","rttpg_excerpt":"M\u00fcst\u0259qil Az\u0259rbaycan d\u00f6vl\u0259tinin memar\u0131 v\u0259 qurucusu, \u00fcmummilli lider Heyd\u0259r \u018fliyevin respublikam\u0131za r\u0259hb\u0259rlik etdiyi h\u0259r iki d\u00f6vr quruculuq v\u0259 inki\u015faf m\u0259rh\u0259l\u0259l\u0259ri kimi tariximizin q\u0131z\u0131l s\u0259hif\u0259l\u0259ridir. \u00a0ARANTV.AZ Trend-\u0259 istinad\u0259n\u00a0\u00a0x\u0259b\u0259r verir ki, bu fikirl\u0259r \u018fm\u0259k v\u0259 \u018fhalinin Sosial M\u00fcdafi\u0259si Nazirliyinin ictimaiyy\u0259tl\u0259 \u0259laq\u0259l\u0259r v\u0259 kommunikasiya \u015f\u00f6b\u0259sinin yayd\u0131\u011f\u0131 a\u00e7\u0131qlamada yer al\u0131b. A\u00e7\u0131qlamada deyilir: &#8220;H\u0259l\u0259 \u00f6t\u0259n \u0259srin 70-80-ci ill\u0259rind\u0259 Az\u0259rbaycana r\u0259hb\u0259rliyi&hellip;","_links":{"self":[{"href":"https:\/\/arantv.az\/index.php?rest_route=\/wp\/v2\/posts\/162445"}],"collection":[{"href":"https:\/\/arantv.az\/index.php?rest_route=\/wp\/v2\/posts"}],"about":[{"href":"https:\/\/arantv.az\/index.php?rest_route=\/wp\/v2\/types\/post"}],"author":[{"embeddable":true,"href":"https:\/\/arantv.az\/index.php?rest_route=\/wp\/v2\/users\/2"}],"replies":[{"embeddable":true,"href":"https:\/\/arantv.az\/index.php?rest_route=%2Fwp%2Fv2%2Fcomments&post=162445"}],"version-history":[{"count":0,"href":"https:\/\/arantv.az\/index.php?rest_route=\/wp\/v2\/posts\/162445\/revisions"}],"wp:featuredmedia":[{"embeddable":true,"href":"https:\/\/arantv.az\/index.php?rest_route=\/wp\/v2\/media\/162451"}],"wp:attachment":[{"href":"https:\/\/arantv.az\/index.php?rest_route=%2Fwp%2Fv2%2Fmedia&parent=162445"}],"wp:term":[{"taxonomy":"category","embeddable":true,"href":"https:\/\/arantv.az\/index.php?rest_route=%2Fwp%2Fv2%2Fcategories&post=162445"},{"taxonomy":"post_tag","embeddable":true,"href":"https:\/\/arantv.az\/index.php?rest_route=%2Fwp%2Fv2%2Ftags&post=162445"}],"curies":[{"name":"wp","href":"https:\/\/api.w.org\/{rel}","templated":true}]}}