{"id":162461,"date":"2020-05-09T20:02:26","date_gmt":"2020-05-09T17:02:26","guid":{"rendered":"http:\/\/arantv.az\/?p=162461"},"modified":"2020-05-09T23:03:26","modified_gmt":"2020-05-09T20:03:26","slug":"%c9%99bul%c9%99bulf%c9%99s-qarayev-istefa-%c9%99riz%c9%99sind%c9%99-n%c9%99l%c9%99r-yazibf%c9%99s-qarayev-istefa-%c9%99riz%c9%99sind%c9%99-n%c9%99l%c9%99r-yazib","status":"publish","type":"post","link":"https:\/\/arantv.az\/?p=162461","title":{"rendered":"\u018fb\u00fclf\u0259s Qarayev istefa \u0259riz\u0259sind\u0259 n\u0259l\u0259r yaz\u0131b?"},"content":{"rendered":"<div class=\"news-content\">\n<div>\n<p><em><strong>26 il istinas\u0131z v\u0259 fasil\u0259siz m\u0259d\u0259niyy\u0259t sah\u0259sin\u0259 r\u0259hb\u0259rlik ed\u0259n nazirin \u0259traf\u0131nda bu c\u00fcr adamlar\u0131n olmas\u0131 onun birba\u015fa m\u0259suliyy\u0259tidir&#8230;<\/strong><\/em><\/p>\n<p>Az\u0259rbaycan\u0131n uzun\u00f6m\u00fcrl\u00fc nazirl\u0259ri \u00e7ox idi. \u0130ndi o siyah\u0131da qalan azsayl\u0131 nazirl\u0259rd\u0259n biri d\u0259 \u018fb\u00fclf\u0259s Qarayevdir.<\/p>\n<p>\u018fb\u00fclf\u0259s Qarayev 1994-c\u00fc ild\u0259n 2001-ci il\u0259d\u0259k g\u0259ncl\u0259r v\u0259 turizm naziri, 2001-ci ild\u0259n 2006-c\u0131 il\u0259d\u0259k g\u0259ncl\u0259r, idman v\u0259 turizm naziri, 2006-c\u0131 ild\u0259n 2018-ci il\u0259d\u0259k m\u0259d\u0259niyy\u0259t v\u0259 turizm naziri, 2018-ci ild\u0259n is\u0259 m\u0259d\u0259niyy\u0259t naziri postunu tutur. G\u00f6r\u00fcnd\u00fcy\u00fc kimi, \u018fb\u00fclf\u0259s Qarayevin r\u0259hb\u0259rlik etdiyi nazirlikl\u0259rd\u0259 d\u0259yi\u015fm\u0259y\u0259n bir \u201cM\u201d h\u0259rfi-y\u0259ni m\u0259d\u0259niyy\u0259t sah\u0259sidir. \u018fb\u00fclf\u0259s Qarayev \u201cd\u00f6vl\u0259t t\u0259rbiy\u0259si\u201d g\u00f6rm\u00fc\u015f m\u0259murlardand\u0131r. \u018fm\u0259k f\u0259aliyy\u0259tin\u0259 Saatl\u0131 rayonundak\u0131 orta m\u0259kt\u0259bd\u0259 ingilis dili m\u00fc\u0259llimi kimi ba\u015flay\u0131b. Sonralar Az\u0259rbaycan komsomolunda v\u0259 partiya i\u015find\u0259 m\u00fcxt\u0259lif v\u0259zif\u0259l\u0259rd\u0259 \u00e7al\u0131\u015f\u0131b.<\/p>\n<p>26 ildir nazir i\u015fl\u0259y\u0259n \u018fb\u00fclf\u0259s Qarayev haqda mediada s\u0259rt t\u0259nqidi yaz\u0131lar xat\u0131rlam\u0131ram. M\u0259d\u0259niyy\u0259t \u00f6lk\u0259nin vacib v\u0259 spesifik sah\u0259si olsa da, \u018fb\u00fclf\u0259s Qarayev m\u0259\u015fhur Qara Qarayevl\u0259r n\u0259slinin n\u00fcmay\u0259nd\u0259si kimi bu ada olan h\u00f6rm\u0259ti ictimai davran\u0131\u015flar\u0131 il\u0259 qoruma\u011fa \u00e7al\u0131\u015f\u0131b. B\u0259lk\u0259 d\u0259 t\u0259nqid\u00e7i media zaman\u0131nda h\u0259m d\u0259 tan\u0131nm\u0131\u015f korifey \u0259misin\u0259 g\u00f6r\u0259 onun \u00fcz\u0259rin\u0259 \u00e7ox getm\u0259yib. H\u0259r halda, nazirin uzun \u00f6m\u00fcrl\u00fc olmas\u0131n\u0131n s\u0259b\u0259bl\u0259rind\u0259n biri d\u0259 ola bilsin, median\u0131n m\u0259suliyy\u0259tidir ki, m\u0259d\u0259niyy\u0259t nazirinin r\u0259hb\u0259rlik etdiyi strukturlara zaman\u0131nda laz\u0131m\u0131 diqq\u0259t yetirm\u0259yib. Yoxsa i\u015f DTX \u0259m\u0259liyyat\u0131na q\u0259d\u0259r uzanmaya da bil\u0259rdi.<\/p>\n<p>D\u00f6vl\u0259t ba\u015f\u00e7\u0131s\u0131 bu g\u00fcn nazirlikd\u0259 tutulan iki n\u0259f\u0259r y\u00fcks\u0259k v\u0259zif\u0259li m\u0259murun i\u015fd\u0259n \u00e7\u0131xar\u0131lmas\u0131 bar\u0259d\u0259 s\u0259r\u0259ncam imzalay\u0131b. M\u0259hk\u0259m\u0259 is\u0259 onlar bar\u0259sind\u0259 4 ayl\u0131q h\u0259bs q\u0259timkan t\u0259dbiri se\u00e7ib.<\/p>\n<p>Nazirin M\u0259d\u0259niyy\u0259t Nazirliyind\u0259ki h\u0259bsl\u0259r\u0259 reaksiyas\u0131na t\u0259\u0259cc\u00fcbl\u0259nm\u0259dim. H\u00fcquqi bax\u0131mdan nazirin yana\u015fmas\u0131 tam do\u011frudur.<\/p>\n<p><strong>Nazir DTX-n\u0131n h\u0259bsl\u0259ri haqda deyib ki, bir d\u00f6vl\u0259t orqan\u0131 ba\u015fqa bir qurumda \u0259m\u0259liyyat ke\u00e7irib:<\/strong>\u00a0\u201cM\u0259n indid\u0259n geni\u015f n\u0259s\u0259 s\u00f6yl\u0259y\u0259 bilm\u0259r\u0259m. \u018fm\u0259liyyat olub, tutulanlar var. Y\u0259qin ki, h\u0259r \u015fey ayd\u0131nla\u015facaq. Biz h\u00fcquqi d\u00f6vl\u0259td\u0259 ya\u015fay\u0131r\u0131q, \u0259g\u0259r neqativ n\u0259s\u0259 varsa, ona da h\u00fcquqi qiym\u0259t veril\u0259c\u0259k\u201d. \u201cH\u00fcquqi d\u00f6vl\u0259t, neqativ, ayd\u0131nla\u015fma&#8230;\u201dNazir bu xat\u0131rlatmalarda tam haql\u0131d\u0131r, amma \u0259n vacib olan\u0131 unudub. M\u0259suliyy\u0259ti! H\u00fcquqi m\u0259suliyy\u0259ti demir\u0259m, m\u0259n\u0259vi m\u0259suliyy\u0259ti yada sal\u0131ram&#8230;<\/p>\n<p>\u018fb\u00fclf\u0259s Qarayevin q\u0131sa a\u00e7\u0131qlamas\u0131 vizual olmay\u0131b, amma g\u00f6rm\u0259s\u0259k bel\u0259, onun son 48 saatda hans\u0131 hisl\u0259r ke\u00e7irdiyini bilm\u0259k o q\u0259d\u0259r d\u0259 \u00e7\u0259tin deyil. \u018fg\u0259r r\u0259hb\u0259rlik etdiyi quruma D\u00f6vl\u0259t T\u0259hl\u00fck\u0259sizlik Xidm\u0259tinin \u0259m\u0259kda\u015flar\u0131 g\u0259lib \u0259n yax\u0131n\u0131ndak\u0131 adamlar\u0131 korrupsiya ittiham\u0131 il\u0259 h\u0259bs edirs\u0259, papa\u011f\u0131n\u0131 qar\u015f\u0131na qoyub fikirl\u0259\u015fm\u0259lis\u0259n. Amma b\u0259lk\u0259 d\u0259 fikirl\u0259\u015fm\u0259kd\u0259n d\u0259 ke\u00e7ib, q\u0259rar qar\u015f\u0131na qoya bil\u0259c\u0259yin a\u011f v\u0259r\u0259q v\u0259 q\u0259l\u0259md\u0259dir&#8230;<\/p>\n<p>\u018fg\u0259r nazir h\u00fcquqi d\u00f6vl\u0259t deyirs\u0259, d\u0259rhal istefa verm\u0259k d\u0259 h\u00fcquqi v\u0259 m\u0259n\u0259vi bax\u0131mdan do\u011fru q\u0259rar deyilmi? \u201cM\u0259n Qarayev \u018fb\u00fclf\u0259s, xahi\u015f edir\u0259m ki&#8230;\u201d Bunlar\u0131 yazmaq \u00e7\u0259tin i\u015f say\u0131lmaz, y\u0259qin ki, bunca zaman nazir i\u015fl\u0259dikd\u0259n v\u0259 ba\u015f ver\u0259nl\u0259rd\u0259n sonra h\u0259m d\u0259&#8230; Vaxt\u0131nda h\u0259m d\u0259 aln\u0131a\u00e7\u0131q getm\u0259k nazir v\u0259 ya f\u0259hl\u0259 olma\u011f\u0131ndan as\u0131l\u0131 olmayaraq, ham\u0131ya yara\u015fan se\u00e7imdir. \u018fb\u00fclf\u0259s Qarayev ona yara\u015fan\u0131 se\u00e7\u0259c\u0259k \u0259lb\u0259tt\u0259 ki..<\/p>\n<p>26 il istinas\u0131z v\u0259 fasil\u0259siz m\u0259d\u0259niyy\u0259t sah\u0259sin\u0259 r\u0259hb\u0259rlik ed\u0259n \u018fb\u00fclf\u0259s Qarayevin \u0259traf\u0131nda bu c\u00fcr adamlar\u0131n olmas\u0131 onun birba\u015fa m\u0259suliyy\u0259tidir. H\u0259l\u0259 ki, h\u00fcquqi yox, m\u0259n\u0259vi m\u0259suliyy\u0259tidir. Bu, f\u0259xri titullar almaq \u00fc\u00e7\u00fcn adlar\u0131 siyah\u0131ya d\u00fc\u015fm\u0259y\u0259n adamlar\u0131n etiraz\u0131 deyil ax\u0131, b\u00f6y\u00fck bir t\u0259\u015fkilatlanm\u0131\u015f korrupsiya \u015f\u0259b\u0259k\u0259sinin DTX s\u0259viyy\u0259sind\u0259 if\u015fas\u0131d\u0131r. M\u0259d\u0259ni \u0130rsin Qorunmas\u0131, \u0130nki\u015faf\u0131 v\u0259 B\u0259rpas\u0131 \u00fczr\u0259 D\u00f6vl\u0259t Xidm\u0259tinin r\u0259isi Zakir Sultanov milyon dollara \u201cTorqov\u0131\u201d da obyekt al\u0131r, nazirin bundan x\u0259b\u0259ri olmursa, m\u00fcavini Rafiq Bayramov b\u00fcdc\u0259 v\u0259saitl\u0259rini talay\u0131r, m\u0259d\u0259niyy\u0259t \u015f\u00f6b\u0259l\u0259rin\u0259 r\u00fc\u015fv\u0259t al\u0131b, m\u00fcdir t\u0259yin edirs\u0259 v\u0259 nazirin bundan da x\u0259b\u0259ri olmursa&#8230;yen\u0259 istefaya getm\u0259k g\u0259r\u0259kdir. \u00c7\u00fcnki bunlar\u0131 n\u0259zar\u0259td\u0259n yay\u0131naraq edibl\u0259r, naziri i\u015f\u0259 h\u0259m d\u0259 i\u015f\u00e7il\u0259rin\u0259 n\u0259zar\u0259t \u00fc\u00e7\u00fcn t\u0259yin edirl\u0259r&#8230;\u018fb\u00fclf\u0259s Qarayev \u0259n az\u0131 istintaq d\u00f6vr\u00fcn\u0259d\u0259k v\u0259zif\u0259d\u0259n \u00e7\u0259kilm\u0259li, ba\u015f ver\u0259nl\u0259rl\u0259 ba\u011fl\u0131 dey\u0259c\u0259kl\u0259ri varsa, dem\u0259lidir.<\/p>\n<p>M\u0259d\u0259niyy\u0259t el\u0259 bir sah\u0259dir ki, ham\u0131n\u0131 raz\u0131 salmaq \u00e7\u0259tindir. \u018fb\u00fclf\u0259s Qarayevd\u0259n naraz\u0131l\u0131\u011f\u0131n ilk ciddi siqnallar\u0131 2018-ci il prezident se\u00e7kisind\u0259n sonra \u00fcz\u0259 \u00e7\u0131xm\u0131\u015fd\u0131. Yada salaq ki, Prezidentin ciddi \u00f6n\u0259m verdiyi turizm sah\u0259si \u018fb\u00fclf\u0259s Qarayevin r\u0259hb\u0259rlik etdiyi sah\u0259 idi. 2018-d\u0259 nazir bu sah\u0259y\u0259 n\u0259zar\u0259ti itirdi, ayr\u0131ca Turizm Agentliyi yarad\u0131ld\u0131. \u018fb\u00fclf\u0259s Qarayev is\u0259 bundan sonra da lap \u201ck\u00f6lg\u0259y\u0259 \u00e7\u0259kildi\u201d.<\/p>\n<p>G\u00f6r\u00fcn\u00fcr, bunu f\u00fcrs\u0259t bil\u0259n yax\u0131n \u0259traf\u0131ndak\u0131 adamlar r\u00fc\u015fv\u0259t\u0259 o q\u0259d\u0259r \u201cqaz veribl\u0259r\u201d ki s\u0259si ta DTX-yad\u0259k gedib \u00e7\u0131x\u0131b&#8230;<\/p>\n<p>Musavat.com<\/p>\n<\/div>\n<\/div>\n<div class=\"news-author text-left\"><a href=\"https:\/\/musavat.com\/author\/nazim-sabiroglu_14\"><img class=\"img-responsive img-author\" src=\"https:\/\/cdn.musavat.com\/authors\/thumbnails\/0b1621208614b01a85702805e300e7b6.jpg\" \/>Nazim SAB\u0130RO\u011eLU<\/a><\/div>\n","protected":false},"excerpt":{"rendered":"<p>26 il istinas\u0131z v\u0259 fasil\u0259siz m\u0259d\u0259niyy\u0259t sah\u0259sin\u0259 r\u0259hb\u0259rlik ed\u0259n nazirin \u0259traf\u0131nda bu c\u00fcr adamlar\u0131n olmas\u0131 onun birba\u015fa m\u0259suliyy\u0259tidir&#8230; Az\u0259rbaycan\u0131n uzun\u00f6m\u00fcrl\u00fc nazirl\u0259ri \u00e7ox idi. \u0130ndi o siyah\u0131da qalan azsayl\u0131 nazirl\u0259rd\u0259n biri d\u0259 \u018fb\u00fclf\u0259s Qarayevdir. \u018fb\u00fclf\u0259s Qarayev 1994-c\u00fc ild\u0259n 2001-ci il\u0259d\u0259k g\u0259ncl\u0259r v\u0259 turizm naziri, 2001-ci ild\u0259n 2006-c\u0131 il\u0259d\u0259k g\u0259ncl\u0259r, idman v\u0259 turizm naziri, 2006-c\u0131 ild\u0259n 2018-ci il\u0259d\u0259k m\u0259d\u0259niyy\u0259t v\u0259 turizm naziri, 2018-ci ild\u0259n is\u0259 m\u0259d\u0259niyy\u0259t naziri postunu tutur. G\u00f6r\u00fcnd\u00fcy\u00fc kimi, \u018fb\u00fclf\u0259s Qarayevin r\u0259hb\u0259rlik etdiyi nazirlikl\u0259rd\u0259 d\u0259yi\u015fm\u0259y\u0259n bir \u201cM\u201d h\u0259rfi-y\u0259ni m\u0259d\u0259niyy\u0259t sah\u0259sidir. \u018fb\u00fclf\u0259s Qarayev \u201cd\u00f6vl\u0259t t\u0259rbiy\u0259si\u201d g\u00f6rm\u00fc\u015f m\u0259murlardand\u0131r. \u018fm\u0259k f\u0259aliyy\u0259tin\u0259 Saatl\u0131 rayonundak\u0131&hellip;<\/p>\n","protected":false},"author":2,"featured_media":162475,"comment_status":"closed","ping_status":"closed","sticky":false,"template":"","format":"standard","meta":{"om_disable_all_campaigns":false,"_monsterinsights_skip_tracking":false,"_monsterinsights_sitenote_active":false,"_monsterinsights_sitenote_note":"","_monsterinsights_sitenote_category":0},"categories":[19],"tags":[],"aioseo_notices":[],"gutentor_comment":0,"rttpg_featured_image_url":{"full":["https:\/\/arantv.az\/wp-content\/uploads\/2020\/05\/4c644e475520d486f0b616de49a1c176.jpg",450,300,false],"landscape":["https:\/\/arantv.az\/wp-content\/uploads\/2020\/05\/4c644e475520d486f0b616de49a1c176.jpg",450,300,false],"portraits":["https:\/\/arantv.az\/wp-content\/uploads\/2020\/05\/4c644e475520d486f0b616de49a1c176.jpg",450,300,false],"thumbnail":["https:\/\/arantv.az\/wp-content\/uploads\/2020\/05\/4c644e475520d486f0b616de49a1c176-150x150.jpg",150,150,true],"medium":["https:\/\/arantv.az\/wp-content\/uploads\/2020\/05\/4c644e475520d486f0b616de49a1c176-300x200.jpg",300,200,true],"large":["https:\/\/arantv.az\/wp-content\/uploads\/2020\/05\/4c644e475520d486f0b616de49a1c176.jpg",450,300,false],"1536x1536":["https:\/\/arantv.az\/wp-content\/uploads\/2020\/05\/4c644e475520d486f0b616de49a1c176.jpg",450,300,false],"2048x2048":["https:\/\/arantv.az\/wp-content\/uploads\/2020\/05\/4c644e475520d486f0b616de49a1c176.jpg",450,300,false],"post-thumbnail":["https:\/\/arantv.az\/wp-content\/uploads\/2020\/05\/4c644e475520d486f0b616de49a1c176-240x172.jpg",240,172,true],"advps-thumb-one":["https:\/\/arantv.az\/wp-content\/uploads\/2020\/05\/4c644e475520d486f0b616de49a1c176.jpg",450,300,false]},"rttpg_author":{"display_name":"V\u00fcsal Rafiqo\u011flu","author_link":"https:\/\/arantv.az\/?author=2"},"rttpg_comment":0,"rttpg_category":"<a href=\"https:\/\/arantv.az\/?cat=19\" rel=\"category\">G\u00fcnd\u0259m<\/a>","rttpg_excerpt":"26 il istinas\u0131z v\u0259 fasil\u0259siz m\u0259d\u0259niyy\u0259t sah\u0259sin\u0259 r\u0259hb\u0259rlik ed\u0259n nazirin \u0259traf\u0131nda bu c\u00fcr adamlar\u0131n olmas\u0131 onun birba\u015fa m\u0259suliyy\u0259tidir&#8230; Az\u0259rbaycan\u0131n uzun\u00f6m\u00fcrl\u00fc nazirl\u0259ri \u00e7ox idi. \u0130ndi o siyah\u0131da qalan azsayl\u0131 nazirl\u0259rd\u0259n biri d\u0259 \u018fb\u00fclf\u0259s Qarayevdir. \u018fb\u00fclf\u0259s Qarayev 1994-c\u00fc ild\u0259n 2001-ci il\u0259d\u0259k g\u0259ncl\u0259r v\u0259 turizm naziri, 2001-ci ild\u0259n 2006-c\u0131 il\u0259d\u0259k g\u0259ncl\u0259r, idman v\u0259 turizm naziri, 2006-c\u0131 ild\u0259n 2018-ci&hellip;","_links":{"self":[{"href":"https:\/\/arantv.az\/index.php?rest_route=\/wp\/v2\/posts\/162461"}],"collection":[{"href":"https:\/\/arantv.az\/index.php?rest_route=\/wp\/v2\/posts"}],"about":[{"href":"https:\/\/arantv.az\/index.php?rest_route=\/wp\/v2\/types\/post"}],"author":[{"embeddable":true,"href":"https:\/\/arantv.az\/index.php?rest_route=\/wp\/v2\/users\/2"}],"replies":[{"embeddable":true,"href":"https:\/\/arantv.az\/index.php?rest_route=%2Fwp%2Fv2%2Fcomments&post=162461"}],"version-history":[{"count":0,"href":"https:\/\/arantv.az\/index.php?rest_route=\/wp\/v2\/posts\/162461\/revisions"}],"wp:featuredmedia":[{"embeddable":true,"href":"https:\/\/arantv.az\/index.php?rest_route=\/wp\/v2\/media\/162475"}],"wp:attachment":[{"href":"https:\/\/arantv.az\/index.php?rest_route=%2Fwp%2Fv2%2Fmedia&parent=162461"}],"wp:term":[{"taxonomy":"category","embeddable":true,"href":"https:\/\/arantv.az\/index.php?rest_route=%2Fwp%2Fv2%2Fcategories&post=162461"},{"taxonomy":"post_tag","embeddable":true,"href":"https:\/\/arantv.az\/index.php?rest_route=%2Fwp%2Fv2%2Ftags&post=162461"}],"curies":[{"name":"wp","href":"https:\/\/api.w.org\/{rel}","templated":true}]}}