{"id":162462,"date":"2020-05-09T19:15:43","date_gmt":"2020-05-09T16:15:43","guid":{"rendered":"http:\/\/arantv.az\/?p=162462"},"modified":"2020-05-09T19:15:43","modified_gmt":"2020-05-09T16:15:43","slug":"oldurduyu-insanlarin-d%c9%99risind%c9%99n-%c9%99syalar-hazirlayan-buhenvald-ifrit%c9%99si-fotolar","status":"publish","type":"post","link":"https:\/\/arantv.az\/?p=162462","title":{"rendered":"\u00d6ld\u00fcrd\u00fcy\u00fc insanlar\u0131n d\u0259risind\u0259n \u0259\u015fyalar haz\u0131rlayan \u201cBuhenvald ifrit\u0259si\u201d &#8211; FOTOLAR"},"content":{"rendered":"<div class=\"news-content\">\n<p><strong>Nasist d\u00f6vr\u00fc Almaniyas\u0131 bir \u00e7ox d\u0259h\u015f\u0259tli faktlarla yadda qal\u0131r. X\u00fcsusil\u0259 h\u0259bs d\u00fc\u015f\u0259rg\u0259l\u0259rind\u0259 y\u0259hudil\u0259rin ba\u015f\u0131na g\u0259tiril\u0259n m\u00fcsib\u0259tl\u0259r II d\u00fcnya m\u00fcharib\u0259sin\u0259 dam\u011fa vurub.<\/strong><\/p>\n<p>Bu m\u00fcharib\u0259 d\u00f6vr\u00fcnd\u0259 Adolf Hitlerin r\u0259hb\u0259rlik etdiyi nasist Almaniyas\u0131n\u0131n y\u0259hudil\u0259r\u0259 qar\u015f\u0131 t\u00f6r\u0259tdiyi insanl\u0131q cinay\u0259tl\u0259ri bar\u0259d\u0259 bir foto albomun antik \u0259\u015fyalar bazarda sat\u0131\u015fa qoyuldu\u011fu bar\u0259d\u0259 \u00e7ox yaz\u0131l\u0131b.<\/p>\n<p>\u0130nsan d\u0259risind\u0259n haz\u0131rlanan bu foto albom nasistl\u0259rin t\u00f6r\u0259tdikl\u0259ri insanl\u0131q cinay\u0259tl\u0259rin\u0259 birba\u015fa s\u00fcbutudur. Albomun m\u00fc\u0259llifi \u0130lse Ko\u00e7dur. Buhenvald d\u00fc\u015f\u0259rg\u0259sind\u0259 v\u0259zif\u0259 da\u015f\u0131yan \u0130lse Ko\u00e7, \u201cBuhenvald ifrit\u0259si\u201d kimi d\u0259 tan\u0131n\u0131b.<\/p>\n<p>Tarixd\u0259ki \u0259n q\u0259ddar \u015f\u0259xsl\u0259rd\u0259n biri olan, \u00f6ld\u00fcrd\u00fcy\u00fc insanlar\u0131n d\u0259ril\u0259rind\u0259n istifad\u0259 ed\u0259n \u0130lse Ko\u00e7 haqq\u0131ndna m\u0259lumatlar\u0131 sizl\u0259r\u0259 t\u0259qdim edirik.<\/p>\n<p><img loading=\"lazy\" src=\"https:\/\/listelist.com\/wp-content\/uploads\/2020\/03\/%C4%B1lse-2.jpg\" alt=\"Ilse koch\" width=\"687\" height=\"505\" \/><\/p>\n<p>1906-c\u0131 ild\u0259 anadan olan \u0130lse Ko\u00e7 siyasi cinay\u0259t h\u0259bsxanalar\u0131n\u0131n r\u0259isi Karl Otto Ko\u00e7un h\u0259yat yolda\u015f\u0131 idi. C\u00fctl\u00fck 1937-ci ild\u0259 evl\u0259nmi\u015fdi.<\/p>\n<p>Evlilikl\u0259ri m\u00fcdd\u0259tind\u0259 \u0130lse Ko\u00e7 \u201cSachsenhausen\u201d d\u00fc\u015f\u0259rg\u0259sind\u0259 g\u00f6z\u0259t\u00e7i v\u0259 katib kimi i\u015fl\u0259yib. \u018fri Buhenvald d\u00fc\u015f\u0259rg\u0259sinin komandiri t\u0259yin edildikd\u0259n sonra ail\u0259likc\u0259 oraya k\u00f6\u00e7d\u00fcl\u0259r.<\/p>\n<p>Buhenvald d\u00fc\u015f\u0259rg\u0259sind\u0259 20 min insan saxlan\u0131l\u0131b. \u0130lse burada m\u0259hbuslara qar\u015f\u0131 sadist m\u00fcnasib\u0259ti il\u0259 tan\u0131n\u0131b.<\/p>\n<p><img src=\"https:\/\/listelist.com\/wp-content\/uploads\/2020\/03\/%C4%B1lse-5.jpg\" alt=\"Ilse koch\" \/><\/p>\n<p>Ko\u00e7 d\u00f6ym\u0259li b\u0259d\u0259nl\u0259ri sevirmi\u015f. O, b\u0259z\u0259n \u00f6ld\u00fcrd\u00fcy\u00fc \u0259sirl\u0259rin d\u0259risin\u0259 \u00f6z\u00fc d\u0259 d\u00f6ym\u0259l\u0259r edib. \u00d6l\u0259n \u0259sirl\u0259rin b\u0259d\u0259nind\u0259ki d\u00f6ym\u0259l\u0259ri k\u0259sib h\u0259min hiss\u0259l\u0259rd\u0259n \u00e7antalar, \u0259lc\u0259kl\u0259r, gec\u0259 lampalar\u0131, h\u0259tta alt paltarlar\u0131 d\u00fcz\u0259ldib.<\/p>\n<p>Bundan ba\u015fqa, \u0130lse d\u00fc\u015f\u0259rg\u0259d\u0259 insanlara i\u015fg\u0259nc\u0259 verir, d\u00f6y\u00fcr, t\u0259hqir edir, onlar\u0131 cinsi \u0259laq\u0259d\u0259 olma\u011fa m\u0259cbur edirdi.<\/p>\n<p>1943-c\u00fc ild\u0259, c\u00fctl\u00fck gestapo t\u0259r\u0259find\u0259n SS fondlar\u0131ndan pul o\u011furlamaqda v\u0259 b\u0259zi SS \u00fczvl\u0259rini \u00f6ld\u00fcrm\u0259kd\u0259 g\u00fcnahland\u0131r\u0131l\u0131b.<\/p>\n<p><img src=\"https:\/\/listelist.com\/wp-content\/uploads\/2020\/03\/%C4%B1lse-4.jpg\" alt=\"Ilse koch\" \/><\/p>\n<p>1945-ci ilin aprelind\u0259 Karl Ko\u00e7 edam edilib. \u0130lse bir m\u00fcdd\u0259tlik azal\u0131\u011fa burax\u0131l\u0131b, lakin 1945-ci ilin iyun ay\u0131nda AB\u015e \u0259sg\u0259rl\u0259ri t\u0259r\u0259find\u0259n h\u0259bs edilib. 1947-ci ild\u0259 Buhenvalda ba\u015f ver\u0259nl\u0259r\u0259 g\u00f6r\u0259 \u00f6m\u00fcrl\u00fck h\u0259bs c\u0259zas\u0131na m\u0259hkum olunub. Ancaq 1948-ci ild\u0259 hamil\u0259 oldu\u011fu \u00fc\u00e7\u00fcn c\u0259zas\u0131 4 il\u0259d\u0259k endirilib. \u0130ddialara g\u00f6r\u0259, \u0130lse Ko\u00e7 c\u0259zas\u0131n\u0131 y\u00fcng\u00fcll\u0259\u015fdirm\u0259k \u00fc\u00e7\u00fcn h\u0259bsxana m\u00fchafiz\u0259\u00e7il\u0259rind\u0259n birind\u0259n hamil\u0259 qalm\u0131\u015fd\u0131.<\/p>\n<p><img loading=\"lazy\" src=\"https:\/\/listelist.com\/wp-content\/uploads\/2020\/03\/%C4%B1lse-6.jpg\" alt=\"Ilse koch\" width=\"815\" height=\"629\" \/><\/p>\n<p>2 il sonra s\u0259rb\u0259st burax\u0131lan \u0130lse Ko\u00e7 o d\u00f6n\u0259md\u0259 yeni s\u00fcbutlar\u0131n ortaya \u00e7\u0131xmas\u0131na, 50 min cinay\u0259t i\u015find\u0259 i\u015ftirak\u0131na g\u00f6r\u0259 yenid\u0259n \u00f6m\u00fcrl\u00fck h\u0259bs c\u0259zas\u0131na m\u0259hkum edilib.<\/p>\n<p>H\u0259bsxana h\u0259yat\u0131nda \u00e7\u0259tinlik \u00e7\u0259k\u0259n \u0130lse Ko\u00e7 1967-ci il sentyabr\u0131n 1-d\u0259, g\u00f6zl\u0259diyi \u0259fv f\u0259rman\u0131na ad\u0131 d\u00fc\u015fm\u0259diyi \u00fc\u00e7\u00fcn kameras\u0131nda \u00f6z\u00fcn\u00fc asaraq intihar edib.<\/p>\n<p><strong>\u00a0<\/strong><\/p>\n<p><strong><img src=\"https:\/\/listelist.com\/wp-content\/uploads\/2020\/03\/%C4%B1lse-1.jpg\" alt=\"Ilse koch\" \/><\/strong><\/p>\n<p><strong><img src=\"https:\/\/listelist.com\/wp-content\/uploads\/2020\/03\/%C4%B1lse-7.jpg\" \/><\/strong><\/p>\n<p><strong><img loading=\"lazy\" src=\"https:\/\/listelist.com\/wp-content\/uploads\/2020\/03\/%C4%B1lse-8.jpg\" alt=\"Ilse koch\" width=\"814\" height=\"478\" \/><\/strong><\/p>\n<\/div>\n<div class=\"subs-in-social subs-instagram\">\u00a0Musavat.com<\/div>\n","protected":false},"excerpt":{"rendered":"<p>Nasist d\u00f6vr\u00fc Almaniyas\u0131 bir \u00e7ox d\u0259h\u015f\u0259tli faktlarla yadda qal\u0131r. X\u00fcsusil\u0259 h\u0259bs d\u00fc\u015f\u0259rg\u0259l\u0259rind\u0259 y\u0259hudil\u0259rin ba\u015f\u0131na g\u0259tiril\u0259n m\u00fcsib\u0259tl\u0259r II d\u00fcnya m\u00fcharib\u0259sin\u0259 dam\u011fa vurub. Bu m\u00fcharib\u0259 d\u00f6vr\u00fcnd\u0259 Adolf Hitlerin r\u0259hb\u0259rlik etdiyi nasist Almaniyas\u0131n\u0131n y\u0259hudil\u0259r\u0259 qar\u015f\u0131 t\u00f6r\u0259tdiyi insanl\u0131q cinay\u0259tl\u0259ri bar\u0259d\u0259 bir foto albomun antik \u0259\u015fyalar bazarda sat\u0131\u015fa qoyuldu\u011fu bar\u0259d\u0259 \u00e7ox yaz\u0131l\u0131b. \u0130nsan d\u0259risind\u0259n haz\u0131rlanan bu foto albom nasistl\u0259rin t\u00f6r\u0259tdikl\u0259ri insanl\u0131q cinay\u0259tl\u0259rin\u0259 birba\u015fa s\u00fcbutudur. Albomun m\u00fc\u0259llifi \u0130lse Ko\u00e7dur. Buhenvald d\u00fc\u015f\u0259rg\u0259sind\u0259 v\u0259zif\u0259 da\u015f\u0131yan \u0130lse Ko\u00e7, \u201cBuhenvald ifrit\u0259si\u201d kimi d\u0259 tan\u0131n\u0131b. Tarixd\u0259ki \u0259n q\u0259ddar \u015f\u0259xsl\u0259rd\u0259n biri olan, \u00f6ld\u00fcrd\u00fcy\u00fc insanlar\u0131n d\u0259ril\u0259rind\u0259n istifad\u0259 ed\u0259n \u0130lse Ko\u00e7 haqq\u0131ndna m\u0259lumatlar\u0131 sizl\u0259r\u0259&hellip;<\/p>\n","protected":false},"author":2,"featured_media":162463,"comment_status":"closed","ping_status":"closed","sticky":false,"template":"","format":"standard","meta":{"om_disable_all_campaigns":false,"_monsterinsights_skip_tracking":false,"_monsterinsights_sitenote_active":false,"_monsterinsights_sitenote_note":"","_monsterinsights_sitenote_category":0},"categories":[4],"tags":[],"aioseo_notices":[],"gutentor_comment":0,"rttpg_featured_image_url":{"full":["https:\/\/arantv.az\/wp-content\/uploads\/2020\/05\/e927aad10d1b85cca6cc2a3aff5f73fe.jpg",450,300,false],"landscape":["https:\/\/arantv.az\/wp-content\/uploads\/2020\/05\/e927aad10d1b85cca6cc2a3aff5f73fe.jpg",450,300,false],"portraits":["https:\/\/arantv.az\/wp-content\/uploads\/2020\/05\/e927aad10d1b85cca6cc2a3aff5f73fe.jpg",450,300,false],"thumbnail":["https:\/\/arantv.az\/wp-content\/uploads\/2020\/05\/e927aad10d1b85cca6cc2a3aff5f73fe-150x150.jpg",150,150,true],"medium":["https:\/\/arantv.az\/wp-content\/uploads\/2020\/05\/e927aad10d1b85cca6cc2a3aff5f73fe-300x200.jpg",300,200,true],"large":["https:\/\/arantv.az\/wp-content\/uploads\/2020\/05\/e927aad10d1b85cca6cc2a3aff5f73fe.jpg",450,300,false],"1536x1536":["https:\/\/arantv.az\/wp-content\/uploads\/2020\/05\/e927aad10d1b85cca6cc2a3aff5f73fe.jpg",450,300,false],"2048x2048":["https:\/\/arantv.az\/wp-content\/uploads\/2020\/05\/e927aad10d1b85cca6cc2a3aff5f73fe.jpg",450,300,false],"post-thumbnail":["https:\/\/arantv.az\/wp-content\/uploads\/2020\/05\/e927aad10d1b85cca6cc2a3aff5f73fe-240x172.jpg",240,172,true],"advps-thumb-one":["https:\/\/arantv.az\/wp-content\/uploads\/2020\/05\/e927aad10d1b85cca6cc2a3aff5f73fe.jpg",450,300,false]},"rttpg_author":{"display_name":"V\u00fcsal Rafiqo\u011flu","author_link":"https:\/\/arantv.az\/?author=2"},"rttpg_comment":0,"rttpg_category":"<a href=\"https:\/\/arantv.az\/?cat=4\" rel=\"category\">Siyas\u0259t<\/a>","rttpg_excerpt":"Nasist d\u00f6vr\u00fc Almaniyas\u0131 bir \u00e7ox d\u0259h\u015f\u0259tli faktlarla yadda qal\u0131r. X\u00fcsusil\u0259 h\u0259bs d\u00fc\u015f\u0259rg\u0259l\u0259rind\u0259 y\u0259hudil\u0259rin ba\u015f\u0131na g\u0259tiril\u0259n m\u00fcsib\u0259tl\u0259r II d\u00fcnya m\u00fcharib\u0259sin\u0259 dam\u011fa vurub. Bu m\u00fcharib\u0259 d\u00f6vr\u00fcnd\u0259 Adolf Hitlerin r\u0259hb\u0259rlik etdiyi nasist Almaniyas\u0131n\u0131n y\u0259hudil\u0259r\u0259 qar\u015f\u0131 t\u00f6r\u0259tdiyi insanl\u0131q cinay\u0259tl\u0259ri bar\u0259d\u0259 bir foto albomun antik \u0259\u015fyalar bazarda sat\u0131\u015fa qoyuldu\u011fu bar\u0259d\u0259 \u00e7ox yaz\u0131l\u0131b. \u0130nsan d\u0259risind\u0259n haz\u0131rlanan bu foto albom nasistl\u0259rin t\u00f6r\u0259tdikl\u0259ri&hellip;","_links":{"self":[{"href":"https:\/\/arantv.az\/index.php?rest_route=\/wp\/v2\/posts\/162462"}],"collection":[{"href":"https:\/\/arantv.az\/index.php?rest_route=\/wp\/v2\/posts"}],"about":[{"href":"https:\/\/arantv.az\/index.php?rest_route=\/wp\/v2\/types\/post"}],"author":[{"embeddable":true,"href":"https:\/\/arantv.az\/index.php?rest_route=\/wp\/v2\/users\/2"}],"replies":[{"embeddable":true,"href":"https:\/\/arantv.az\/index.php?rest_route=%2Fwp%2Fv2%2Fcomments&post=162462"}],"version-history":[{"count":0,"href":"https:\/\/arantv.az\/index.php?rest_route=\/wp\/v2\/posts\/162462\/revisions"}],"wp:featuredmedia":[{"embeddable":true,"href":"https:\/\/arantv.az\/index.php?rest_route=\/wp\/v2\/media\/162463"}],"wp:attachment":[{"href":"https:\/\/arantv.az\/index.php?rest_route=%2Fwp%2Fv2%2Fmedia&parent=162462"}],"wp:term":[{"taxonomy":"category","embeddable":true,"href":"https:\/\/arantv.az\/index.php?rest_route=%2Fwp%2Fv2%2Fcategories&post=162462"},{"taxonomy":"post_tag","embeddable":true,"href":"https:\/\/arantv.az\/index.php?rest_route=%2Fwp%2Fv2%2Ftags&post=162462"}],"curies":[{"name":"wp","href":"https:\/\/api.w.org\/{rel}","templated":true}]}}