{"id":16313,"date":"2018-10-01T08:12:41","date_gmt":"2018-10-01T05:12:41","guid":{"rendered":"http:\/\/arantv.az\/?p=16313"},"modified":"2018-10-01T08:12:41","modified_gmt":"2018-10-01T05:12:41","slug":"milli-m%c9%99clisin-payiz-sessiyasi-basladi","status":"publish","type":"post","link":"https:\/\/arantv.az\/?p=16313","title":{"rendered":"Milli M\u0259clisin pay\u0131z sessiyas\u0131 ba\u015flad\u0131"},"content":{"rendered":"<p>Milli M\u0259clisin (MM) n\u00f6vb\u0259ti &#8211; 2018-ci il pay\u0131z sessiyas\u0131 oktyabr\u0131n 1-d\u0259 \u00f6z i\u015fin\u0259 ba\u015flay\u0131b.<\/p>\n<p><strong>ARANTV.AZ<\/strong>-\u0131n x\u0259b\u0259rin\u0259 g\u00f6r\u0259, pay\u0131z sessiyas\u0131n\u0131n ilk plenar iclas\u0131 \u00f6z i\u015fin\u0259 d\u00f6vl\u0259t himninin oxunmas\u0131 v\u0259 s\u0259sl\u0259nm\u0259si il\u0259 start verib.<\/p>\n<p>Qeyd ed\u0259k ki, daha \u00e7ox b\u00fcdc\u0259 sessiyas\u0131 kimi tan\u0131nan pay\u0131z sessiyas\u0131 dekabr ay\u0131n\u0131n 30-d\u0259k fasil\u0259l\u0259rl\u0259 davam ed\u0259c\u0259k.<\/p>\n<p>Sessiya d\u00f6vr\u00fcnd\u0259\u00a0(t\u0259xmin\u0259n noyabr ay\u0131nda) 2019-cu ilin d\u00f6vl\u0259t b\u00fcdc\u0259si z\u0259rfi \u0259vv\u0259lc\u0259 komit\u0259l\u0259rd\u0259, sonra is\u0259 plenar iclaslarda m\u00fczakir\u0259 edil\u0259r\u0259k, q\u0259bul olunacaq.<\/p>\n<p>Sessiyan\u0131n ilk plenar iclas\u0131n\u0131n g\u00fcnd\u0259liyin\u0259 60-dan \u00e7ox m\u0259s\u0259l\u0259 daxil edilib.<\/p>\n<p>\u0130lk iclasda pay\u0131z sessiyas\u0131n\u0131n qanunvericilik i\u015fl\u0259ri plan\u0131 t\u0259sdiql\u0259n\u0259c\u0259k, h\u0259mi\u00e7inin, qanun layih\u0259l\u0259ri m\u00fczakir\u0259l\u0259rd\u0259n ke\u00e7iril\u0259r\u0259k, birinci oxunu\u015fda q\u0259bul edil\u0259c\u0259k.oxu.az<\/p>\n","protected":false},"excerpt":{"rendered":"<p>Milli M\u0259clisin (MM) n\u00f6vb\u0259ti &#8211; 2018-ci il pay\u0131z sessiyas\u0131 oktyabr\u0131n 1-d\u0259 \u00f6z i\u015fin\u0259 ba\u015flay\u0131b. ARANTV.AZ-\u0131n x\u0259b\u0259rin\u0259 g\u00f6r\u0259, pay\u0131z sessiyas\u0131n\u0131n ilk plenar iclas\u0131 \u00f6z i\u015fin\u0259 d\u00f6vl\u0259t himninin oxunmas\u0131 v\u0259 s\u0259sl\u0259nm\u0259si il\u0259 start verib. Qeyd ed\u0259k ki, daha \u00e7ox b\u00fcdc\u0259 sessiyas\u0131 kimi tan\u0131nan pay\u0131z sessiyas\u0131 dekabr ay\u0131n\u0131n 30-d\u0259k fasil\u0259l\u0259rl\u0259 davam ed\u0259c\u0259k. Sessiya d\u00f6vr\u00fcnd\u0259\u00a0(t\u0259xmin\u0259n noyabr ay\u0131nda) 2019-cu ilin d\u00f6vl\u0259t b\u00fcdc\u0259si z\u0259rfi \u0259vv\u0259lc\u0259 komit\u0259l\u0259rd\u0259, sonra is\u0259 plenar iclaslarda m\u00fczakir\u0259 edil\u0259r\u0259k, q\u0259bul olunacaq. Sessiyan\u0131n ilk plenar iclas\u0131n\u0131n g\u00fcnd\u0259liyin\u0259 60-dan \u00e7ox m\u0259s\u0259l\u0259 daxil edilib. \u0130lk iclasda pay\u0131z sessiyas\u0131n\u0131n qanunvericilik i\u015fl\u0259ri plan\u0131 t\u0259sdiql\u0259n\u0259c\u0259k, h\u0259mi\u00e7inin, qanun layih\u0259l\u0259ri m\u00fczakir\u0259l\u0259rd\u0259n&hellip;<\/p>\n","protected":false},"author":2,"featured_media":16314,"comment_status":"closed","ping_status":"closed","sticky":false,"template":"","format":"standard","meta":{"om_disable_all_campaigns":false,"_monsterinsights_skip_tracking":false,"_monsterinsights_sitenote_active":false,"_monsterinsights_sitenote_note":"","_monsterinsights_sitenote_category":0},"categories":[4],"tags":[],"aioseo_notices":[],"gutentor_comment":0,"rttpg_featured_image_url":{"full":["https:\/\/arantv.az\/wp-content\/uploads\/2018\/10\/mes.jpg",620,413,false],"landscape":["https:\/\/arantv.az\/wp-content\/uploads\/2018\/10\/mes.jpg",620,413,false],"portraits":["https:\/\/arantv.az\/wp-content\/uploads\/2018\/10\/mes.jpg",620,413,false],"thumbnail":["https:\/\/arantv.az\/wp-content\/uploads\/2018\/10\/mes-150x150.jpg",150,150,true],"medium":["https:\/\/arantv.az\/wp-content\/uploads\/2018\/10\/mes-300x200.jpg",300,200,true],"large":["https:\/\/arantv.az\/wp-content\/uploads\/2018\/10\/mes.jpg",620,413,false],"1536x1536":["https:\/\/arantv.az\/wp-content\/uploads\/2018\/10\/mes.jpg",620,413,false],"2048x2048":["https:\/\/arantv.az\/wp-content\/uploads\/2018\/10\/mes.jpg",620,413,false],"post-thumbnail":["https:\/\/arantv.az\/wp-content\/uploads\/2018\/10\/mes-240x172.jpg",240,172,true],"advps-thumb-one":["https:\/\/arantv.az\/wp-content\/uploads\/2018\/10\/mes.jpg",620,413,false]},"rttpg_author":{"display_name":"V\u00fcsal Rafiqo\u011flu","author_link":"https:\/\/arantv.az\/?author=2"},"rttpg_comment":0,"rttpg_category":"<a href=\"https:\/\/arantv.az\/?cat=4\" rel=\"category\">Siyas\u0259t<\/a>","rttpg_excerpt":"Milli M\u0259clisin (MM) n\u00f6vb\u0259ti &#8211; 2018-ci il pay\u0131z sessiyas\u0131 oktyabr\u0131n 1-d\u0259 \u00f6z i\u015fin\u0259 ba\u015flay\u0131b. ARANTV.AZ-\u0131n x\u0259b\u0259rin\u0259 g\u00f6r\u0259, pay\u0131z sessiyas\u0131n\u0131n ilk plenar iclas\u0131 \u00f6z i\u015fin\u0259 d\u00f6vl\u0259t himninin oxunmas\u0131 v\u0259 s\u0259sl\u0259nm\u0259si il\u0259 start verib. Qeyd ed\u0259k ki, daha \u00e7ox b\u00fcdc\u0259 sessiyas\u0131 kimi tan\u0131nan pay\u0131z sessiyas\u0131 dekabr ay\u0131n\u0131n 30-d\u0259k fasil\u0259l\u0259rl\u0259 davam ed\u0259c\u0259k. Sessiya d\u00f6vr\u00fcnd\u0259\u00a0(t\u0259xmin\u0259n noyabr ay\u0131nda) 2019-cu ilin&hellip;","_links":{"self":[{"href":"https:\/\/arantv.az\/index.php?rest_route=\/wp\/v2\/posts\/16313"}],"collection":[{"href":"https:\/\/arantv.az\/index.php?rest_route=\/wp\/v2\/posts"}],"about":[{"href":"https:\/\/arantv.az\/index.php?rest_route=\/wp\/v2\/types\/post"}],"author":[{"embeddable":true,"href":"https:\/\/arantv.az\/index.php?rest_route=\/wp\/v2\/users\/2"}],"replies":[{"embeddable":true,"href":"https:\/\/arantv.az\/index.php?rest_route=%2Fwp%2Fv2%2Fcomments&post=16313"}],"version-history":[{"count":0,"href":"https:\/\/arantv.az\/index.php?rest_route=\/wp\/v2\/posts\/16313\/revisions"}],"wp:featuredmedia":[{"embeddable":true,"href":"https:\/\/arantv.az\/index.php?rest_route=\/wp\/v2\/media\/16314"}],"wp:attachment":[{"href":"https:\/\/arantv.az\/index.php?rest_route=%2Fwp%2Fv2%2Fmedia&parent=16313"}],"wp:term":[{"taxonomy":"category","embeddable":true,"href":"https:\/\/arantv.az\/index.php?rest_route=%2Fwp%2Fv2%2Fcategories&post=16313"},{"taxonomy":"post_tag","embeddable":true,"href":"https:\/\/arantv.az\/index.php?rest_route=%2Fwp%2Fv2%2Ftags&post=16313"}],"curies":[{"name":"wp","href":"https:\/\/api.w.org\/{rel}","templated":true}]}}