{"id":16328,"date":"2018-10-01T09:06:06","date_gmt":"2018-10-01T06:06:06","guid":{"rendered":"http:\/\/arantv.az\/?p=16328"},"modified":"2018-10-01T09:06:06","modified_gmt":"2018-10-01T06:06:06","slug":"r%c9%99smi-baki-ilham-%c9%99liyevl%c9%99-pasinyanin-sohb%c9%99tini-s%c9%99rh-etdi","status":"publish","type":"post","link":"https:\/\/arantv.az\/?p=16328","title":{"rendered":"R\u0259smi Bak\u0131 \u0130lham \u018fliyevl\u0259 Pa\u015finyan\u0131n s\u00f6hb\u0259tini \u015f\u0259rh etdi"},"content":{"rendered":"<p>Az\u0259rbaycan Respublikas\u0131 Prezidenti Administrasiyas\u0131n\u0131n xarici siyas\u0259t \u015f\u00f6b\u0259sinin m\u00fcdir m\u00fcavini\u00a0<strong>Hikm\u0259t Hac\u0131yev<\/strong>\u00a0D\u00fc\u015f\u0259nb\u0259d\u0259 Prezident\u00a0<strong>\u0130lham \u018fliyev<\/strong>\u00a0il\u0259 Erm\u0259nistan\u0131n ba\u015f naziri aras\u0131ndak\u0131 s\u00f6hb\u0259tl\u0259 ba\u011fl\u0131 AZ\u018fRTAC-\u0131n suallar\u0131n\u0131 cavabland\u0131r\u0131b.<\/p>\n<p><b>ARANTV.AZ\u00a0<\/b>h\u0259min m\u00fcsahib\u0259ni t\u0259qdim edir:<\/p>\n<p><strong>&#8211; D\u00fc\u015f\u0259nb\u0259d\u0259 MDB-nin zirv\u0259 toplant\u0131s\u0131 \u00e7\u0259r\u00e7iv\u0259sind\u0259 Prezident \u0130lham \u018fliyev il\u0259 Erm\u0259nistan\u0131n ba\u015f naziri aras\u0131nda s\u00f6hb\u0259t olub. Bu bar\u0259d\u0259 n\u0259 dey\u0259rdiniz?<\/strong><\/p>\n<p>&#8211; MDB d\u00f6vl\u0259t ba\u015f\u00e7\u0131lar\u0131n\u0131n D\u00fc\u015f\u0259nb\u0259d\u0259 ke\u00e7irilmi\u015f zirv\u0259 toplant\u0131s\u0131 \u00e7\u0259r\u00e7iv\u0259sind\u0259 Az\u0259rbaycan Respublikas\u0131n\u0131n Prezidenti \u0130lham \u018fliyev v\u0259 Erm\u0259nistan\u0131n ba\u015f naziri Nikol Pa\u015finyan aras\u0131nda s\u00f6hb\u0259t Erm\u0259nistan ba\u015f nazirinin t\u0259\u015f\u0259bb\u00fcs\u00fc il\u0259 ba\u015f tutub.<\/p>\n<p>Bu bir daha onu g\u00f6st\u0259rir ki, dan\u0131\u015f\u0131qlar prosesinin format\u0131 d\u0259yi\u015film\u0259z qal\u0131r v\u0259 m\u00fcnaqi\u015f\u0259 t\u0259r\u0259fl\u0259ri olaraq dan\u0131\u015f\u0131qlar m\u0259hz Erm\u0259nistan v\u0259 Az\u0259rbaycan aras\u0131nda apar\u0131l\u0131r. Onu da \u0259lav\u0259 etm\u0259k ist\u0259rdim ki, eyni format \u00e7\u0259r\u00e7iv\u0259sind\u0259 Erm\u0259nistan v\u0259 Az\u0259rbaycan xarici i\u015fl\u0259r nazirl\u0259rinin sentyabr\u0131n 26-da Nyu-Yorkda BMT Ba\u015f Assambleyas\u0131 \u00e7\u0259r\u00e7iv\u0259sind\u0259, bu ilin iyulunda is\u0259 Br\u00fcsseld\u0259 g\u00f6r\u00fc\u015f\u00fc ke\u00e7irilmi\u015fdi.<\/p>\n<p>Biz bunu m\u00fcsb\u0259t qar\u015f\u0131lay\u0131r\u0131q v\u0259 Az\u0259rbaycan t\u0259r\u0259fi Erm\u0259nistan-Az\u0259rbaycan m\u00fcnaqi\u015f\u0259nin h\u0259llin\u0259 xidm\u0259t ed\u0259n konstruktiv dan\u0131\u015f\u0131qlara v\u0259 t\u0259maslara h\u0259mi\u015f\u0259 haz\u0131rd\u0131r. Bu Az\u0259rbaycan\u0131n m\u00f6vcud format \u0259sas\u0131nda dan\u0131\u015f\u0131qlar prosesin\u0259 sadiqliyini n\u00f6vb\u0259ti d\u0259f\u0259 n\u00fcmayi\u015f etdirir.<\/p>\n<p><strong>&#8211; Erm\u0259nistan-Az\u0259rbaycan s\u0259rh\u0259di v\u0259 qo\u015funlar\u0131n t\u0259mas x\u0259ttind\u0259 at\u0259\u015fk\u0259s rejiminin m\u00f6hk\u0259ml\u0259ndirilm\u0259si m\u0259s\u0259l\u0259sini nec\u0259 \u015f\u0259rh ed\u0259rdiniz?<\/strong><\/p>\n<p>&#8211; Az\u0259rbaycan t\u0259r\u0259fi d\u0259f\u0259l\u0259rl\u0259 b\u0259yan edib ki, at\u0259\u015fk\u0259sin pozulmas\u0131n\u0131n \u0259sas s\u0259b\u0259bi Erm\u0259nistan qo\u015funlar\u0131n\u0131n Az\u0259rbaycan\u0131n i\u015f\u011fal olunmu\u015f \u0259razil\u0259rind\u0259 qeyri-qanuni m\u00f6vcudlu\u011fu v\u0259 h\u0259rbi i\u015f\u011fal fakt\u0131n\u0131n davam etm\u0259sidir. Bu \u0259snada h\u0259mi\u015f\u0259 d\u0259 at\u0259\u015fk\u0259s rejiminin pozulmas\u0131n\u0131n v\u0259 v\u0259ziyy\u0259tin g\u0259rginl\u0259\u015fdirilm\u0259sinin s\u0259b\u0259bkar\u0131 Erm\u0259nistan t\u0259r\u0259fi olmu\u015fdur. 2014-c\u00fc ilin noyabr\u0131nda d\u00f6vl\u0259t ba\u015f\u00e7\u0131lar\u0131n\u0131n Parisd\u0259 ke\u00e7irilmi\u015f g\u00f6r\u00fc\u015f\u00fcnd\u0259n sonra Erm\u0259nistan silahl\u0131 q\u00fcvv\u0259l\u0259rinin Az\u0259rbaycan\u0131n i\u015f\u011fal olunmu\u015f \u0259razil\u0259rind\u0259 ke\u00e7irdiyi geni\u015fmiqyasl\u0131 h\u0259rbi t\u0259liml\u0259ri v\u0259 m\u0259lum helikopter insidentinin ba\u015f verm\u0259sinin t\u0259hrik edilm\u0259sini, h\u0259m\u00e7inin, 2016-c\u0131 ilin aprelind\u0259 Erm\u0259nistan silahl\u0131 q\u00fcvv\u0259l\u0259rinin qo\u015funlar\u0131n t\u0259mas x\u0259tti boyunca s\u0131x \u015f\u0259kild\u0259 ya\u015fayan m\u00fclki Az\u0259rbaycan \u0259halisini a\u011f\u0131r silahlardan at\u0259\u015f\u0259 tutmas\u0131n\u0131 v\u0259 v\u0259ziyy\u0259tin q\u0259sd\u0259n g\u0259rginl\u0259\u015fdirilm\u0259sini xat\u0131rlatmaq ist\u0259rdim.<\/p>\n<p>Odur ki, BMT T\u0259hl\u00fck\u0259sizlik \u015euras\u0131n\u0131n m\u00fcvafiq q\u0259tnam\u0259l\u0259rinin t\u0259l\u0259bl\u0259rin\u0259 uy\u011fun olaraq, Erm\u0259nistan qo\u015funlar\u0131n\u0131n Az\u0259rbaycan\u0131n i\u015f\u011fal olunmu\u015f \u0259razil\u0259rind\u0259n \u00e7\u0131xar\u0131lmas\u0131 il\u0259 n\u0259inki h\u0259rbi risk amili aradan qalxm\u0131\u015f olar, he\u00e7 at\u0259\u015fk\u0259s rejimin\u0259 ehtiyac bel\u0259 qalmaz v\u0259 m\u00fcnaqi\u015f\u0259nin siyasi h\u0259lli \u00fc\u00e7\u00fcn h\u0259rt\u0259r\u0259fli imkanlar a\u00e7\u0131lar. Bununla da regionda dayan\u0131ql\u0131 s\u00fclh, sabitlik v\u0259 t\u0259hl\u00fck\u0259sizlik t\u0259min olunar.<\/p>\n","protected":false},"excerpt":{"rendered":"<p>Az\u0259rbaycan Respublikas\u0131 Prezidenti Administrasiyas\u0131n\u0131n xarici siyas\u0259t \u015f\u00f6b\u0259sinin m\u00fcdir m\u00fcavini\u00a0Hikm\u0259t Hac\u0131yev\u00a0D\u00fc\u015f\u0259nb\u0259d\u0259 Prezident\u00a0\u0130lham \u018fliyev\u00a0il\u0259 Erm\u0259nistan\u0131n ba\u015f naziri aras\u0131ndak\u0131 s\u00f6hb\u0259tl\u0259 ba\u011fl\u0131 AZ\u018fRTAC-\u0131n suallar\u0131n\u0131 cavabland\u0131r\u0131b. ARANTV.AZ\u00a0h\u0259min m\u00fcsahib\u0259ni t\u0259qdim edir: &#8211; D\u00fc\u015f\u0259nb\u0259d\u0259 MDB-nin zirv\u0259 toplant\u0131s\u0131 \u00e7\u0259r\u00e7iv\u0259sind\u0259 Prezident \u0130lham \u018fliyev il\u0259 Erm\u0259nistan\u0131n ba\u015f naziri aras\u0131nda s\u00f6hb\u0259t olub. Bu bar\u0259d\u0259 n\u0259 dey\u0259rdiniz? &#8211; MDB d\u00f6vl\u0259t ba\u015f\u00e7\u0131lar\u0131n\u0131n D\u00fc\u015f\u0259nb\u0259d\u0259 ke\u00e7irilmi\u015f zirv\u0259 toplant\u0131s\u0131 \u00e7\u0259r\u00e7iv\u0259sind\u0259 Az\u0259rbaycan Respublikas\u0131n\u0131n Prezidenti \u0130lham \u018fliyev v\u0259 Erm\u0259nistan\u0131n ba\u015f naziri Nikol Pa\u015finyan aras\u0131nda s\u00f6hb\u0259t Erm\u0259nistan ba\u015f nazirinin t\u0259\u015f\u0259bb\u00fcs\u00fc il\u0259 ba\u015f tutub. Bu bir daha onu g\u00f6st\u0259rir ki, dan\u0131\u015f\u0131qlar prosesinin format\u0131 d\u0259yi\u015film\u0259z qal\u0131r v\u0259 m\u00fcnaqi\u015f\u0259 t\u0259r\u0259fl\u0259ri olaraq dan\u0131\u015f\u0131qlar&hellip;<\/p>\n","protected":false},"author":2,"featured_media":16329,"comment_status":"closed","ping_status":"closed","sticky":false,"template":"","format":"standard","meta":{"om_disable_all_campaigns":false,"_monsterinsights_skip_tracking":false,"_monsterinsights_sitenote_active":false,"_monsterinsights_sitenote_note":"","_monsterinsights_sitenote_category":0},"categories":[4],"tags":[],"aioseo_notices":[],"gutentor_comment":0,"rttpg_featured_image_url":{"full":["https:\/\/arantv.az\/wp-content\/uploads\/2018\/10\/maxresdefault.jpg",620,349,false],"landscape":["https:\/\/arantv.az\/wp-content\/uploads\/2018\/10\/maxresdefault.jpg",620,349,false],"portraits":["https:\/\/arantv.az\/wp-content\/uploads\/2018\/10\/maxresdefault.jpg",620,349,false],"thumbnail":["https:\/\/arantv.az\/wp-content\/uploads\/2018\/10\/maxresdefault-150x150.jpg",150,150,true],"medium":["https:\/\/arantv.az\/wp-content\/uploads\/2018\/10\/maxresdefault-300x169.jpg",300,169,true],"large":["https:\/\/arantv.az\/wp-content\/uploads\/2018\/10\/maxresdefault.jpg",620,349,false],"1536x1536":["https:\/\/arantv.az\/wp-content\/uploads\/2018\/10\/maxresdefault.jpg",620,349,false],"2048x2048":["https:\/\/arantv.az\/wp-content\/uploads\/2018\/10\/maxresdefault.jpg",620,349,false],"post-thumbnail":["https:\/\/arantv.az\/wp-content\/uploads\/2018\/10\/maxresdefault-240x172.jpg",240,172,true],"advps-thumb-one":["https:\/\/arantv.az\/wp-content\/uploads\/2018\/10\/maxresdefault.jpg",620,349,false]},"rttpg_author":{"display_name":"V\u00fcsal Rafiqo\u011flu","author_link":"https:\/\/arantv.az\/?author=2"},"rttpg_comment":0,"rttpg_category":"<a href=\"https:\/\/arantv.az\/?cat=4\" rel=\"category\">Siyas\u0259t<\/a>","rttpg_excerpt":"Az\u0259rbaycan Respublikas\u0131 Prezidenti Administrasiyas\u0131n\u0131n xarici siyas\u0259t \u015f\u00f6b\u0259sinin m\u00fcdir m\u00fcavini\u00a0Hikm\u0259t Hac\u0131yev\u00a0D\u00fc\u015f\u0259nb\u0259d\u0259 Prezident\u00a0\u0130lham \u018fliyev\u00a0il\u0259 Erm\u0259nistan\u0131n ba\u015f naziri aras\u0131ndak\u0131 s\u00f6hb\u0259tl\u0259 ba\u011fl\u0131 AZ\u018fRTAC-\u0131n suallar\u0131n\u0131 cavabland\u0131r\u0131b. ARANTV.AZ\u00a0h\u0259min m\u00fcsahib\u0259ni t\u0259qdim edir: &#8211; D\u00fc\u015f\u0259nb\u0259d\u0259 MDB-nin zirv\u0259 toplant\u0131s\u0131 \u00e7\u0259r\u00e7iv\u0259sind\u0259 Prezident \u0130lham \u018fliyev il\u0259 Erm\u0259nistan\u0131n ba\u015f naziri aras\u0131nda s\u00f6hb\u0259t olub. Bu bar\u0259d\u0259 n\u0259 dey\u0259rdiniz? &#8211; MDB d\u00f6vl\u0259t ba\u015f\u00e7\u0131lar\u0131n\u0131n D\u00fc\u015f\u0259nb\u0259d\u0259 ke\u00e7irilmi\u015f zirv\u0259 toplant\u0131s\u0131 \u00e7\u0259r\u00e7iv\u0259sind\u0259 Az\u0259rbaycan&hellip;","_links":{"self":[{"href":"https:\/\/arantv.az\/index.php?rest_route=\/wp\/v2\/posts\/16328"}],"collection":[{"href":"https:\/\/arantv.az\/index.php?rest_route=\/wp\/v2\/posts"}],"about":[{"href":"https:\/\/arantv.az\/index.php?rest_route=\/wp\/v2\/types\/post"}],"author":[{"embeddable":true,"href":"https:\/\/arantv.az\/index.php?rest_route=\/wp\/v2\/users\/2"}],"replies":[{"embeddable":true,"href":"https:\/\/arantv.az\/index.php?rest_route=%2Fwp%2Fv2%2Fcomments&post=16328"}],"version-history":[{"count":0,"href":"https:\/\/arantv.az\/index.php?rest_route=\/wp\/v2\/posts\/16328\/revisions"}],"wp:featuredmedia":[{"embeddable":true,"href":"https:\/\/arantv.az\/index.php?rest_route=\/wp\/v2\/media\/16329"}],"wp:attachment":[{"href":"https:\/\/arantv.az\/index.php?rest_route=%2Fwp%2Fv2%2Fmedia&parent=16328"}],"wp:term":[{"taxonomy":"category","embeddable":true,"href":"https:\/\/arantv.az\/index.php?rest_route=%2Fwp%2Fv2%2Fcategories&post=16328"},{"taxonomy":"post_tag","embeddable":true,"href":"https:\/\/arantv.az\/index.php?rest_route=%2Fwp%2Fv2%2Ftags&post=16328"}],"curies":[{"name":"wp","href":"https:\/\/api.w.org\/{rel}","templated":true}]}}