{"id":16331,"date":"2018-10-01T09:10:44","date_gmt":"2018-10-01T06:10:44","guid":{"rendered":"http:\/\/arantv.az\/?p=16331"},"modified":"2018-10-01T09:10:44","modified_gmt":"2018-10-01T06:10:44","slug":"deputatin-baki-metrosunda-goruntusu-yayildi-foto","status":"publish","type":"post","link":"https:\/\/arantv.az\/?p=16331","title":{"rendered":"Deputat\u0131n Bak\u0131 metrosunda g\u00f6r\u00fcnt\u00fcs\u00fc yay\u0131ld\u0131 &#8211; FOTO"},"content":{"rendered":"<p>Milli M\u0259clisinin deputat\u0131\u00a0<strong>Naqif H\u0259mz\u0259yev<\/strong>\u00a0Bak\u0131da metro vaqonunda fotokameralara tu\u015f g\u0259lib. Fotoda deputat\u0131n ayaq \u00fcst\u0259 dayanaraq, telefonu il\u0259 m\u0259\u015f\u011ful oldu\u011fu \u0259ks olunub.<\/p>\n<p><strong>ARANTV.AZ<\/strong>-\u0131n m\u0259lumat\u0131na g\u00f6r\u0259, Naqif H\u0259mz\u0259yev Modern.az-a a\u00e7\u0131qlamas\u0131nda deyib ki, uzun ill\u0259rdir ki, ictimai n\u0259qliyyatdan istifad\u0259 edir.<\/p>\n<p>\u201cQatarda \u015f\u0259klimin \u00e7\u0259kilm\u0259sin\u0259 n\u0259 dey\u0259 bil\u0259r\u0259m ki!.. Bu adi hald\u0131r. Foto \u201cElml\u0259r Akademiyas\u0131\u201d stansiyas\u0131nda qatarda ged\u0259rk\u0259n \u00e7\u0259kilib. Ne\u00e7\u0259 ildir ki, ictimai n\u0259qliyyatdan istifad\u0259 edir\u0259m. G\u0259nc\u0259d\u0259 d\u0259 i\u015f\u0259 \u00e7ox vaxt piyada gedir\u0259m. Burada qeyri-adi he\u00e7 n\u0259 yoxdur\u201d.<\/p>\n<p>Qeyd ed\u0259k ki, deputat\u0131n vaqonda \u00e7\u0259kil\u0259n fotosu sosial \u015f\u0259b\u0259k\u0259d\u0259 yay\u0131l\u0131b.<\/p>\n<div class=\"gallery\">\n<div class=\"gallery-i\"><img src=\"https:\/\/assets.oxu.az\/uploads\/W1siZiIsIjIwMTgvMTAvMDEvMDkvNTgvMDIvYzMyMDgxY2ItMWE1Mi00NDk2LWIxOWQtOTU0MGU5YzlkMWY0LzE1MzgzNjc5MjFfMDQyODQ1NTAxXzQ5NTYyODkyMDkwMzkwNl8zMTM1NjUzODMyMDg0Njg0OF9uMTUzODM2Nzc5MS5wbmciXSxbInAiLCJlbmNvZGUiLCJqcGciLCItcXVhbGl0eSA4MCJdLFsicCIsInRodW1iIiwiNTkweDU5MFx1MDAzZSJdXQ?sha=d285590678ad9213\" \/><\/div>\n<\/div>\n","protected":false},"excerpt":{"rendered":"<p>Milli M\u0259clisinin deputat\u0131\u00a0Naqif H\u0259mz\u0259yev\u00a0Bak\u0131da metro vaqonunda fotokameralara tu\u015f g\u0259lib. Fotoda deputat\u0131n ayaq \u00fcst\u0259 dayanaraq, telefonu il\u0259 m\u0259\u015f\u011ful oldu\u011fu \u0259ks olunub. ARANTV.AZ-\u0131n m\u0259lumat\u0131na g\u00f6r\u0259, Naqif H\u0259mz\u0259yev Modern.az-a a\u00e7\u0131qlamas\u0131nda deyib ki, uzun ill\u0259rdir ki, ictimai n\u0259qliyyatdan istifad\u0259 edir. \u201cQatarda \u015f\u0259klimin \u00e7\u0259kilm\u0259sin\u0259 n\u0259 dey\u0259 bil\u0259r\u0259m ki!.. Bu adi hald\u0131r. Foto \u201cElml\u0259r Akademiyas\u0131\u201d stansiyas\u0131nda qatarda ged\u0259rk\u0259n \u00e7\u0259kilib. Ne\u00e7\u0259 ildir ki, ictimai n\u0259qliyyatdan istifad\u0259 edir\u0259m. G\u0259nc\u0259d\u0259 d\u0259 i\u015f\u0259 \u00e7ox vaxt piyada gedir\u0259m. Burada qeyri-adi he\u00e7 n\u0259 yoxdur\u201d. Qeyd ed\u0259k ki, deputat\u0131n vaqonda \u00e7\u0259kil\u0259n fotosu sosial \u015f\u0259b\u0259k\u0259d\u0259 yay\u0131l\u0131b.<\/p>\n","protected":false},"author":2,"featured_media":16332,"comment_status":"closed","ping_status":"closed","sticky":false,"template":"","format":"standard","meta":{"om_disable_all_campaigns":false,"_monsterinsights_skip_tracking":false,"_monsterinsights_sitenote_active":false,"_monsterinsights_sitenote_note":"","_monsterinsights_sitenote_category":0},"categories":[1],"tags":[],"aioseo_notices":[],"gutentor_comment":0,"rttpg_featured_image_url":{"full":["https:\/\/arantv.az\/wp-content\/uploads\/2018\/10\/b91f4fe9-8915-4668-9417-e356287351ee.jpg",620,413,false],"landscape":["https:\/\/arantv.az\/wp-content\/uploads\/2018\/10\/b91f4fe9-8915-4668-9417-e356287351ee.jpg",620,413,false],"portraits":["https:\/\/arantv.az\/wp-content\/uploads\/2018\/10\/b91f4fe9-8915-4668-9417-e356287351ee.jpg",620,413,false],"thumbnail":["https:\/\/arantv.az\/wp-content\/uploads\/2018\/10\/b91f4fe9-8915-4668-9417-e356287351ee-150x150.jpg",150,150,true],"medium":["https:\/\/arantv.az\/wp-content\/uploads\/2018\/10\/b91f4fe9-8915-4668-9417-e356287351ee-300x200.jpg",300,200,true],"large":["https:\/\/arantv.az\/wp-content\/uploads\/2018\/10\/b91f4fe9-8915-4668-9417-e356287351ee.jpg",620,413,false],"1536x1536":["https:\/\/arantv.az\/wp-content\/uploads\/2018\/10\/b91f4fe9-8915-4668-9417-e356287351ee.jpg",620,413,false],"2048x2048":["https:\/\/arantv.az\/wp-content\/uploads\/2018\/10\/b91f4fe9-8915-4668-9417-e356287351ee.jpg",620,413,false],"post-thumbnail":["https:\/\/arantv.az\/wp-content\/uploads\/2018\/10\/b91f4fe9-8915-4668-9417-e356287351ee-240x172.jpg",240,172,true],"advps-thumb-one":["https:\/\/arantv.az\/wp-content\/uploads\/2018\/10\/b91f4fe9-8915-4668-9417-e356287351ee.jpg",620,413,false]},"rttpg_author":{"display_name":"V\u00fcsal Rafiqo\u011flu","author_link":"https:\/\/arantv.az\/?author=2"},"rttpg_comment":0,"rttpg_category":"<a href=\"https:\/\/arantv.az\/?cat=1\" rel=\"category\">C\u0259miyy\u0259t<\/a>","rttpg_excerpt":"Milli M\u0259clisinin deputat\u0131\u00a0Naqif H\u0259mz\u0259yev\u00a0Bak\u0131da metro vaqonunda fotokameralara tu\u015f g\u0259lib. Fotoda deputat\u0131n ayaq \u00fcst\u0259 dayanaraq, telefonu il\u0259 m\u0259\u015f\u011ful oldu\u011fu \u0259ks olunub. ARANTV.AZ-\u0131n m\u0259lumat\u0131na g\u00f6r\u0259, Naqif H\u0259mz\u0259yev Modern.az-a a\u00e7\u0131qlamas\u0131nda deyib ki, uzun ill\u0259rdir ki, ictimai n\u0259qliyyatdan istifad\u0259 edir. \u201cQatarda \u015f\u0259klimin \u00e7\u0259kilm\u0259sin\u0259 n\u0259 dey\u0259 bil\u0259r\u0259m ki!.. Bu adi hald\u0131r. Foto \u201cElml\u0259r Akademiyas\u0131\u201d stansiyas\u0131nda qatarda ged\u0259rk\u0259n \u00e7\u0259kilib. Ne\u00e7\u0259 ildir&hellip;","_links":{"self":[{"href":"https:\/\/arantv.az\/index.php?rest_route=\/wp\/v2\/posts\/16331"}],"collection":[{"href":"https:\/\/arantv.az\/index.php?rest_route=\/wp\/v2\/posts"}],"about":[{"href":"https:\/\/arantv.az\/index.php?rest_route=\/wp\/v2\/types\/post"}],"author":[{"embeddable":true,"href":"https:\/\/arantv.az\/index.php?rest_route=\/wp\/v2\/users\/2"}],"replies":[{"embeddable":true,"href":"https:\/\/arantv.az\/index.php?rest_route=%2Fwp%2Fv2%2Fcomments&post=16331"}],"version-history":[{"count":0,"href":"https:\/\/arantv.az\/index.php?rest_route=\/wp\/v2\/posts\/16331\/revisions"}],"wp:featuredmedia":[{"embeddable":true,"href":"https:\/\/arantv.az\/index.php?rest_route=\/wp\/v2\/media\/16332"}],"wp:attachment":[{"href":"https:\/\/arantv.az\/index.php?rest_route=%2Fwp%2Fv2%2Fmedia&parent=16331"}],"wp:term":[{"taxonomy":"category","embeddable":true,"href":"https:\/\/arantv.az\/index.php?rest_route=%2Fwp%2Fv2%2Fcategories&post=16331"},{"taxonomy":"post_tag","embeddable":true,"href":"https:\/\/arantv.az\/index.php?rest_route=%2Fwp%2Fv2%2Ftags&post=16331"}],"curies":[{"name":"wp","href":"https:\/\/api.w.org\/{rel}","templated":true}]}}