{"id":163328,"date":"2020-05-11T14:54:29","date_gmt":"2020-05-11T11:54:29","guid":{"rendered":"http:\/\/arantv.az\/?p=163328"},"modified":"2020-05-11T14:54:29","modified_gmt":"2020-05-11T11:54:29","slug":"190-manat-alanlara-sad-x%c9%99b%c9%99r-sabahdan-mayin-od%c9%99nisi-baslayir","status":"publish","type":"post","link":"https:\/\/arantv.az\/?p=163328","title":{"rendered":"190 manat alanlara \u015fad x\u0259b\u0259r &#8211; Sabahdan may\u0131n \u00f6d\u0259ni\u015fi ba\u015flay\u0131r"},"content":{"rendered":"<p>May\u0131n 12-d\u0259n etibar\u0259n bu ay \u00fc\u00e7\u00fcn n\u0259z\u0259rd\u0259 tutulan 190 manatl\u0131q \u00f6d\u0259ni\u015fl\u0259rin verilm\u0259sin\u0259 ba\u015flan\u0131lacaq.<\/p>\n<p><strong>ARANTV.AZ<\/strong>-\u0131n m\u0259lumat\u0131na g\u00f6r\u0259, bunu \u018fm\u0259k v\u0259 \u018fhalinin Sosial M\u00fcdafi\u0259si naziri Sahil Babayev bildirib.<\/p>\n<div id=\"AdviadNativeVideo0\" class=\"AdviadNativeVideo\"><\/div>\n<p>S.Babayev h\u0259m\u00e7inin qeyd edib ki, koronavirus iqtisadiyyata m\u0259nfi t\u0259sir g\u00f6st\u0259rs\u0259 d\u0259, sosial layih\u0259l\u0259r tam olaraq, icra edil\u0259c\u0259k.<\/p>\n<p>Nazir onu da \u0259lav\u0259 edib ki, may ay\u0131n\u0131n \u00f6d\u0259ni\u015fl\u0259ri verilm\u0259zd\u0259n qabaq aprel ay\u0131nda bird\u0259f\u0259lik \u00f6d\u0259m\u0259 statusu alm\u0131\u015f h\u0259r bir \u015f\u0259xsin m\u0259lumatlar\u0131 yenid\u0259n analiz edil\u0259c\u0259k. \u018fg\u0259r qaydalardan k\u0259nar h\u0259r hans\u0131 bir hallar a\u015fkar edil\u0259rs\u0259, may ay\u0131n\u0131n \u00f6d\u0259ni\u015fi h\u0259min \u015f\u0259xsl\u0259r\u0259 \u00f6d\u0259nilm\u0259y\u0259c\u0259k.<\/p>\n<p>S.Babayev bildirib ki, aprel ay\u0131n\u0131n \u00f6d\u0259ni\u015fini alan \u015f\u0259xs 1 ay\u0131n tamam\u0131ndan sonra may ay\u0131n\u0131n \u00f6d\u0259ni\u015fini alacaq.Modern.az<\/p>\n","protected":false},"excerpt":{"rendered":"<p>May\u0131n 12-d\u0259n etibar\u0259n bu ay \u00fc\u00e7\u00fcn n\u0259z\u0259rd\u0259 tutulan 190 manatl\u0131q \u00f6d\u0259ni\u015fl\u0259rin verilm\u0259sin\u0259 ba\u015flan\u0131lacaq. ARANTV.AZ-\u0131n m\u0259lumat\u0131na g\u00f6r\u0259, bunu \u018fm\u0259k v\u0259 \u018fhalinin Sosial M\u00fcdafi\u0259si naziri Sahil Babayev bildirib. S.Babayev h\u0259m\u00e7inin qeyd edib ki, koronavirus iqtisadiyyata m\u0259nfi t\u0259sir g\u00f6st\u0259rs\u0259 d\u0259, sosial layih\u0259l\u0259r tam olaraq, icra edil\u0259c\u0259k. Nazir onu da \u0259lav\u0259 edib ki, may ay\u0131n\u0131n \u00f6d\u0259ni\u015fl\u0259ri verilm\u0259zd\u0259n qabaq aprel ay\u0131nda bird\u0259f\u0259lik \u00f6d\u0259m\u0259 statusu alm\u0131\u015f h\u0259r bir \u015f\u0259xsin m\u0259lumatlar\u0131 yenid\u0259n analiz edil\u0259c\u0259k. \u018fg\u0259r qaydalardan k\u0259nar h\u0259r hans\u0131 bir hallar a\u015fkar edil\u0259rs\u0259, may ay\u0131n\u0131n \u00f6d\u0259ni\u015fi h\u0259min \u015f\u0259xsl\u0259r\u0259 \u00f6d\u0259nilm\u0259y\u0259c\u0259k. S.Babayev bildirib ki, aprel ay\u0131n\u0131n \u00f6d\u0259ni\u015fini alan \u015f\u0259xs&hellip;<\/p>\n","protected":false},"author":2,"featured_media":163329,"comment_status":"closed","ping_status":"closed","sticky":false,"template":"","format":"standard","meta":{"om_disable_all_campaigns":false,"_monsterinsights_skip_tracking":false,"_monsterinsights_sitenote_active":false,"_monsterinsights_sitenote_note":"","_monsterinsights_sitenote_category":0},"categories":[26],"tags":[],"aioseo_notices":[],"gutentor_comment":0,"rttpg_featured_image_url":{"full":["https:\/\/arantv.az\/wp-content\/uploads\/2020\/05\/modern.az_resize_47.jpg",649,365,false],"landscape":["https:\/\/arantv.az\/wp-content\/uploads\/2020\/05\/modern.az_resize_47.jpg",649,365,false],"portraits":["https:\/\/arantv.az\/wp-content\/uploads\/2020\/05\/modern.az_resize_47.jpg",649,365,false],"thumbnail":["https:\/\/arantv.az\/wp-content\/uploads\/2020\/05\/modern.az_resize_47-150x150.jpg",150,150,true],"medium":["https:\/\/arantv.az\/wp-content\/uploads\/2020\/05\/modern.az_resize_47-300x169.jpg",300,169,true],"large":["https:\/\/arantv.az\/wp-content\/uploads\/2020\/05\/modern.az_resize_47.jpg",640,360,false],"1536x1536":["https:\/\/arantv.az\/wp-content\/uploads\/2020\/05\/modern.az_resize_47.jpg",649,365,false],"2048x2048":["https:\/\/arantv.az\/wp-content\/uploads\/2020\/05\/modern.az_resize_47.jpg",649,365,false],"post-thumbnail":["https:\/\/arantv.az\/wp-content\/uploads\/2020\/05\/modern.az_resize_47-240x172.jpg",240,172,true],"advps-thumb-one":["https:\/\/arantv.az\/wp-content\/uploads\/2020\/05\/modern.az_resize_47.jpg",649,365,false]},"rttpg_author":{"display_name":"V\u00fcsal Rafiqo\u011flu","author_link":"https:\/\/arantv.az\/?author=2"},"rttpg_comment":0,"rttpg_category":"<a href=\"https:\/\/arantv.az\/?cat=26\" rel=\"category\">Sosial<\/a>","rttpg_excerpt":"May\u0131n 12-d\u0259n etibar\u0259n bu ay \u00fc\u00e7\u00fcn n\u0259z\u0259rd\u0259 tutulan 190 manatl\u0131q \u00f6d\u0259ni\u015fl\u0259rin verilm\u0259sin\u0259 ba\u015flan\u0131lacaq. ARANTV.AZ-\u0131n m\u0259lumat\u0131na g\u00f6r\u0259, bunu \u018fm\u0259k v\u0259 \u018fhalinin Sosial M\u00fcdafi\u0259si naziri Sahil Babayev bildirib. S.Babayev h\u0259m\u00e7inin qeyd edib ki, koronavirus iqtisadiyyata m\u0259nfi t\u0259sir g\u00f6st\u0259rs\u0259 d\u0259, sosial layih\u0259l\u0259r tam olaraq, icra edil\u0259c\u0259k. Nazir onu da \u0259lav\u0259 edib ki, may ay\u0131n\u0131n \u00f6d\u0259ni\u015fl\u0259ri verilm\u0259zd\u0259n qabaq aprel&hellip;","_links":{"self":[{"href":"https:\/\/arantv.az\/index.php?rest_route=\/wp\/v2\/posts\/163328"}],"collection":[{"href":"https:\/\/arantv.az\/index.php?rest_route=\/wp\/v2\/posts"}],"about":[{"href":"https:\/\/arantv.az\/index.php?rest_route=\/wp\/v2\/types\/post"}],"author":[{"embeddable":true,"href":"https:\/\/arantv.az\/index.php?rest_route=\/wp\/v2\/users\/2"}],"replies":[{"embeddable":true,"href":"https:\/\/arantv.az\/index.php?rest_route=%2Fwp%2Fv2%2Fcomments&post=163328"}],"version-history":[{"count":0,"href":"https:\/\/arantv.az\/index.php?rest_route=\/wp\/v2\/posts\/163328\/revisions"}],"wp:featuredmedia":[{"embeddable":true,"href":"https:\/\/arantv.az\/index.php?rest_route=\/wp\/v2\/media\/163329"}],"wp:attachment":[{"href":"https:\/\/arantv.az\/index.php?rest_route=%2Fwp%2Fv2%2Fmedia&parent=163328"}],"wp:term":[{"taxonomy":"category","embeddable":true,"href":"https:\/\/arantv.az\/index.php?rest_route=%2Fwp%2Fv2%2Fcategories&post=163328"},{"taxonomy":"post_tag","embeddable":true,"href":"https:\/\/arantv.az\/index.php?rest_route=%2Fwp%2Fv2%2Ftags&post=163328"}],"curies":[{"name":"wp","href":"https:\/\/api.w.org\/{rel}","templated":true}]}}