{"id":163412,"date":"2020-05-11T15:49:46","date_gmt":"2020-05-11T12:49:46","guid":{"rendered":"http:\/\/arantv.az\/?p=163412"},"modified":"2020-05-11T15:49:46","modified_gmt":"2020-05-11T12:49:46","slug":"olk%c9%99mizd%c9%99-rusv%c9%99txorluga-qarsi-mubariz%c9%99-qanunun-aliliyinin-subutudur","status":"publish","type":"post","link":"https:\/\/arantv.az\/?p=163412","title":{"rendered":"&#8220;\u00d6lk\u0259mizd\u0259 r\u00fc\u015fv\u0259txorlu\u011fa qar\u015f\u0131 m\u00fcbariz\u0259 qanunun aliliyinin s\u00fcbutudur&#8221;"},"content":{"rendered":"<blockquote><p><em><strong>Bu g\u00fcn m\u00fcst\u0259qil Az\u0259rbaycan Prezident \u0130lham \u018fliyevin r\u0259hb\u0259rliyi il\u0259 iqtisadi t\u0259r\u0259qqinin inki\u015faf\u0131n milli modelini formala\u015fd\u0131r\u0131b. B\u00fct\u00fcn sah\u0259l\u0259rin h\u0259rt\u0259r\u0259fli inki\u015faf\u0131, ictimai-siyasi sabitliyin qorunmas\u0131, \u00f6lk\u0259mizin b\u00fct\u00fcn d\u00fcnyada sabitlik adas\u0131 kimi tan\u0131nmas\u0131,m\u00fck\u0259mm\u0259l iqtisadi strategiya n\u0259tic\u0259sind\u0259 islahatlar\u0131n davaml\u0131l\u0131\u011f\u0131 xalq-iqtidar birliyini daha da m\u00f6hk\u0259ml\u0259ndirib, v\u0259t\u0259nda\u015flar\u0131n \u00f6z Prezidentinin \u0259traf\u0131nda s\u0131x birl\u0259\u015fm\u0259sin\u0259 z\u0259min yarad\u0131b.<\/strong><\/em><\/p><\/blockquote>\n<p><strong>ARANTV.AZ<\/strong>\u00a0 bildirir ki, bunu\u00a0<a href=\"http:\/\/az.trend.az\/\" target=\"_blank\" rel=\"noopener\">Trend<\/a>-\u0259 a\u00e7\u0131qlamas\u0131nda Milli M\u0259clisin deputat\u0131 Naqif H\u0259mz\u0259yev deyib.<\/p>\n<p>Mill\u0259t v\u0259kili qeyd edib ki, \u0259ld\u0259 edil\u0259n nailiyy\u0259tl\u0259rin, qazan\u0131lan u\u011furlar\u0131n, t\u0259r\u0259qqinin geni\u015f v\u00fcs\u0259t almas\u0131nda kadr islahatlar\u0131n\u0131n da rolu b\u00f6y\u00fckd\u00fcr. Prezident \u0130lham \u018fliyev t\u0259r\u0259find\u0259n d\u00f6vl\u0259t idar\u0259\u00e7iliyi sistemini daim t\u0259kmill\u0259\u015fdirir. Bu istiqam\u0259td\u0259 d\u00fc\u015f\u00fcn\u00fclm\u00fc\u015f, \u00f6l\u00e7\u00fcl\u00fcb-bi\u00e7ilmi\u015f add\u0131mlar at\u0131lmaqdad\u0131r v\u0259 bu zaman, ilk n\u00f6vb\u0259d\u0259, xalq\u0131n v\u0259 d\u00f6vl\u0259tin maraqlar\u0131, milli m\u0259nafel\u0259ri n\u0259z\u0259r\u0259 al\u0131n\u0131r.<\/p>\n<p>M\u00fct\u0259madi olaraq yenilikl\u0259r\u0259 can atan, k\u00f6hn\u0259 stereotipl\u0259rd\u0259n uzaqla\u015fma\u011fa, yeni yana\u015fmalara \u00fcst\u00fcnl\u00fck verm\u0259y\u0259 c\u0259hd g\u00f6st\u0259r\u0259n g\u0259ncl\u0259rin r\u0259hb\u0259r i\u015fl\u0259rd\u0259 ir\u0259li \u00e7\u0259kilm\u0259si \u00fcmumilikd\u0259 \u00f6lk\u0259nin, c\u0259miyy\u0259tin xeyrin\u0259dir. Bununla ba\u011fl\u0131 Prezident \u0130lham \u018fliyev deyib:<\/p>\n<p>&#8220;T\u0259cr\u00fcb\u0259 qazanm\u0131\u015f kadrlar daha da s\u0259m\u0259r\u0259li \u00f6z i\u015fl\u0259rini qururlar, eyni zamanda, g\u0259ncl\u0259r\u0259 d\u0259 b\u00f6y\u00fck meydan verilir. Bu, t\u0259biidir, \u00e7\u00fcnki g\u0259l\u0259c\u0259kd\u0259 \u00f6lk\u0259mizi bug\u00fcnk\u00fc g\u0259ncl\u0259r idar\u0259 ed\u0259c\u0259kl\u0259r&#8221;. D\u00f6vl\u0259t ba\u015f\u00e7\u0131s\u0131 v\u0259zif\u0259y\u0259 yeni t\u0259yin etdiyi icra hakimiyy\u0259ti ba\u015f\u00e7\u0131lar\u0131 il\u0259 g\u00f6r\u00fc\u015fd\u0259 ilk n\u00f6vb\u0259d\u0259 onlara \u00f6z g\u00fcnd\u0259lik f\u0259aliyy\u0259tini n\u00fcmun\u0259 g\u00f6st\u0259rir. D\u00f6vl\u0259t Ba\u015f\u00e7\u0131s\u0131n\u0131n h\u0259r zaman v\u0259d\u0259nda\u015f\u0131n\u0131n yan\u0131nda olmas\u0131 sevincin\u0259,d\u0259rdin\u0259 \u015f\u0259rik \u00e7\u0131xmas\u0131 xalqa xidm\u0259t missiyas\u0131n\u0131n \u0259n yax\u015f\u0131 n\u00fcmun\u0259si kimi g\u00f6z \u00f6n\u00fcnd\u0259dir: &#8220;Xalqa xidm\u0259t etm\u0259k h\u0259r bir d\u00f6vl\u0259t m\u0259murunun borcudur v\u0259 d\u0259f\u0259l\u0259rl\u0259 demi\u015f\u0259m ki, m\u0259n Prezident kimi \u00f6z v\u0259zif\u0259mi bunda g\u00f6r\u00fcr\u0259m &#8211; xalqa xidm\u0259t etm\u0259k. M\u0259hz bu xidm\u0259t\u0259 g\u00f6r\u0259 Az\u0259rbaycan \u0259halisi biz\u0259 \u00e7ox b\u00f6y\u00fck d\u0259st\u0259k g\u00f6st\u0259rir&#8221;<\/p>\n<p>D\u00f6vl\u0259t ba\u015f\u00e7\u0131s\u0131, eyni zamanda, d\u0259f\u0259l\u0259rl\u0259 m\u0259murlar\u0131n diqq\u0259tin\u0259 \u00e7atd\u0131r\u0131b ki, qar\u015f\u0131lar\u0131nda duran \u0259sas v\u0259zif\u0259 r\u0259hb\u0259rlik ed\u0259c\u0259kl\u0259ri rayonlar\u0131n sosial-iqtisadi inki\u015faf\u0131na nail olmaqd\u0131r. Eyni zamanda, yeni kadrlar daim v\u0259t\u0259nda\u015flarla \u00fcnsiyy\u0259t \u0259snas\u0131nda rayonun probleml\u0259rini v\u0259 insanlar\u0131 narahat ed\u0259n m\u0259s\u0259l\u0259l\u0259ri daha d\u0259rind\u0259n \u00f6yr\u0259nib adekvat t\u0259dbirl\u0259r g\u00f6rm\u0259lidirl\u0259r. \u018fks t\u0259qdird\u0259 ciddi \u015f\u0259kild\u0259 c\u0259zaland\u0131r\u0131lacaqlar: &#8220;M\u0259n siz\u0259 \u015f\u0259xs\u0259n bu g\u00f6st\u0259ri\u015fi verir\u0259m. \u018fg\u0259r e\u015fits\u0259m, bils\u0259m ki, \u0259yri yola gedirsiniz, onda siz \u00e7ox ciddi c\u0259zaland\u0131r\u0131lacaqs\u0131n\u0131z. Bunu b\u0259ri ba\u015fdan bilin v\u0259 b\u00fct\u00fcn ba\u015fqa yerli icra orqanlar\u0131n\u0131n n\u00fcmay\u0259nd\u0259l\u0259ri, r\u0259hb\u0259rl\u0259ri m\u0259ni yax\u015f\u0131 e\u015fitsinl\u0259r. Korrupsiyaya, r\u00fc\u015fv\u0259txorlu\u011fa qar\u015f\u0131 Az\u0259rbaycanda amans\u0131z m\u00fcbariz\u0259 apar\u0131lmal\u0131d\u0131r. Bu yara bizim inki\u015faf\u0131m\u0131z\u0131 l\u0259ngidir v\u0259 g\u0259l\u0259c\u0259y\u0259 olan planlar\u0131m\u0131z\u0131 sars\u0131da bil\u0259r. D\u00fczd\u00fcr, bu b\u0259la h\u0259r bir \u00f6lk\u0259d\u0259 var. Amma \u0259sas m\u0259s\u0259l\u0259 ondad\u0131r ki, r\u0259hb\u0259rlik bu m\u0259s\u0259l\u0259y\u0259 nec\u0259 m\u00fcnasib\u0259t g\u00f6st\u0259rir. Az\u0259rbaycanda \u015f\u0259ffafl\u0131q, d\u00fcr\u00fcstl\u00fck h\u0259r bir d\u00f6vl\u0259t m\u0259muru \u00fc\u00e7\u00fcn h\u0259yat t\u0259rzi olmal\u0131d\u0131r. Ona g\u00f6r\u0259 bu m\u0259s\u0259l\u0259 il\u0259 ba\u011fl\u0131 aidiyy\u0259ti d\u00f6vl\u0259t qurumlar\u0131 il\u0259 birlikd\u0259 \u00e7ox ciddi f\u0259aliyy\u0259t g\u00f6st\u0259rm\u0259lisiniz, tamamil\u0259 \u015f\u0259ffaf v\u0259ziyy\u0259t yarad\u0131lmal\u0131d\u0131r&#8221;.<\/p>\n<p>Mill\u0259t v\u0259kili qeyd edib ki, \u00f6lk\u0259d\u0259 siyasi v\u0259 iqtisadi islahatlar v\u0259hd\u0259t t\u0259\u015fkil etm\u0259lidir:\u00a0&#8220;T\u0259\u0259ss\u00fcfl\u0259r olsun ki, \u00f6lk\u0259nin inki\u015faf\u0131na \u00e7ox b\u00f6y\u00fck z\u0259rb\u0259l\u0259r vuran korrupsiya v\u0259 r\u00fc\u015fv\u0259txorluq hallar\u0131na da rast g\u0259lirik. M\u00f6vcud v\u0259ziyy\u0259td\u0259n \u015f\u0259xsi maraqlar\u0131 namin\u0259 istifad\u0259 ed\u0259n, v\u0259t\u0259nda\u015flar\u0131n v\u0259 d\u00f6vl\u0259tin qanunla qorunan m\u0259nafel\u0259rin\u0259 z\u0259r\u0259r vuran, hakimiyy\u0259t orqanlar\u0131n\u0131n f\u0259aliyy\u0259tin\u0259 k\u00f6lg\u0259 salan m\u0259murlar da tap\u0131l\u0131r. Diqq\u0259t\u0259layiq hald\u0131r ki, g\u00f6st\u0259ril\u0259n etimaddan sui-istifad\u0259 ed\u0259n, \u0259halinin sosial rifah\u0131n\u0131 yax\u015f\u0131la\u015fd\u0131rma\u011fa hesablanm\u0131\u015f, azt\u0259minatl\u0131 ail\u0259l\u0259rin pay\u0131na g\u00f6z dikm\u0259k kimi m\u0259nfi \u0259m\u0259ll\u0259r t\u00f6r\u0259d\u0259n v\u0259zif\u0259li \u015f\u0259xsl\u0259r \u00f6lk\u0259mizd\u0259 tez bir zamanda if\u015fa edilir, layiqli c\u0259zalar\u0131n\u0131 al\u0131rlar&#8221;.<\/p>\n<p>\u00d6lk\u0259 Prezidenti Az\u0259rbaycan Respubliks\u0131n\u0131n yeni Ba\u015f prokuroru Kamran \u018fliyevi videoformatda q\u0259bul ed\u0259rk\u0259n d\u0259 bu m\u0259s\u0259l\u0259y\u0259 toxundu. Korrupsiya v\u0259 r\u00fc\u015fv\u0259txorlu\u011fa qar\u015f\u0131 m\u00fcbariz\u0259nin h\u00fcquq-m\u00fchafiz\u0259 orqanlar\u0131 qar\u015f\u0131s\u0131nda priotet sah\u0259 kimi dayanmal\u0131 oldu\u011funu diqq\u0259t\u0259 \u00e7atd\u0131rd\u0131: &#8220;B\u00fct\u00fcn d\u00f6vl\u0259t m\u0259murlar\u0131n\u0131 x\u0259b\u0259rdar etmi\u015fdim v\u0259 h\u0259tta demi\u015fdim ki, \u0259g\u0259r hans\u0131sa d\u00f6vl\u0259t m\u0259muru \u00f6z i\u015find\u0259 d\u00fcz\u0259li\u015fl\u0259r ed\u0259 bilmirs\u0259, yaxud da ki, ist\u0259mirs\u0259, qoy \u00f6z\u00fc k\u00f6n\u00fcll\u00fc \u015f\u0259kild\u0259 d\u00f6vl\u0259t i\u015find\u0259n istefa versin&#8221;.<\/p>\n<p>V\u0259zif\u0259 s\u0259lahiyy\u0259tl\u0259rind\u0259n sui-istifad\u0259 ed\u0259n rayonlar\u0131n\u0131n icra hakimiyy\u0259ti ba\u015f\u00e7\u0131lar\u0131n\u0131n, habel\u0259 bir s\u0131ra \u015f\u0259h\u0259r-q\u0259s\u0259b\u0259 icra n\u00fcmay\u0259nd\u0259l\u0259rinin, daha sonra Az\u0259rbaycan Respublikas\u0131n\u0131n M\u0259d\u0259niyy\u0259t Nazirliyin y\u00fcks\u0259k v\u0259zif\u0259li \u015f\u0259xsl\u0259rinin Prezident \u0130lham \u018fliyevin r\u0259hb\u0259rliyi il\u0259 h\u0259yata ke\u00e7iril\u0259n islahatlara k\u00f6lg\u0259 salan qanunazidd \u0259m\u0259ll\u0259rinin qar\u015f\u0131 q\u0259tiyy\u0259tl\u0259 al\u0131n\u0131r. Bu da \u00f6lk\u0259mizd\u0259 kimliyind\u0259n, statusundan, tutdu\u011fu v\u0259zif\u0259sind\u0259n as\u0131l\u0131 olmayaraq h\u0259r k\u0259sin qanun qar\u015f\u0131s\u0131nda b\u0259rab\u0259r oldu\u011funun \u0259yani s\u00fcbutu oldu.<\/p>\n","protected":false},"excerpt":{"rendered":"<p>Bu g\u00fcn m\u00fcst\u0259qil Az\u0259rbaycan Prezident \u0130lham \u018fliyevin r\u0259hb\u0259rliyi il\u0259 iqtisadi t\u0259r\u0259qqinin inki\u015faf\u0131n milli modelini formala\u015fd\u0131r\u0131b. B\u00fct\u00fcn sah\u0259l\u0259rin h\u0259rt\u0259r\u0259fli inki\u015faf\u0131, ictimai-siyasi sabitliyin qorunmas\u0131, \u00f6lk\u0259mizin b\u00fct\u00fcn d\u00fcnyada sabitlik adas\u0131 kimi tan\u0131nmas\u0131,m\u00fck\u0259mm\u0259l iqtisadi strategiya n\u0259tic\u0259sind\u0259 islahatlar\u0131n davaml\u0131l\u0131\u011f\u0131 xalq-iqtidar birliyini daha da m\u00f6hk\u0259ml\u0259ndirib, v\u0259t\u0259nda\u015flar\u0131n \u00f6z Prezidentinin \u0259traf\u0131nda s\u0131x birl\u0259\u015fm\u0259sin\u0259 z\u0259min yarad\u0131b. ARANTV.AZ\u00a0 bildirir ki, bunu\u00a0Trend-\u0259 a\u00e7\u0131qlamas\u0131nda Milli M\u0259clisin deputat\u0131 Naqif H\u0259mz\u0259yev deyib. Mill\u0259t v\u0259kili qeyd edib ki, \u0259ld\u0259 edil\u0259n nailiyy\u0259tl\u0259rin, qazan\u0131lan u\u011furlar\u0131n, t\u0259r\u0259qqinin geni\u015f v\u00fcs\u0259t almas\u0131nda kadr islahatlar\u0131n\u0131n da rolu b\u00f6y\u00fckd\u00fcr. Prezident \u0130lham \u018fliyev t\u0259r\u0259find\u0259n d\u00f6vl\u0259t idar\u0259\u00e7iliyi sistemini daim t\u0259kmill\u0259\u015fdirir. Bu istiqam\u0259td\u0259 d\u00fc\u015f\u00fcn\u00fclm\u00fc\u015f, \u00f6l\u00e7\u00fcl\u00fcb-bi\u00e7ilmi\u015f&hellip;<\/p>\n","protected":false},"author":2,"featured_media":163413,"comment_status":"closed","ping_status":"closed","sticky":false,"template":"","format":"standard","meta":{"om_disable_all_campaigns":false,"_monsterinsights_skip_tracking":false,"_monsterinsights_sitenote_active":false,"_monsterinsights_sitenote_note":"","_monsterinsights_sitenote_category":0},"categories":[4],"tags":[],"aioseo_notices":[],"gutentor_comment":0,"rttpg_featured_image_url":{"full":["https:\/\/arantv.az\/wp-content\/uploads\/2020\/05\/naqif_hemzeyev.jpg",778,479,false],"landscape":["https:\/\/arantv.az\/wp-content\/uploads\/2020\/05\/naqif_hemzeyev.jpg",778,479,false],"portraits":["https:\/\/arantv.az\/wp-content\/uploads\/2020\/05\/naqif_hemzeyev.jpg",778,479,false],"thumbnail":["https:\/\/arantv.az\/wp-content\/uploads\/2020\/05\/naqif_hemzeyev-150x150.jpg",150,150,true],"medium":["https:\/\/arantv.az\/wp-content\/uploads\/2020\/05\/naqif_hemzeyev-300x185.jpg",300,185,true],"large":["https:\/\/arantv.az\/wp-content\/uploads\/2020\/05\/naqif_hemzeyev.jpg",640,394,false],"1536x1536":["https:\/\/arantv.az\/wp-content\/uploads\/2020\/05\/naqif_hemzeyev.jpg",778,479,false],"2048x2048":["https:\/\/arantv.az\/wp-content\/uploads\/2020\/05\/naqif_hemzeyev.jpg",778,479,false],"post-thumbnail":["https:\/\/arantv.az\/wp-content\/uploads\/2020\/05\/naqif_hemzeyev-240x172.jpg",240,172,true],"advps-thumb-one":["https:\/\/arantv.az\/wp-content\/uploads\/2020\/05\/naqif_hemzeyev.jpg",778,479,false]},"rttpg_author":{"display_name":"V\u00fcsal Rafiqo\u011flu","author_link":"https:\/\/arantv.az\/?author=2"},"rttpg_comment":0,"rttpg_category":"<a href=\"https:\/\/arantv.az\/?cat=4\" rel=\"category\">Siyas\u0259t<\/a>","rttpg_excerpt":"Bu g\u00fcn m\u00fcst\u0259qil Az\u0259rbaycan Prezident \u0130lham \u018fliyevin r\u0259hb\u0259rliyi il\u0259 iqtisadi t\u0259r\u0259qqinin inki\u015faf\u0131n milli modelini formala\u015fd\u0131r\u0131b. B\u00fct\u00fcn sah\u0259l\u0259rin h\u0259rt\u0259r\u0259fli inki\u015faf\u0131, ictimai-siyasi sabitliyin qorunmas\u0131, \u00f6lk\u0259mizin b\u00fct\u00fcn d\u00fcnyada sabitlik adas\u0131 kimi tan\u0131nmas\u0131,m\u00fck\u0259mm\u0259l iqtisadi strategiya n\u0259tic\u0259sind\u0259 islahatlar\u0131n davaml\u0131l\u0131\u011f\u0131 xalq-iqtidar birliyini daha da m\u00f6hk\u0259ml\u0259ndirib, v\u0259t\u0259nda\u015flar\u0131n \u00f6z Prezidentinin \u0259traf\u0131nda s\u0131x birl\u0259\u015fm\u0259sin\u0259 z\u0259min yarad\u0131b. ARANTV.AZ\u00a0 bildirir ki, bunu\u00a0Trend-\u0259 a\u00e7\u0131qlamas\u0131nda Milli M\u0259clisin deputat\u0131&hellip;","_links":{"self":[{"href":"https:\/\/arantv.az\/index.php?rest_route=\/wp\/v2\/posts\/163412"}],"collection":[{"href":"https:\/\/arantv.az\/index.php?rest_route=\/wp\/v2\/posts"}],"about":[{"href":"https:\/\/arantv.az\/index.php?rest_route=\/wp\/v2\/types\/post"}],"author":[{"embeddable":true,"href":"https:\/\/arantv.az\/index.php?rest_route=\/wp\/v2\/users\/2"}],"replies":[{"embeddable":true,"href":"https:\/\/arantv.az\/index.php?rest_route=%2Fwp%2Fv2%2Fcomments&post=163412"}],"version-history":[{"count":0,"href":"https:\/\/arantv.az\/index.php?rest_route=\/wp\/v2\/posts\/163412\/revisions"}],"wp:featuredmedia":[{"embeddable":true,"href":"https:\/\/arantv.az\/index.php?rest_route=\/wp\/v2\/media\/163413"}],"wp:attachment":[{"href":"https:\/\/arantv.az\/index.php?rest_route=%2Fwp%2Fv2%2Fmedia&parent=163412"}],"wp:term":[{"taxonomy":"category","embeddable":true,"href":"https:\/\/arantv.az\/index.php?rest_route=%2Fwp%2Fv2%2Fcategories&post=163412"},{"taxonomy":"post_tag","embeddable":true,"href":"https:\/\/arantv.az\/index.php?rest_route=%2Fwp%2Fv2%2Ftags&post=163412"}],"curies":[{"name":"wp","href":"https:\/\/api.w.org\/{rel}","templated":true}]}}