{"id":163416,"date":"2020-05-11T15:50:39","date_gmt":"2020-05-11T12:50:39","guid":{"rendered":"http:\/\/arantv.az\/?p=163416"},"modified":"2020-05-11T15:50:39","modified_gmt":"2020-05-11T12:50:39","slug":"umummilli-lider-heyd%c9%99r-%c9%99liyevin-97-ci-dogum-gunu-munasib%c9%99til%c9%99-ada-universitetind%c9%99-v%c9%99-ada-m%c9%99kt%c9%99bind%c9%99-onlayn-muzakir%c9%99l%c9%99r-kecirilib","status":"publish","type":"post","link":"https:\/\/arantv.az\/?p=163416","title":{"rendered":"\u00dcmummilli lider Heyd\u0259r \u018fliyevin 97-ci do\u011fum g\u00fcn\u00fc m\u00fcnasib\u0259til\u0259 ADA Universitetind\u0259 v\u0259 ADA M\u0259kt\u0259bind\u0259 onlayn m\u00fczakir\u0259l\u0259r ke\u00e7irilib"},"content":{"rendered":"<p>May\u0131n 10-da ADA Universitetinin t\u0259l\u0259b\u0259l\u0259ri v\u0259 ADA M\u0259kt\u0259binin \u015fagirdl\u0259rinin i\u015ftirak\u0131 il\u0259 \u00fcmummilli lider Heyd\u0259r \u018fliyevin anadan olmas\u0131n\u0131n 97-ci ild\u00f6n\u00fcm\u00fc m\u00fcnasib\u0259til\u0259 videom\u00fczakir\u0259l\u0259r ke\u00e7irilmi\u015fdir.<\/p>\n<p><strong>ARANTV.AZ<\/strong> x\u0259b\u0259r verir ki, ADA Universitetind\u0259n\u00a0<a href=\"https:\/\/az.trend.az\/\" target=\"_blank\" rel=\"noopener\">Trend<\/a>-\u0259 veril\u0259n m\u0259lumata g\u00f6r\u0259, t\u0259l\u0259b\u0259l\u0259rinin i\u015ftirak\u0131 il\u0259 ke\u00e7iril\u0259n videom\u00fczakir\u0259nin qona\u011f\u0131 Milli M\u0259clisin M\u0259d\u0259niyy\u0259t Komit\u0259sinin s\u0259dri Q\u0259nir\u0259 Pa\u015fayeva olub.<\/p>\n<p>Heyd\u0259r \u018fliyevin h\u0259yat v\u0259 f\u0259aliyy\u0259tind\u0259n, onun Az\u0259rbaycan xalq\u0131 qar\u015f\u0131s\u0131ndak\u0131 xidm\u0259tl\u0259rind\u0259n v\u0259 beyn\u0259lxalq platformalardak\u0131 u\u011furlu \u00e7\u0131x\u0131\u015flar\u0131ndan b\u0259hs ed\u0259n Q\u0259nir\u0259 Pa\u015fayeva bildirib ki, Heyd\u0259r \u018fliyev m\u00fcst\u0259qil Az\u0259rbaycan\u0131n g\u00fccl\u0259nm\u0259sind\u0259 savadl\u0131, pe\u015f\u0259kar v\u0259 xalq\u0131n\u0131 sev\u0259n g\u0259ncl\u0259rin vacib rol oynad\u0131\u011f\u0131na inan\u0131b.<\/p>\n<p>Heyd\u0259r \u018fliyevi bir \u00e7ox xarici s\u0259f\u0259rl\u0259r zaman\u0131 m\u00fc\u015fayi\u0259t etdiyini n\u0259z\u0259r\u0259 \u00e7atd\u0131ran Q\u0259nir\u0259 Pa\u015fayeva \u00fcmummilli liderl\u0259 AB\u015e s\u0259f\u0259rini x\u00fcsusil\u0259 qeyd ed\u0259r\u0259k, onun jurnalistl\u0259rl\u0259 m\u00fcxt\u0259lif m\u00f6vzular \u0259traf\u0131nda s\u0259mimi m\u00fczakir\u0259l\u0259r apard\u0131\u011f\u0131n\u0131 bildirib v\u0259 Heyd\u0259r \u018fliyevi jurnalistl\u0259rin dostu kimi qiym\u0259tl\u0259ndirib.<\/p>\n<p>ADA t\u0259l\u0259b\u0259l\u0259rinin suallar\u0131n\u0131 cavabland\u0131ran mill\u0259t v\u0259kili Heyd\u0259r \u018fliyevin davran\u0131\u015flar\u0131n\u0131 anlama\u011f\u0131n v\u0259 onun irsini \u00f6yr\u0259nm\u0259yin vacibliyini vur\u011fulay\u0131b.<\/p>\n<p>&#8220;Heyd\u0259r \u018fliyevin \u015f\u0259xsi keyfiyy\u0259tl\u0259ri &#8211; \u0259zmi, q\u0259tiyy\u0259ti, irad\u0259si, c\u0259sar\u0259ti v\u0259 uzaqg\u00f6r\u0259nliyi onun lider kimi yeti\u015fm\u0259sin\u0259 s\u0259b\u0259b olan vacib amill\u0259rd\u0259ndir&#8221;, &#8211; dey\u0259n mill\u0259t v\u0259kili Q. Pa\u015fayeva, g\u0259ncl\u0259r\u0259 xalq\u0131m\u0131z\u0131n ke\u00e7mi\u015fini d\u0259rind\u0259n ara\u015fd\u0131rma\u011f\u0131 t\u00f6vsiy\u0259 edib.<\/p>\n<p>Onlayn m\u00fczakir\u0259nin moderatoru, ADA Universitetinin prorektoru Fariz \u0130smay\u0131lzad\u0259 \u00fcmummilli liderin g\u0259ncl\u0259rimiz\u0259 \u00f6rn\u0259k t\u0259\u015fkil etdiyini vur\u011fulay\u0131b v\u0259 ADA t\u0259l\u0259b\u0259l\u0259ri qar\u015f\u0131s\u0131nda \u00e7\u0131x\u0131\u015f ed\u0259r\u0259k xatir\u0259l\u0259rini b\u00f6l\u00fc\u015f\u0259n mill\u0259t v\u0259kili Pa\u015fayevaya minn\u0259tdarl\u0131\u011f\u0131n\u0131 bildirib.<\/p>\n<p>Qeyd ed\u0259k ki, ADA M\u0259kt\u0259bind\u0259 d\u0259 \u00fcmummilli lider Heyd\u0259r \u018fliyevin anadan olmas\u0131n\u0131n 97-ci ild\u00f6n\u00fcm\u00fcn\u0259 h\u0259sr edilmi\u015f videom\u00fczakir\u0259 t\u0259\u015fkil edilib. M\u0259kt\u0259bin m\u00fc\u0259llim v\u0259 \u015fagird hey\u0259tinin i\u015ftirak\u0131 il\u0259 ke\u00e7iril\u0259n onlayn g\u00f6r\u00fc\u015fd\u0259 AB\u015e-da n\u0259\u015fr edil\u0259n &#8220;Azerbaijan International&#8221; Jurnal\u0131n\u0131n (&#8220;Az\u0259rbaycan Beyn\u0259lxalq&#8221; Jurnal\u0131 ) redaktoru, t\u0259cr\u00fcb\u0259li jurnalist Betti Bleyer Los-Ancelesd\u0259n (AB\u015e) qo\u015fularaq Heyd\u0259r \u018fliyevl\u0259 ba\u011fl\u0131 xatir\u0259l\u0259rini b\u00f6l\u00fc\u015f\u00fcb, Az\u0259rbaycan\u0131n tarixi, inc\u0259s\u0259n\u0259ti v\u0259 m\u0259d\u0259niyy\u0259ti il\u0259 tan\u0131\u015fl\u0131\u011f\u0131ndan b\u0259hs edib.<\/p>\n<div>\n<div id=\"AdviadNativeVideo0\" class=\"AdviadNativeVideo\"><\/div>\n<\/div>\n<p>\u00dcmummili liderd\u0259n \u00e7oxsayl\u0131 m\u00fcsahib\u0259l\u0259r alan Q\u0259rb jurnalisti qismind\u0259 B. Bleyer bildirib ki, Heyd\u0259r \u018fliyevin \u0259minliyi, onun \u0259n \u00e7\u0259tin v\u0259ziyy\u0259ti bel\u0259 idar\u0259 etm\u0259k bacar\u0131\u011f\u0131, intellektual s\u0259viyy\u0259si v\u0259 f\u0259rqli \u015f\u0259xsiyy\u0259ti n\u00fcmun\u0259vi xarakter da\u015f\u0131y\u0131r.<\/p>\n<p>&#8220;Az\u0259rbaycan Beyn\u0259lxalq&#8221; Jurnal\u0131n\u0131n 1993-c\u00fc ild\u0259 n\u0259\u015fr edil\u0259n 16 s\u0259hif\u0259lik ilk say\u0131n\u0131 \u015fagirdl\u0259r\u0259 onlayn rejimd\u0259 n\u00fcmayi\u015f etdir\u0259n Betti Bleyer qeyd etmi\u015fdir ki, jurnal \u0130T resurslar\u0131n\u0131n m\u0259hdud oldu\u011fu bir d\u00f6vrd\u0259 b\u00f6y\u00fck \u00e7\u0259tinlikl\u0259rl\u0259 \u0259rs\u0259y\u0259 g\u0259lib. B. Bleyer Heyd\u0259r \u018fliyevl\u0259 g\u00f6r\u00fc\u015fl\u0259rinin birind\u0259 Jurnal\u0131n bir n\u00fcsx\u0259sini ona t\u0259qdim etdiyini s\u00f6yl\u0259y\u0259r\u0259k bildirib ki, o, Jurnal\u0131n h\u0259r bir s\u0259hif\u0259sin\u0259 diqq\u0259tl\u0259 n\u0259z\u0259r salm\u0131\u015f v\u0259 h\u0259r zaman Jurnal\u0131n f\u0259aliyy\u0259tin\u0259 d\u0259st\u0259yini n\u00fcmayi\u015f etdirib.<\/p>\n<p>ADA Universitetinin Akademik i\u015fl\u0259r \u00fczr\u0259 prorektoru, onlayn m\u00fczakir\u0259nin moderatoru V\u0259fa Kazdal Betti Bleyer\u0259 \u00f6lk\u0259mizin beyn\u0259lxalq ictimaiyy\u0259t n\u00fcmay\u0259nd\u0259l\u0259ri aras\u0131nda tan\u0131nmas\u0131na verdiyi t\u00f6vh\u0259l\u0259r\u0259 v\u0259 \u00fcmummilli lider Heyd\u0259r \u018fliyevl\u0259 ba\u011fl\u0131 d\u0259y\u0259rli xatir\u0259l\u0259rini ADA M\u0259kt\u0259binin \u015fagirdl\u0259ri il\u0259 b\u00f6l\u00fc\u015fd\u00fcy\u00fcn\u0259 g\u00f6r\u0259 minn\u0259tdarl\u0131\u011f\u0131n\u0131 bildirib.<\/p>\n<p>Sonda M\u0259kt\u0259b \u015fagirdl\u0259rinin suallar\u0131n\u0131 cavabland\u0131ran jurnalist Bleyer onlara z\u0259ngin tarix\u0259 malik Az\u0259rbaycan\u0131n parlaq g\u0259ncl\u0259ri kimi h\u0259r zaman \u00f6yr\u0259nm\u0259yi v\u0259 inki\u015faf etm\u0259yi t\u00f6vsiy\u0259 edib.<\/p>\n","protected":false},"excerpt":{"rendered":"<p>May\u0131n 10-da ADA Universitetinin t\u0259l\u0259b\u0259l\u0259ri v\u0259 ADA M\u0259kt\u0259binin \u015fagirdl\u0259rinin i\u015ftirak\u0131 il\u0259 \u00fcmummilli lider Heyd\u0259r \u018fliyevin anadan olmas\u0131n\u0131n 97-ci ild\u00f6n\u00fcm\u00fc m\u00fcnasib\u0259til\u0259 videom\u00fczakir\u0259l\u0259r ke\u00e7irilmi\u015fdir. ARANTV.AZ x\u0259b\u0259r verir ki, ADA Universitetind\u0259n\u00a0Trend-\u0259 veril\u0259n m\u0259lumata g\u00f6r\u0259, t\u0259l\u0259b\u0259l\u0259rinin i\u015ftirak\u0131 il\u0259 ke\u00e7iril\u0259n videom\u00fczakir\u0259nin qona\u011f\u0131 Milli M\u0259clisin M\u0259d\u0259niyy\u0259t Komit\u0259sinin s\u0259dri Q\u0259nir\u0259 Pa\u015fayeva olub. Heyd\u0259r \u018fliyevin h\u0259yat v\u0259 f\u0259aliyy\u0259tind\u0259n, onun Az\u0259rbaycan xalq\u0131 qar\u015f\u0131s\u0131ndak\u0131 xidm\u0259tl\u0259rind\u0259n v\u0259 beyn\u0259lxalq platformalardak\u0131 u\u011furlu \u00e7\u0131x\u0131\u015flar\u0131ndan b\u0259hs ed\u0259n Q\u0259nir\u0259 Pa\u015fayeva bildirib ki, Heyd\u0259r \u018fliyev m\u00fcst\u0259qil Az\u0259rbaycan\u0131n g\u00fccl\u0259nm\u0259sind\u0259 savadl\u0131, pe\u015f\u0259kar v\u0259 xalq\u0131n\u0131 sev\u0259n g\u0259ncl\u0259rin vacib rol oynad\u0131\u011f\u0131na inan\u0131b. Heyd\u0259r \u018fliyevi bir \u00e7ox xarici s\u0259f\u0259rl\u0259r zaman\u0131 m\u00fc\u015fayi\u0259t etdiyini&hellip;<\/p>\n","protected":false},"author":2,"featured_media":163417,"comment_status":"closed","ping_status":"closed","sticky":false,"template":"","format":"standard","meta":{"om_disable_all_campaigns":false,"_monsterinsights_skip_tracking":false,"_monsterinsights_sitenote_active":false,"_monsterinsights_sitenote_note":"","_monsterinsights_sitenote_category":0},"categories":[26],"tags":[],"aioseo_notices":[],"gutentor_comment":0,"rttpg_featured_image_url":{"full":["https:\/\/arantv.az\/wp-content\/uploads\/2020\/05\/849488.jpg",800,600,false],"landscape":["https:\/\/arantv.az\/wp-content\/uploads\/2020\/05\/849488.jpg",800,600,false],"portraits":["https:\/\/arantv.az\/wp-content\/uploads\/2020\/05\/849488.jpg",800,600,false],"thumbnail":["https:\/\/arantv.az\/wp-content\/uploads\/2020\/05\/849488-150x150.jpg",150,150,true],"medium":["https:\/\/arantv.az\/wp-content\/uploads\/2020\/05\/849488-300x225.jpg",300,225,true],"large":["https:\/\/arantv.az\/wp-content\/uploads\/2020\/05\/849488.jpg",640,480,false],"1536x1536":["https:\/\/arantv.az\/wp-content\/uploads\/2020\/05\/849488.jpg",800,600,false],"2048x2048":["https:\/\/arantv.az\/wp-content\/uploads\/2020\/05\/849488.jpg",800,600,false],"post-thumbnail":["https:\/\/arantv.az\/wp-content\/uploads\/2020\/05\/849488-240x172.jpg",240,172,true],"advps-thumb-one":["https:\/\/arantv.az\/wp-content\/uploads\/2020\/05\/849488.jpg",800,600,false]},"rttpg_author":{"display_name":"V\u00fcsal Rafiqo\u011flu","author_link":"https:\/\/arantv.az\/?author=2"},"rttpg_comment":0,"rttpg_category":"<a href=\"https:\/\/arantv.az\/?cat=26\" rel=\"category\">Sosial<\/a>","rttpg_excerpt":"May\u0131n 10-da ADA Universitetinin t\u0259l\u0259b\u0259l\u0259ri v\u0259 ADA M\u0259kt\u0259binin \u015fagirdl\u0259rinin i\u015ftirak\u0131 il\u0259 \u00fcmummilli lider Heyd\u0259r \u018fliyevin anadan olmas\u0131n\u0131n 97-ci ild\u00f6n\u00fcm\u00fc m\u00fcnasib\u0259til\u0259 videom\u00fczakir\u0259l\u0259r ke\u00e7irilmi\u015fdir. ARANTV.AZ x\u0259b\u0259r verir ki, ADA Universitetind\u0259n\u00a0Trend-\u0259 veril\u0259n m\u0259lumata g\u00f6r\u0259, t\u0259l\u0259b\u0259l\u0259rinin i\u015ftirak\u0131 il\u0259 ke\u00e7iril\u0259n videom\u00fczakir\u0259nin qona\u011f\u0131 Milli M\u0259clisin M\u0259d\u0259niyy\u0259t Komit\u0259sinin s\u0259dri Q\u0259nir\u0259 Pa\u015fayeva olub. Heyd\u0259r \u018fliyevin h\u0259yat v\u0259 f\u0259aliyy\u0259tind\u0259n, onun Az\u0259rbaycan xalq\u0131 qar\u015f\u0131s\u0131ndak\u0131 xidm\u0259tl\u0259rind\u0259n&hellip;","_links":{"self":[{"href":"https:\/\/arantv.az\/index.php?rest_route=\/wp\/v2\/posts\/163416"}],"collection":[{"href":"https:\/\/arantv.az\/index.php?rest_route=\/wp\/v2\/posts"}],"about":[{"href":"https:\/\/arantv.az\/index.php?rest_route=\/wp\/v2\/types\/post"}],"author":[{"embeddable":true,"href":"https:\/\/arantv.az\/index.php?rest_route=\/wp\/v2\/users\/2"}],"replies":[{"embeddable":true,"href":"https:\/\/arantv.az\/index.php?rest_route=%2Fwp%2Fv2%2Fcomments&post=163416"}],"version-history":[{"count":0,"href":"https:\/\/arantv.az\/index.php?rest_route=\/wp\/v2\/posts\/163416\/revisions"}],"wp:featuredmedia":[{"embeddable":true,"href":"https:\/\/arantv.az\/index.php?rest_route=\/wp\/v2\/media\/163417"}],"wp:attachment":[{"href":"https:\/\/arantv.az\/index.php?rest_route=%2Fwp%2Fv2%2Fmedia&parent=163416"}],"wp:term":[{"taxonomy":"category","embeddable":true,"href":"https:\/\/arantv.az\/index.php?rest_route=%2Fwp%2Fv2%2Fcategories&post=163416"},{"taxonomy":"post_tag","embeddable":true,"href":"https:\/\/arantv.az\/index.php?rest_route=%2Fwp%2Fv2%2Ftags&post=163416"}],"curies":[{"name":"wp","href":"https:\/\/api.w.org\/{rel}","templated":true}]}}