{"id":163424,"date":"2020-05-11T15:54:34","date_gmt":"2020-05-11T12:54:34","guid":{"rendered":"http:\/\/arantv.az\/?p=163424"},"modified":"2020-05-11T15:54:34","modified_gmt":"2020-05-11T12:54:34","slug":"arb-d%c9%99-6-saat-%c9%99rzind%c9%99-yayimlanmayan-reklamlarin-pulu-iscil%c9%99rin-maasindan-k%c9%99silib-oz%c9%99l-aciqlama","status":"publish","type":"post","link":"https:\/\/arantv.az\/?p=163424","title":{"rendered":"&#8220;ARB-d\u0259 6 saat \u0259rzind\u0259 yay\u0131mlanmayan reklamlar\u0131n pulu i\u015f\u00e7il\u0259rin maa\u015f\u0131ndan k\u0259silib? &#8211; \u00d6z\u0259l A\u00c7IQLAMA"},"content":{"rendered":"<p>Aprel ay\u0131nda Elgizl\u0259 \u0130zl\u0259 proqram\u0131nda xalq artisti Afaq B\u0259\u015firq\u0131z\u0131 s\u00f6y\u00fc\u015f s\u00f6ym\u0259si m\u0259tbuatda g\u00fcnd\u0259mi alt-\u00fcst etdi. MTR\u015e verili\u015fin xalq artistinin qeyri-etik ifad\u0259l\u0259rin\u0259 g\u00f6r\u0259 telekanal\u0131n yay\u0131m\u0131n\u0131 6 saatl\u0131q dayand\u0131rmaqla c\u0259zaland\u0131rd\u0131.<\/p>\n<p>Hadis\u0259nin \u00fcst\u00fcnd\u0259n h\u0259ft\u0259l\u0259r ke\u00e7s\u0259 d\u0259, m\u00f6vzu h\u0259l\u0259 d\u0259 \u00f6z aktuall\u0131\u011f\u0131n\u0131 qorumaqdad\u0131r.<\/p>\n<div id=\"AdviadNativeVideo0\" class=\"AdviadNativeVideo\"><\/div>\n<p><strong>ARANTV.AZ<\/strong> x\u0259b\u0259r verir ki, sosial \u015f\u0259b\u0259k\u0259l\u0259rd\u0259 ARB televiziyas\u0131nda Elgizin verili\u015find\u0259ki s\u00f6y\u00fc\u015f\u0259 g\u00f6r\u0259 t\u0259k Elgiz v\u0259 komandas\u0131 yox, bir \u00e7ox \u0259m\u0259kda\u015f\u0131n c\u0259zaland\u0131r\u0131lmas\u0131 il\u0259 ba\u011fl\u0131 m\u0259lumatlar yay\u0131l\u0131b. Bel\u0259 ki, yaz\u0131lanlara g\u00f6r\u0259, 6 saat \u0259rzind\u0259 yay\u0131mlanmayan reklamlar\u0131n pulu i\u015f\u00e7il\u0259rin maa\u015f\u0131ndan tutulub.<\/p>\n<p>M\u0259s\u0259l\u0259 il\u0259 ba\u011fl\u0131 \u201cARB Media Qrup\u201dun m\u0259tbuat xidm\u0259tinin r\u0259hb\u0259ri Ozal \u0130brahimli\u00a0<a title=\"xeberler son xeberler 2020\" href=\"https:\/\/big.az\/\" target=\"_blank\" rel=\"noopener\">BiG.AZ<\/a>\u00a0a\u00e7\u0131qlama verib. O, yay\u0131lan m\u0259lumatlar\u0131n yalan oldu\u011funu bildirib:<\/p>\n<p>&#8220;Efird\u0259 ya\u015fanan h\u0259r hans\u0131 bir problem\u0259 g\u00f6r\u0259 g\u00fcnahkar \u0259m\u0259kda\u015flar c\u0259zaland\u0131r\u0131l\u0131r. Ancaq bu o dem\u0259k deyil ki, 6 saatl\u0131q dayand\u0131r\u0131lan efirin yay\u0131mlanmayan reklamlar\u0131n\u0131n pulu \u0259m\u0259kda\u015flardan tutulmal\u0131d\u0131r. Xeyir, bu yalan s\u00f6hb\u0259tdir. Bel\u0259 bir \u015fey ola bilm\u0259z. \u018fm\u0259kda\u015flar sad\u0259c\u0259 g\u00f6rd\u00fckl\u0259ri i\u015fl\u0259rin\u0259 g\u00f6r\u0259 m\u0259suliyy\u0259t da\u015f\u0131y\u0131rlar&#8221;.<\/p>\n","protected":false},"excerpt":{"rendered":"<p>Aprel ay\u0131nda Elgizl\u0259 \u0130zl\u0259 proqram\u0131nda xalq artisti Afaq B\u0259\u015firq\u0131z\u0131 s\u00f6y\u00fc\u015f s\u00f6ym\u0259si m\u0259tbuatda g\u00fcnd\u0259mi alt-\u00fcst etdi. MTR\u015e verili\u015fin xalq artistinin qeyri-etik ifad\u0259l\u0259rin\u0259 g\u00f6r\u0259 telekanal\u0131n yay\u0131m\u0131n\u0131 6 saatl\u0131q dayand\u0131rmaqla c\u0259zaland\u0131rd\u0131. Hadis\u0259nin \u00fcst\u00fcnd\u0259n h\u0259ft\u0259l\u0259r ke\u00e7s\u0259 d\u0259, m\u00f6vzu h\u0259l\u0259 d\u0259 \u00f6z aktuall\u0131\u011f\u0131n\u0131 qorumaqdad\u0131r. ARANTV.AZ x\u0259b\u0259r verir ki, sosial \u015f\u0259b\u0259k\u0259l\u0259rd\u0259 ARB televiziyas\u0131nda Elgizin verili\u015find\u0259ki s\u00f6y\u00fc\u015f\u0259 g\u00f6r\u0259 t\u0259k Elgiz v\u0259 komandas\u0131 yox, bir \u00e7ox \u0259m\u0259kda\u015f\u0131n c\u0259zaland\u0131r\u0131lmas\u0131 il\u0259 ba\u011fl\u0131 m\u0259lumatlar yay\u0131l\u0131b. Bel\u0259 ki, yaz\u0131lanlara g\u00f6r\u0259, 6 saat \u0259rzind\u0259 yay\u0131mlanmayan reklamlar\u0131n pulu i\u015f\u00e7il\u0259rin maa\u015f\u0131ndan tutulub. M\u0259s\u0259l\u0259 il\u0259 ba\u011fl\u0131 \u201cARB Media Qrup\u201dun m\u0259tbuat xidm\u0259tinin r\u0259hb\u0259ri Ozal \u0130brahimli\u00a0BiG.AZ\u00a0a\u00e7\u0131qlama verib. O,&hellip;<\/p>\n","protected":false},"author":2,"featured_media":163425,"comment_status":"closed","ping_status":"closed","sticky":false,"template":"","format":"standard","meta":{"om_disable_all_campaigns":false,"_monsterinsights_skip_tracking":false,"_monsterinsights_sitenote_active":false,"_monsterinsights_sitenote_note":"","_monsterinsights_sitenote_category":0},"categories":[19],"tags":[],"aioseo_notices":[],"gutentor_comment":0,"rttpg_featured_image_url":{"full":["https:\/\/arantv.az\/wp-content\/uploads\/2020\/05\/26175862_1486945731423286_365319017_n.pn_81589195912.png",649,411,false],"landscape":["https:\/\/arantv.az\/wp-content\/uploads\/2020\/05\/26175862_1486945731423286_365319017_n.pn_81589195912.png",649,411,false],"portraits":["https:\/\/arantv.az\/wp-content\/uploads\/2020\/05\/26175862_1486945731423286_365319017_n.pn_81589195912.png",649,411,false],"thumbnail":["https:\/\/arantv.az\/wp-content\/uploads\/2020\/05\/26175862_1486945731423286_365319017_n.pn_81589195912-150x150.png",150,150,true],"medium":["https:\/\/arantv.az\/wp-content\/uploads\/2020\/05\/26175862_1486945731423286_365319017_n.pn_81589195912-300x190.png",300,190,true],"large":["https:\/\/arantv.az\/wp-content\/uploads\/2020\/05\/26175862_1486945731423286_365319017_n.pn_81589195912.png",640,405,false],"1536x1536":["https:\/\/arantv.az\/wp-content\/uploads\/2020\/05\/26175862_1486945731423286_365319017_n.pn_81589195912.png",649,411,false],"2048x2048":["https:\/\/arantv.az\/wp-content\/uploads\/2020\/05\/26175862_1486945731423286_365319017_n.pn_81589195912.png",649,411,false],"post-thumbnail":["https:\/\/arantv.az\/wp-content\/uploads\/2020\/05\/26175862_1486945731423286_365319017_n.pn_81589195912-240x172.png",240,172,true],"advps-thumb-one":["https:\/\/arantv.az\/wp-content\/uploads\/2020\/05\/26175862_1486945731423286_365319017_n.pn_81589195912.png",649,411,false]},"rttpg_author":{"display_name":"V\u00fcsal Rafiqo\u011flu","author_link":"https:\/\/arantv.az\/?author=2"},"rttpg_comment":0,"rttpg_category":"<a href=\"https:\/\/arantv.az\/?cat=19\" rel=\"category\">G\u00fcnd\u0259m<\/a>","rttpg_excerpt":"Aprel ay\u0131nda Elgizl\u0259 \u0130zl\u0259 proqram\u0131nda xalq artisti Afaq B\u0259\u015firq\u0131z\u0131 s\u00f6y\u00fc\u015f s\u00f6ym\u0259si m\u0259tbuatda g\u00fcnd\u0259mi alt-\u00fcst etdi. MTR\u015e verili\u015fin xalq artistinin qeyri-etik ifad\u0259l\u0259rin\u0259 g\u00f6r\u0259 telekanal\u0131n yay\u0131m\u0131n\u0131 6 saatl\u0131q dayand\u0131rmaqla c\u0259zaland\u0131rd\u0131. Hadis\u0259nin \u00fcst\u00fcnd\u0259n h\u0259ft\u0259l\u0259r ke\u00e7s\u0259 d\u0259, m\u00f6vzu h\u0259l\u0259 d\u0259 \u00f6z aktuall\u0131\u011f\u0131n\u0131 qorumaqdad\u0131r. ARANTV.AZ x\u0259b\u0259r verir ki, sosial \u015f\u0259b\u0259k\u0259l\u0259rd\u0259 ARB televiziyas\u0131nda Elgizin verili\u015find\u0259ki s\u00f6y\u00fc\u015f\u0259 g\u00f6r\u0259 t\u0259k Elgiz v\u0259 komandas\u0131&hellip;","_links":{"self":[{"href":"https:\/\/arantv.az\/index.php?rest_route=\/wp\/v2\/posts\/163424"}],"collection":[{"href":"https:\/\/arantv.az\/index.php?rest_route=\/wp\/v2\/posts"}],"about":[{"href":"https:\/\/arantv.az\/index.php?rest_route=\/wp\/v2\/types\/post"}],"author":[{"embeddable":true,"href":"https:\/\/arantv.az\/index.php?rest_route=\/wp\/v2\/users\/2"}],"replies":[{"embeddable":true,"href":"https:\/\/arantv.az\/index.php?rest_route=%2Fwp%2Fv2%2Fcomments&post=163424"}],"version-history":[{"count":0,"href":"https:\/\/arantv.az\/index.php?rest_route=\/wp\/v2\/posts\/163424\/revisions"}],"wp:featuredmedia":[{"embeddable":true,"href":"https:\/\/arantv.az\/index.php?rest_route=\/wp\/v2\/media\/163425"}],"wp:attachment":[{"href":"https:\/\/arantv.az\/index.php?rest_route=%2Fwp%2Fv2%2Fmedia&parent=163424"}],"wp:term":[{"taxonomy":"category","embeddable":true,"href":"https:\/\/arantv.az\/index.php?rest_route=%2Fwp%2Fv2%2Fcategories&post=163424"},{"taxonomy":"post_tag","embeddable":true,"href":"https:\/\/arantv.az\/index.php?rest_route=%2Fwp%2Fv2%2Ftags&post=163424"}],"curies":[{"name":"wp","href":"https:\/\/api.w.org\/{rel}","templated":true}]}}