{"id":163428,"date":"2020-05-11T15:55:13","date_gmt":"2020-05-11T12:55:13","guid":{"rendered":"http:\/\/arantv.az\/?p=163428"},"modified":"2020-05-11T15:55:13","modified_gmt":"2020-05-11T12:55:13","slug":"x%c9%99z%c9%99r-tv-d%c9%99-bu-m%c9%99shur-verilisin-yayimi-dayandirildi-aciqlama","status":"publish","type":"post","link":"https:\/\/arantv.az\/?p=163428","title":{"rendered":"X\u0259z\u0259r TV-d\u0259 bu m\u0259\u015fhur verili\u015fin yay\u0131m\u0131 dayand\u0131r\u0131ld\u0131 &#8211; A\u00c7IQLAMA"},"content":{"rendered":"<p>X\u0259z\u0259r Televiziyas\u0131nda Kamal D\u0259nizin \u201c\u00c7\u00f6l adam\u0131\u201d verili\u015finin yay\u0131m\u0131 dayand\u0131r\u0131l\u0131b.<\/p>\n<p><strong>ARANTV.AZ<\/strong> x\u0259b\u0259r verir ki, yenicag.az-a a\u00e7\u0131qlama ver\u0259n Kamal D\u0259niz x\u0259b\u0259ri t\u0259sdiq edib:<\/p>\n<p>\u201cB\u0259li, aprelin 15-d\u0259n verili\u015fin yay\u0131m\u0131 dayand\u0131r\u0131l\u0131b. Amma \u00e7\u0259kili\u015fl\u0259rimiz davam edir. Haz\u0131rda \u015e\u0259mkir rayonunda \u00e7\u0259kili\u015fd\u0259yik. Bu verili\u015f m\u00fc\u0259llif layih\u0259mdir. Az\u0259rbaycan tarixi, milli m\u0259tb\u0259xi, m\u0259d\u0259niyy\u0259ti, t\u0259bi\u0259tini \u0259ks etdir\u0259n v\u0259 t\u0259bli\u011f ed\u0259n verili\u015fdir. Kifay\u0259t q\u0259d\u0259r tama\u015fa\u00e7\u0131 k\u00fctl\u0259si var. Tama\u015fa\u00e7\u0131lar yax\u0131n vaxtlarda X\u0259z\u0259r Televiziyas\u0131nda olmasa da, ba\u015fqa telekanallar\u0131n birind\u0259 verili\u015fi izl\u0259y\u0259 bil\u0259c\u0259kl\u0259r\u201d.<\/p>\n<div id=\"AdviadNativeVideo0\" class=\"AdviadNativeVideo\"><\/div>\n<p>Apar\u0131c\u0131 verili\u015fin yay\u0131m\u0131n\u0131n hans\u0131 s\u0259b\u0259bd\u0259n dayand\u0131r\u0131lmas\u0131na bel\u0259 ayd\u0131nl\u0131q g\u0259tirib:<\/p>\n<p>\u201cYeni format t\u0259klif olundu, q\u0259bul etm\u0259dim. \u018friz\u0259mi yaz\u0131b i\u015fd\u0259n \u00e7\u0131xd\u0131m\u201d.<\/p>\n<p><img class=\"imgbcodecent\" src=\"https:\/\/upload.az\/foto\/arxiv\/maxresdefault-1_81589195853.jpg\" alt=\"X\u0259z\u0259r TV-d\u0259 bu m\u0259\u015fhur verili\u015fin yay\u0131m\u0131 dayand\u0131r\u0131ld\u0131 - A\u00c7IQLAMA\" \/><\/p>\n","protected":false},"excerpt":{"rendered":"<p>X\u0259z\u0259r Televiziyas\u0131nda Kamal D\u0259nizin \u201c\u00c7\u00f6l adam\u0131\u201d verili\u015finin yay\u0131m\u0131 dayand\u0131r\u0131l\u0131b. ARANTV.AZ x\u0259b\u0259r verir ki, yenicag.az-a a\u00e7\u0131qlama ver\u0259n Kamal D\u0259niz x\u0259b\u0259ri t\u0259sdiq edib: \u201cB\u0259li, aprelin 15-d\u0259n verili\u015fin yay\u0131m\u0131 dayand\u0131r\u0131l\u0131b. Amma \u00e7\u0259kili\u015fl\u0259rimiz davam edir. Haz\u0131rda \u015e\u0259mkir rayonunda \u00e7\u0259kili\u015fd\u0259yik. Bu verili\u015f m\u00fc\u0259llif layih\u0259mdir. Az\u0259rbaycan tarixi, milli m\u0259tb\u0259xi, m\u0259d\u0259niyy\u0259ti, t\u0259bi\u0259tini \u0259ks etdir\u0259n v\u0259 t\u0259bli\u011f ed\u0259n verili\u015fdir. Kifay\u0259t q\u0259d\u0259r tama\u015fa\u00e7\u0131 k\u00fctl\u0259si var. Tama\u015fa\u00e7\u0131lar yax\u0131n vaxtlarda X\u0259z\u0259r Televiziyas\u0131nda olmasa da, ba\u015fqa telekanallar\u0131n birind\u0259 verili\u015fi izl\u0259y\u0259 bil\u0259c\u0259kl\u0259r\u201d. Apar\u0131c\u0131 verili\u015fin yay\u0131m\u0131n\u0131n hans\u0131 s\u0259b\u0259bd\u0259n dayand\u0131r\u0131lmas\u0131na bel\u0259 ayd\u0131nl\u0131q g\u0259tirib: \u201cYeni format t\u0259klif olundu, q\u0259bul etm\u0259dim. \u018friz\u0259mi yaz\u0131b i\u015fd\u0259n \u00e7\u0131xd\u0131m\u201d.<\/p>\n","protected":false},"author":2,"featured_media":163429,"comment_status":"closed","ping_status":"closed","sticky":false,"template":"","format":"standard","meta":{"om_disable_all_campaigns":false,"_monsterinsights_skip_tracking":false,"_monsterinsights_sitenote_active":false,"_monsterinsights_sitenote_note":"","_monsterinsights_sitenote_category":0},"categories":[20],"tags":[],"aioseo_notices":[],"gutentor_comment":0,"rttpg_featured_image_url":{"full":["https:\/\/arantv.az\/wp-content\/uploads\/2020\/05\/cuya.jpg",650,363,false],"landscape":["https:\/\/arantv.az\/wp-content\/uploads\/2020\/05\/cuya.jpg",650,363,false],"portraits":["https:\/\/arantv.az\/wp-content\/uploads\/2020\/05\/cuya.jpg",650,363,false],"thumbnail":["https:\/\/arantv.az\/wp-content\/uploads\/2020\/05\/cuya-150x150.jpg",150,150,true],"medium":["https:\/\/arantv.az\/wp-content\/uploads\/2020\/05\/cuya-300x168.jpg",300,168,true],"large":["https:\/\/arantv.az\/wp-content\/uploads\/2020\/05\/cuya.jpg",640,357,false],"1536x1536":["https:\/\/arantv.az\/wp-content\/uploads\/2020\/05\/cuya.jpg",650,363,false],"2048x2048":["https:\/\/arantv.az\/wp-content\/uploads\/2020\/05\/cuya.jpg",650,363,false],"post-thumbnail":["https:\/\/arantv.az\/wp-content\/uploads\/2020\/05\/cuya-240x172.jpg",240,172,true],"advps-thumb-one":["https:\/\/arantv.az\/wp-content\/uploads\/2020\/05\/cuya.jpg",650,363,false]},"rttpg_author":{"display_name":"V\u00fcsal Rafiqo\u011flu","author_link":"https:\/\/arantv.az\/?author=2"},"rttpg_comment":0,"rttpg_category":"<a href=\"https:\/\/arantv.az\/?cat=20\" rel=\"category\">\u015eou biznes<\/a>","rttpg_excerpt":"X\u0259z\u0259r Televiziyas\u0131nda Kamal D\u0259nizin \u201c\u00c7\u00f6l adam\u0131\u201d verili\u015finin yay\u0131m\u0131 dayand\u0131r\u0131l\u0131b. ARANTV.AZ x\u0259b\u0259r verir ki, yenicag.az-a a\u00e7\u0131qlama ver\u0259n Kamal D\u0259niz x\u0259b\u0259ri t\u0259sdiq edib: \u201cB\u0259li, aprelin 15-d\u0259n verili\u015fin yay\u0131m\u0131 dayand\u0131r\u0131l\u0131b. Amma \u00e7\u0259kili\u015fl\u0259rimiz davam edir. Haz\u0131rda \u015e\u0259mkir rayonunda \u00e7\u0259kili\u015fd\u0259yik. Bu verili\u015f m\u00fc\u0259llif layih\u0259mdir. Az\u0259rbaycan tarixi, milli m\u0259tb\u0259xi, m\u0259d\u0259niyy\u0259ti, t\u0259bi\u0259tini \u0259ks etdir\u0259n v\u0259 t\u0259bli\u011f ed\u0259n verili\u015fdir. Kifay\u0259t q\u0259d\u0259r tama\u015fa\u00e7\u0131 k\u00fctl\u0259si&hellip;","_links":{"self":[{"href":"https:\/\/arantv.az\/index.php?rest_route=\/wp\/v2\/posts\/163428"}],"collection":[{"href":"https:\/\/arantv.az\/index.php?rest_route=\/wp\/v2\/posts"}],"about":[{"href":"https:\/\/arantv.az\/index.php?rest_route=\/wp\/v2\/types\/post"}],"author":[{"embeddable":true,"href":"https:\/\/arantv.az\/index.php?rest_route=\/wp\/v2\/users\/2"}],"replies":[{"embeddable":true,"href":"https:\/\/arantv.az\/index.php?rest_route=%2Fwp%2Fv2%2Fcomments&post=163428"}],"version-history":[{"count":0,"href":"https:\/\/arantv.az\/index.php?rest_route=\/wp\/v2\/posts\/163428\/revisions"}],"wp:featuredmedia":[{"embeddable":true,"href":"https:\/\/arantv.az\/index.php?rest_route=\/wp\/v2\/media\/163429"}],"wp:attachment":[{"href":"https:\/\/arantv.az\/index.php?rest_route=%2Fwp%2Fv2%2Fmedia&parent=163428"}],"wp:term":[{"taxonomy":"category","embeddable":true,"href":"https:\/\/arantv.az\/index.php?rest_route=%2Fwp%2Fv2%2Fcategories&post=163428"},{"taxonomy":"post_tag","embeddable":true,"href":"https:\/\/arantv.az\/index.php?rest_route=%2Fwp%2Fv2%2Ftags&post=163428"}],"curies":[{"name":"wp","href":"https:\/\/api.w.org\/{rel}","templated":true}]}}