{"id":163432,"date":"2020-05-11T15:56:33","date_gmt":"2020-05-11T12:56:33","guid":{"rendered":"http:\/\/arantv.az\/?p=163432"},"modified":"2020-05-11T15:56:33","modified_gmt":"2020-05-11T12:56:33","slug":"baki-metrosundan-c%c9%99rim%c9%99l%c9%99rl%c9%99-bagli-aciqlama","status":"publish","type":"post","link":"https:\/\/arantv.az\/?p=163432","title":{"rendered":"Bak\u0131 metrosundan c\u0259rim\u0259l\u0259rl\u0259 ba\u011fl\u0131 &#8211; A\u00c7IQLAMA"},"content":{"rendered":"<p>&#8220;B\u0259zi s\u0259rni\u015finl\u0259r tibbi maskan\u0131 metronun giri\u015find\u0259 tax\u0131rlar, lakin vaqona daxil olduqda \u00e7\u0131xar\u0131rlar&#8221;.<\/p>\n<p><strong>ARANTV.AZ\u00a0<\/strong> &#8220;report&#8221;a istinad\u0259n x\u0259b\u0259r verir ki, bu bar\u0259d\u0259 &#8220;Bak\u0131 Metropoliteni&#8221; QSC-nin h\u0259r\u0259k\u0259t xidm\u0259tinin r\u0259isi Etibar \u0130sayev bildirib.<\/p>\n<p>Onun s\u00f6zl\u0259rin\u0259 g\u00f6r\u0259, c\u0259rim\u0259l\u0259nm\u0259ni polis h\u0259yata ke\u00e7irir, onlar\u0131n s\u0259lahiyy\u0259tidir:<\/p>\n<p>&#8220;Lakin bizd\u0259 c\u0259rim\u0259l\u0259nm\u0259y\u0259 ehtiyac yaranmay\u0131b.<\/p>\n<div id=\"AdviadNativeVideo0\" class=\"AdviadNativeVideo\"><\/div>\n<p>May\u0131n 9-da bir s\u0259rni\u015fin metronun &#8220;20 Yanvar&#8221; stansiyas\u0131nda tibbi maska taxmaq bar\u0259d\u0259 polisin g\u00f6st\u0259ri\u015fin\u0259 \u0259m\u0259l etm\u0259mi\u015fdi v\u0259 onunla m\u00fcbahis\u0259 etdiyin\u0259 g\u00f6r\u0259 h\u0259bs edilmi\u015fdi.<\/p>\n<p>H\u0259l\u0259 ba\u015fqa insident qeyd\u0259 al\u0131nmay\u0131b. Stansiyalarda b\u0259zi faktlar a\u015fkar edildikd\u0259, videom\u00fc\u015fahid\u0259 vasit\u0259si il\u0259 g\u00f6rd\u00fck ki, vaqonun i\u00e7ind\u0259 b\u0259zi s\u0259rni\u015finl\u0259r maskan\u0131 \u00e7\u0131xar\u0131r, biz d\u0259rhal elan verm\u0259y\u0259 ba\u015flad\u0131q ki, maskan\u0131 \u00e7\u0131xartmay\u0131n&#8221;.<\/p>\n<p>Onun s\u00f6zl\u0259rin\u0259 g\u00f6r\u0259, metroda karantin qaydalar\u0131na \u0259m\u0259l edilm\u0259si q\u0259na\u0259tb\u0259x\u015fdir, g\u00f6zl\u0259diyimizd\u0259n d\u0259 yax\u015f\u0131d\u0131r.&#8221; Vaqonun i\u00e7ind\u0259 sosial m\u0259saf\u0259y\u0259 \u0259m\u0259l edilir&#8221;.<\/p>\n<p>E.\u0130sayev bildirib ki, bununla yana\u015f\u0131 qatarlarda kompleks v\u0259 cari dezinfeksiya i\u015fl\u0259ri apar\u0131l\u0131r.<\/p>\n<p>Xat\u0131rladaq ki, Nazirl\u0259r Kabineti yan\u0131nda Operativ Q\u0259rargah\u0131n q\u0259bul etdiyi q\u0259rara \u0259sas\u0259n, may\u0131n 9-u saat 06:00-dan &#8220;Bak\u0131 Metropoliteni&#8221; QSC-nin s\u0259rni\u015finda\u015f\u0131ma f\u0259aliyy\u0259ti b\u0259rpa edilib.<\/p>\n","protected":false},"excerpt":{"rendered":"<p>&#8220;B\u0259zi s\u0259rni\u015finl\u0259r tibbi maskan\u0131 metronun giri\u015find\u0259 tax\u0131rlar, lakin vaqona daxil olduqda \u00e7\u0131xar\u0131rlar&#8221;. ARANTV.AZ\u00a0 &#8220;report&#8221;a istinad\u0259n x\u0259b\u0259r verir ki, bu bar\u0259d\u0259 &#8220;Bak\u0131 Metropoliteni&#8221; QSC-nin h\u0259r\u0259k\u0259t xidm\u0259tinin r\u0259isi Etibar \u0130sayev bildirib. Onun s\u00f6zl\u0259rin\u0259 g\u00f6r\u0259, c\u0259rim\u0259l\u0259nm\u0259ni polis h\u0259yata ke\u00e7irir, onlar\u0131n s\u0259lahiyy\u0259tidir: &#8220;Lakin bizd\u0259 c\u0259rim\u0259l\u0259nm\u0259y\u0259 ehtiyac yaranmay\u0131b. May\u0131n 9-da bir s\u0259rni\u015fin metronun &#8220;20 Yanvar&#8221; stansiyas\u0131nda tibbi maska taxmaq bar\u0259d\u0259 polisin g\u00f6st\u0259ri\u015fin\u0259 \u0259m\u0259l etm\u0259mi\u015fdi v\u0259 onunla m\u00fcbahis\u0259 etdiyin\u0259 g\u00f6r\u0259 h\u0259bs edilmi\u015fdi. H\u0259l\u0259 ba\u015fqa insident qeyd\u0259 al\u0131nmay\u0131b. Stansiyalarda b\u0259zi faktlar a\u015fkar edildikd\u0259, videom\u00fc\u015fahid\u0259 vasit\u0259si il\u0259 g\u00f6rd\u00fck ki, vaqonun i\u00e7ind\u0259 b\u0259zi s\u0259rni\u015finl\u0259r maskan\u0131 \u00e7\u0131xar\u0131r, biz d\u0259rhal elan&hellip;<\/p>\n","protected":false},"author":2,"featured_media":163433,"comment_status":"closed","ping_status":"closed","sticky":false,"template":"","format":"standard","meta":{"om_disable_all_campaigns":false,"_monsterinsights_skip_tracking":false,"_monsterinsights_sitenote_active":false,"_monsterinsights_sitenote_note":"","_monsterinsights_sitenote_category":0},"categories":[26],"tags":[],"aioseo_notices":[],"gutentor_comment":0,"rttpg_featured_image_url":{"full":["https:\/\/arantv.az\/wp-content\/uploads\/2020\/05\/75eb5359ca1a7b.jpg",650,351,false],"landscape":["https:\/\/arantv.az\/wp-content\/uploads\/2020\/05\/75eb5359ca1a7b.jpg",650,351,false],"portraits":["https:\/\/arantv.az\/wp-content\/uploads\/2020\/05\/75eb5359ca1a7b.jpg",650,351,false],"thumbnail":["https:\/\/arantv.az\/wp-content\/uploads\/2020\/05\/75eb5359ca1a7b-150x150.jpg",150,150,true],"medium":["https:\/\/arantv.az\/wp-content\/uploads\/2020\/05\/75eb5359ca1a7b-300x162.jpg",300,162,true],"large":["https:\/\/arantv.az\/wp-content\/uploads\/2020\/05\/75eb5359ca1a7b.jpg",640,346,false],"1536x1536":["https:\/\/arantv.az\/wp-content\/uploads\/2020\/05\/75eb5359ca1a7b.jpg",650,351,false],"2048x2048":["https:\/\/arantv.az\/wp-content\/uploads\/2020\/05\/75eb5359ca1a7b.jpg",650,351,false],"post-thumbnail":["https:\/\/arantv.az\/wp-content\/uploads\/2020\/05\/75eb5359ca1a7b-240x172.jpg",240,172,true],"advps-thumb-one":["https:\/\/arantv.az\/wp-content\/uploads\/2020\/05\/75eb5359ca1a7b.jpg",650,351,false]},"rttpg_author":{"display_name":"V\u00fcsal Rafiqo\u011flu","author_link":"https:\/\/arantv.az\/?author=2"},"rttpg_comment":0,"rttpg_category":"<a href=\"https:\/\/arantv.az\/?cat=26\" rel=\"category\">Sosial<\/a>","rttpg_excerpt":"&#8220;B\u0259zi s\u0259rni\u015finl\u0259r tibbi maskan\u0131 metronun giri\u015find\u0259 tax\u0131rlar, lakin vaqona daxil olduqda \u00e7\u0131xar\u0131rlar&#8221;. ARANTV.AZ\u00a0 &#8220;report&#8221;a istinad\u0259n x\u0259b\u0259r verir ki, bu bar\u0259d\u0259 &#8220;Bak\u0131 Metropoliteni&#8221; QSC-nin h\u0259r\u0259k\u0259t xidm\u0259tinin r\u0259isi Etibar \u0130sayev bildirib. Onun s\u00f6zl\u0259rin\u0259 g\u00f6r\u0259, c\u0259rim\u0259l\u0259nm\u0259ni polis h\u0259yata ke\u00e7irir, onlar\u0131n s\u0259lahiyy\u0259tidir: &#8220;Lakin bizd\u0259 c\u0259rim\u0259l\u0259nm\u0259y\u0259 ehtiyac yaranmay\u0131b. May\u0131n 9-da bir s\u0259rni\u015fin metronun &#8220;20 Yanvar&#8221; stansiyas\u0131nda tibbi maska taxmaq bar\u0259d\u0259&hellip;","_links":{"self":[{"href":"https:\/\/arantv.az\/index.php?rest_route=\/wp\/v2\/posts\/163432"}],"collection":[{"href":"https:\/\/arantv.az\/index.php?rest_route=\/wp\/v2\/posts"}],"about":[{"href":"https:\/\/arantv.az\/index.php?rest_route=\/wp\/v2\/types\/post"}],"author":[{"embeddable":true,"href":"https:\/\/arantv.az\/index.php?rest_route=\/wp\/v2\/users\/2"}],"replies":[{"embeddable":true,"href":"https:\/\/arantv.az\/index.php?rest_route=%2Fwp%2Fv2%2Fcomments&post=163432"}],"version-history":[{"count":0,"href":"https:\/\/arantv.az\/index.php?rest_route=\/wp\/v2\/posts\/163432\/revisions"}],"wp:featuredmedia":[{"embeddable":true,"href":"https:\/\/arantv.az\/index.php?rest_route=\/wp\/v2\/media\/163433"}],"wp:attachment":[{"href":"https:\/\/arantv.az\/index.php?rest_route=%2Fwp%2Fv2%2Fmedia&parent=163432"}],"wp:term":[{"taxonomy":"category","embeddable":true,"href":"https:\/\/arantv.az\/index.php?rest_route=%2Fwp%2Fv2%2Fcategories&post=163432"},{"taxonomy":"post_tag","embeddable":true,"href":"https:\/\/arantv.az\/index.php?rest_route=%2Fwp%2Fv2%2Ftags&post=163432"}],"curies":[{"name":"wp","href":"https:\/\/api.w.org\/{rel}","templated":true}]}}