{"id":163436,"date":"2020-05-11T15:57:33","date_gmt":"2020-05-11T12:57:33","guid":{"rendered":"http:\/\/arantv.az\/?p=163436"},"modified":"2020-05-11T15:57:33","modified_gmt":"2020-05-11T12:57:33","slug":"g%c9%99d%c9%99b%c9%99yd%c9%99-polis-%c9%99m%c9%99kdaslari-sakinl%c9%99r%c9%99-maska-payladi-foto","status":"publish","type":"post","link":"https:\/\/arantv.az\/?p=163436","title":{"rendered":"G\u0259d\u0259b\u0259yd\u0259 polis \u0259m\u0259kda\u015flar\u0131 sakinl\u0259r\u0259 maska paylad\u0131 &#8211; FOTO"},"content":{"rendered":"<p>G\u0259d\u0259b\u0259yd\u0259 polis \u0259m\u0259kda\u015flar\u0131 sakinl\u0259r\u0259 maska paylay\u0131b.<\/p>\n<p>Bununla ba\u011fl\u0131 Daxili \u0130\u015fl\u0259r Nazirliyinin M\u0259tbuat Xidm\u0259tinin G\u0259nc\u0259 regional qrupu m\u0259lumat yay\u0131b.<\/p>\n<div id=\"AdviadNativeVideo0\" class=\"AdviadNativeVideo\"><\/div>\n<p>Bildirilib ki, karantin rejiminin qaydalar\u0131na riay\u0259t olunmas\u0131 m\u0259qs\u0259dil\u0259 G\u0259d\u0259b\u0259y\u00a0Rayon Polis \u015e\u00f6b\u0259sinin \u0259m\u0259kda\u015flar\u0131 rayon \u0259razisind\u0259 insanlar\u0131n s\u0131x topla\u015fd\u0131\u011f\u0131 bank, po\u00e7t m\u0259nt\u0259q\u0259l\u0259rinin v\u0259 dig\u0259r idar\u0259l\u0259rin qar\u015f\u0131s\u0131nda sosial m\u0259saf\u0259nin t\u0259min olunmas\u0131na n\u0259zar\u0259t edir.<\/p>\n<p>Polis \u0259m\u0259kda\u015flar\u0131 sakinl\u0259r\u0259\u00a0x\u00fcsusi karantin rejiminin t\u0259l\u0259bl\u0259rini izah edib, ara m\u0259saf\u0259sinin qorunmas\u0131n\u0131 xat\u0131rlad\u0131b v\u0259 onlara tibbi maska paylay\u0131blar.<\/p>\n<div class=\"gallery\">\n<div class=\"gallery-i\"><img src=\"https:\/\/cdn.oxu.az\/uploads\/W1siZiIsIjIwMjAvMDUvMTEvMTYvMTUvMzcvNWQyNWRhOGQtOGRmZi00MjdiLWE5OGMtZGFlNTkzY2JjZjE5LzI4OTA0M2FhLTNjMWUtNDRjYy05NTI5LThkNDI4MTc4Y2U5MC5qcGciXSxbInAiLCJlbmNvZGUiLCJqcGciLCItcXVhbGl0eSA4MCJdLFsicCIsInRodW1iIiwiNTkweDU5MFx1MDAzZSJdXQ?sha=a8f685de4b060df6\" alt=\"\" \/><\/p>\n<div class=\"gallery-i-caption\"><\/div>\n<\/div>\n<div class=\"gallery-i\"><img src=\"https:\/\/cdn.oxu.az\/uploads\/W1siZiIsIjIwMjAvMDUvMTEvMTYvMTUvMzcvZDA5OTA2MzQtMmVkNC00MjAwLTkzOWYtZmRmZTk1OGQwOWI5L2U4ODllZTlmLTRhMjctNDg4MC1hZmQyLTNkMjQzZjk1NjQ2Mi5qcGciXSxbInAiLCJlbmNvZGUiLCJqcGciLCItcXVhbGl0eSA4MCJdLFsicCIsInRodW1iIiwiNTkweDU5MFx1MDAzZSJdXQ?sha=bd627974d25d8da7\" alt=\"\" \/><\/div>\n<\/div>\n","protected":false},"excerpt":{"rendered":"<p>G\u0259d\u0259b\u0259yd\u0259 polis \u0259m\u0259kda\u015flar\u0131 sakinl\u0259r\u0259 maska paylay\u0131b. Bununla ba\u011fl\u0131 Daxili \u0130\u015fl\u0259r Nazirliyinin M\u0259tbuat Xidm\u0259tinin G\u0259nc\u0259 regional qrupu m\u0259lumat yay\u0131b. Bildirilib ki, karantin rejiminin qaydalar\u0131na riay\u0259t olunmas\u0131 m\u0259qs\u0259dil\u0259 G\u0259d\u0259b\u0259y\u00a0Rayon Polis \u015e\u00f6b\u0259sinin \u0259m\u0259kda\u015flar\u0131 rayon \u0259razisind\u0259 insanlar\u0131n s\u0131x topla\u015fd\u0131\u011f\u0131 bank, po\u00e7t m\u0259nt\u0259q\u0259l\u0259rinin v\u0259 dig\u0259r idar\u0259l\u0259rin qar\u015f\u0131s\u0131nda sosial m\u0259saf\u0259nin t\u0259min olunmas\u0131na n\u0259zar\u0259t edir. Polis \u0259m\u0259kda\u015flar\u0131 sakinl\u0259r\u0259\u00a0x\u00fcsusi karantin rejiminin t\u0259l\u0259bl\u0259rini izah edib, ara m\u0259saf\u0259sinin qorunmas\u0131n\u0131 xat\u0131rlad\u0131b v\u0259 onlara tibbi maska paylay\u0131blar.<\/p>\n","protected":false},"author":2,"featured_media":163437,"comment_status":"closed","ping_status":"closed","sticky":false,"template":"","format":"standard","meta":{"om_disable_all_campaigns":false,"_monsterinsights_skip_tracking":false,"_monsterinsights_sitenote_active":false,"_monsterinsights_sitenote_note":"","_monsterinsights_sitenote_category":0},"categories":[2],"tags":[],"aioseo_notices":[],"gutentor_comment":0,"rttpg_featured_image_url":{"full":["https:\/\/arantv.az\/wp-content\/uploads\/2020\/05\/b82340df-de88-421b-8883-39a0beae2f3a.jpg",620,350,false],"landscape":["https:\/\/arantv.az\/wp-content\/uploads\/2020\/05\/b82340df-de88-421b-8883-39a0beae2f3a.jpg",620,350,false],"portraits":["https:\/\/arantv.az\/wp-content\/uploads\/2020\/05\/b82340df-de88-421b-8883-39a0beae2f3a.jpg",620,350,false],"thumbnail":["https:\/\/arantv.az\/wp-content\/uploads\/2020\/05\/b82340df-de88-421b-8883-39a0beae2f3a-150x150.jpg",150,150,true],"medium":["https:\/\/arantv.az\/wp-content\/uploads\/2020\/05\/b82340df-de88-421b-8883-39a0beae2f3a-300x169.jpg",300,169,true],"large":["https:\/\/arantv.az\/wp-content\/uploads\/2020\/05\/b82340df-de88-421b-8883-39a0beae2f3a.jpg",620,350,false],"1536x1536":["https:\/\/arantv.az\/wp-content\/uploads\/2020\/05\/b82340df-de88-421b-8883-39a0beae2f3a.jpg",620,350,false],"2048x2048":["https:\/\/arantv.az\/wp-content\/uploads\/2020\/05\/b82340df-de88-421b-8883-39a0beae2f3a.jpg",620,350,false],"post-thumbnail":["https:\/\/arantv.az\/wp-content\/uploads\/2020\/05\/b82340df-de88-421b-8883-39a0beae2f3a-240x172.jpg",240,172,true],"advps-thumb-one":["https:\/\/arantv.az\/wp-content\/uploads\/2020\/05\/b82340df-de88-421b-8883-39a0beae2f3a.jpg",620,350,false]},"rttpg_author":{"display_name":"V\u00fcsal Rafiqo\u011flu","author_link":"https:\/\/arantv.az\/?author=2"},"rttpg_comment":0,"rttpg_category":"<a href=\"https:\/\/arantv.az\/?cat=2\" rel=\"category\">Region X\u0259b\u0259rl\u0259ri<\/a>","rttpg_excerpt":"G\u0259d\u0259b\u0259yd\u0259 polis \u0259m\u0259kda\u015flar\u0131 sakinl\u0259r\u0259 maska paylay\u0131b. Bununla ba\u011fl\u0131 Daxili \u0130\u015fl\u0259r Nazirliyinin M\u0259tbuat Xidm\u0259tinin G\u0259nc\u0259 regional qrupu m\u0259lumat yay\u0131b. Bildirilib ki, karantin rejiminin qaydalar\u0131na riay\u0259t olunmas\u0131 m\u0259qs\u0259dil\u0259 G\u0259d\u0259b\u0259y\u00a0Rayon Polis \u015e\u00f6b\u0259sinin \u0259m\u0259kda\u015flar\u0131 rayon \u0259razisind\u0259 insanlar\u0131n s\u0131x topla\u015fd\u0131\u011f\u0131 bank, po\u00e7t m\u0259nt\u0259q\u0259l\u0259rinin v\u0259 dig\u0259r idar\u0259l\u0259rin qar\u015f\u0131s\u0131nda sosial m\u0259saf\u0259nin t\u0259min olunmas\u0131na n\u0259zar\u0259t edir. Polis \u0259m\u0259kda\u015flar\u0131 sakinl\u0259r\u0259\u00a0x\u00fcsusi karantin rejiminin t\u0259l\u0259bl\u0259rini izah&hellip;","_links":{"self":[{"href":"https:\/\/arantv.az\/index.php?rest_route=\/wp\/v2\/posts\/163436"}],"collection":[{"href":"https:\/\/arantv.az\/index.php?rest_route=\/wp\/v2\/posts"}],"about":[{"href":"https:\/\/arantv.az\/index.php?rest_route=\/wp\/v2\/types\/post"}],"author":[{"embeddable":true,"href":"https:\/\/arantv.az\/index.php?rest_route=\/wp\/v2\/users\/2"}],"replies":[{"embeddable":true,"href":"https:\/\/arantv.az\/index.php?rest_route=%2Fwp%2Fv2%2Fcomments&post=163436"}],"version-history":[{"count":0,"href":"https:\/\/arantv.az\/index.php?rest_route=\/wp\/v2\/posts\/163436\/revisions"}],"wp:featuredmedia":[{"embeddable":true,"href":"https:\/\/arantv.az\/index.php?rest_route=\/wp\/v2\/media\/163437"}],"wp:attachment":[{"href":"https:\/\/arantv.az\/index.php?rest_route=%2Fwp%2Fv2%2Fmedia&parent=163436"}],"wp:term":[{"taxonomy":"category","embeddable":true,"href":"https:\/\/arantv.az\/index.php?rest_route=%2Fwp%2Fv2%2Fcategories&post=163436"},{"taxonomy":"post_tag","embeddable":true,"href":"https:\/\/arantv.az\/index.php?rest_route=%2Fwp%2Fv2%2Ftags&post=163436"}],"curies":[{"name":"wp","href":"https:\/\/api.w.org\/{rel}","templated":true}]}}