{"id":163464,"date":"2020-05-11T16:23:32","date_gmt":"2020-05-11T13:23:32","guid":{"rendered":"http:\/\/arantv.az\/?p=163464"},"modified":"2020-05-11T16:23:32","modified_gmt":"2020-05-11T13:23:32","slug":"az%c9%99rbaycanli-diaspor-f%c9%99allari-ail%c9%99likc%c9%99-koronavirusa-yoluxdular-r%c9%99smi","status":"publish","type":"post","link":"https:\/\/arantv.az\/?p=163464","title":{"rendered":"Az\u0259rbaycanl\u0131 diaspor f\u0259allar\u0131 ail\u0259likc\u0259 koronavirusa yoluxdular &#8211; R\u018fSM\u0130"},"content":{"rendered":"<p>\u201cXaricd\u0259 ya\u015fayan diaspor f\u0259allar\u0131 aras\u0131nda\u00a0ail\u0259likc\u0259 koronavirusa yoluxanlar var\u201d.<\/p>\n<p><b>ARANTV.AZ<\/b>-\u0131n m\u0259lumat\u0131na g\u00f6r\u0259, bunu Diasporla \u0130\u015f \u00fczr\u0259 D\u00f6vl\u0259t Komit\u0259sinin m\u0259tbuat katibi V\u0259sil\u0259 Vahidq\u0131z\u0131 bildirib.<\/p>\n<p>Onun s\u00f6zl\u0259rin\u0259 g\u00f6r\u0259, h\u0259r g\u00fcn Komit\u0259 t\u0259r\u0259find\u0259n h\u0259min \u015f\u0259xsl\u0259rin g\u00fcnd\u0259lik v\u0259ziyy\u0259ti, ehtiyaclar\u0131 \u00f6yr\u0259nilir.<\/p>\n<div id=\"AdviadNativeVideo0\" class=\"AdviadNativeVideo\"><\/div>\n<p>V.Vahidq\u0131z\u0131 qeyd edib ki, m\u00fcxt\u0259lif \u00f6lk\u0259l\u0259rd\u0259 ya\u015fayan diaspor f\u0259allar\u0131 aras\u0131nda koronavirusa yoluxanlar var:<\/p>\n<p>\u201cOnlar Macar\u0131stan, Yunan\u0131stan, Fransa, AB\u015e, Ukrayna v\u0259 dig\u0259r \u00f6lk\u0259l\u0259rd\u0259n olan f\u0259allar\u0131m\u0131zd\u0131r. H\u0259min \u015f\u0259xsl\u0259rd\u0259n sa\u011falanlar da var\u201d.Oxu.Az<\/p>\n","protected":false},"excerpt":{"rendered":"<p>\u201cXaricd\u0259 ya\u015fayan diaspor f\u0259allar\u0131 aras\u0131nda\u00a0ail\u0259likc\u0259 koronavirusa yoluxanlar var\u201d. ARANTV.AZ-\u0131n m\u0259lumat\u0131na g\u00f6r\u0259, bunu Diasporla \u0130\u015f \u00fczr\u0259 D\u00f6vl\u0259t Komit\u0259sinin m\u0259tbuat katibi V\u0259sil\u0259 Vahidq\u0131z\u0131 bildirib. Onun s\u00f6zl\u0259rin\u0259 g\u00f6r\u0259, h\u0259r g\u00fcn Komit\u0259 t\u0259r\u0259find\u0259n h\u0259min \u015f\u0259xsl\u0259rin g\u00fcnd\u0259lik v\u0259ziyy\u0259ti, ehtiyaclar\u0131 \u00f6yr\u0259nilir. V.Vahidq\u0131z\u0131 qeyd edib ki, m\u00fcxt\u0259lif \u00f6lk\u0259l\u0259rd\u0259 ya\u015fayan diaspor f\u0259allar\u0131 aras\u0131nda koronavirusa yoluxanlar var: \u201cOnlar Macar\u0131stan, Yunan\u0131stan, Fransa, AB\u015e, Ukrayna v\u0259 dig\u0259r \u00f6lk\u0259l\u0259rd\u0259n olan f\u0259allar\u0131m\u0131zd\u0131r. H\u0259min \u015f\u0259xsl\u0259rd\u0259n sa\u011falanlar da var\u201d.Oxu.Az<\/p>\n","protected":false},"author":2,"featured_media":163465,"comment_status":"closed","ping_status":"closed","sticky":false,"template":"","format":"standard","meta":{"om_disable_all_campaigns":false,"_monsterinsights_skip_tracking":false,"_monsterinsights_sitenote_active":false,"_monsterinsights_sitenote_note":"","_monsterinsights_sitenote_category":0},"categories":[26],"tags":[],"aioseo_notices":[],"gutentor_comment":0,"rttpg_featured_image_url":{"full":["https:\/\/arantv.az\/wp-content\/uploads\/2020\/05\/korona-1.jpg",620,413,false],"landscape":["https:\/\/arantv.az\/wp-content\/uploads\/2020\/05\/korona-1.jpg",620,413,false],"portraits":["https:\/\/arantv.az\/wp-content\/uploads\/2020\/05\/korona-1.jpg",620,413,false],"thumbnail":["https:\/\/arantv.az\/wp-content\/uploads\/2020\/05\/korona-1-150x150.jpg",150,150,true],"medium":["https:\/\/arantv.az\/wp-content\/uploads\/2020\/05\/korona-1-300x200.jpg",300,200,true],"large":["https:\/\/arantv.az\/wp-content\/uploads\/2020\/05\/korona-1.jpg",620,413,false],"1536x1536":["https:\/\/arantv.az\/wp-content\/uploads\/2020\/05\/korona-1.jpg",620,413,false],"2048x2048":["https:\/\/arantv.az\/wp-content\/uploads\/2020\/05\/korona-1.jpg",620,413,false],"post-thumbnail":["https:\/\/arantv.az\/wp-content\/uploads\/2020\/05\/korona-1-240x172.jpg",240,172,true],"advps-thumb-one":["https:\/\/arantv.az\/wp-content\/uploads\/2020\/05\/korona-1.jpg",620,413,false]},"rttpg_author":{"display_name":"V\u00fcsal Rafiqo\u011flu","author_link":"https:\/\/arantv.az\/?author=2"},"rttpg_comment":0,"rttpg_category":"<a href=\"https:\/\/arantv.az\/?cat=26\" rel=\"category\">Sosial<\/a>","rttpg_excerpt":"\u201cXaricd\u0259 ya\u015fayan diaspor f\u0259allar\u0131 aras\u0131nda\u00a0ail\u0259likc\u0259 koronavirusa yoluxanlar var\u201d. ARANTV.AZ-\u0131n m\u0259lumat\u0131na g\u00f6r\u0259, bunu Diasporla \u0130\u015f \u00fczr\u0259 D\u00f6vl\u0259t Komit\u0259sinin m\u0259tbuat katibi V\u0259sil\u0259 Vahidq\u0131z\u0131 bildirib. Onun s\u00f6zl\u0259rin\u0259 g\u00f6r\u0259, h\u0259r g\u00fcn Komit\u0259 t\u0259r\u0259find\u0259n h\u0259min \u015f\u0259xsl\u0259rin g\u00fcnd\u0259lik v\u0259ziyy\u0259ti, ehtiyaclar\u0131 \u00f6yr\u0259nilir. V.Vahidq\u0131z\u0131 qeyd edib ki, m\u00fcxt\u0259lif \u00f6lk\u0259l\u0259rd\u0259 ya\u015fayan diaspor f\u0259allar\u0131 aras\u0131nda koronavirusa yoluxanlar var: \u201cOnlar Macar\u0131stan, Yunan\u0131stan, Fransa, AB\u015e, Ukrayna v\u0259&hellip;","_links":{"self":[{"href":"https:\/\/arantv.az\/index.php?rest_route=\/wp\/v2\/posts\/163464"}],"collection":[{"href":"https:\/\/arantv.az\/index.php?rest_route=\/wp\/v2\/posts"}],"about":[{"href":"https:\/\/arantv.az\/index.php?rest_route=\/wp\/v2\/types\/post"}],"author":[{"embeddable":true,"href":"https:\/\/arantv.az\/index.php?rest_route=\/wp\/v2\/users\/2"}],"replies":[{"embeddable":true,"href":"https:\/\/arantv.az\/index.php?rest_route=%2Fwp%2Fv2%2Fcomments&post=163464"}],"version-history":[{"count":0,"href":"https:\/\/arantv.az\/index.php?rest_route=\/wp\/v2\/posts\/163464\/revisions"}],"wp:featuredmedia":[{"embeddable":true,"href":"https:\/\/arantv.az\/index.php?rest_route=\/wp\/v2\/media\/163465"}],"wp:attachment":[{"href":"https:\/\/arantv.az\/index.php?rest_route=%2Fwp%2Fv2%2Fmedia&parent=163464"}],"wp:term":[{"taxonomy":"category","embeddable":true,"href":"https:\/\/arantv.az\/index.php?rest_route=%2Fwp%2Fv2%2Fcategories&post=163464"},{"taxonomy":"post_tag","embeddable":true,"href":"https:\/\/arantv.az\/index.php?rest_route=%2Fwp%2Fv2%2Ftags&post=163464"}],"curies":[{"name":"wp","href":"https:\/\/api.w.org\/{rel}","templated":true}]}}