{"id":163483,"date":"2020-05-11T22:42:20","date_gmt":"2020-05-11T19:42:20","guid":{"rendered":"http:\/\/arantv.az\/?p=163483"},"modified":"2020-05-11T22:42:20","modified_gmt":"2020-05-11T19:42:20","slug":"asim-mollazad%c9%99-nikol-pasinyanin-babasinin-ss-%c9%99-xidm%c9%99ti-erm%c9%99nil%c9%99rin-fasizm-rejiminin-t%c9%99r%c9%99fdari-olmasinin-subutudur","status":"publish","type":"post","link":"https:\/\/arantv.az\/?p=163483","title":{"rendered":"Asim Mollazad\u0259: Nikol Pa\u015finyan\u0131n babas\u0131n\u0131n SS-\u0259 xidm\u0259ti erm\u0259nil\u0259rin fa\u015fizm rejiminin t\u0259r\u0259fdar\u0131 olmas\u0131n\u0131n s\u00fcbutudur"},"content":{"rendered":"<p>Erm\u0259nistan\u0131n ba\u015f nazirinin babas\u0131 Nikol Pa\u015finyan\u0131n SS-\u0259 xidm\u0259t etm\u0259si bar\u0259d\u0259 m\u0259lumatlar\u0131n \u00fcz\u0259 \u00e7\u0131xmas\u0131 bir daha onu g\u00f6st\u0259rir ki, erm\u0259nil\u0259rin \u0259ks\u0259riyy\u0259ti h\u0259l\u0259 o zaman fa\u015fizm rejiminin t\u0259r\u0259fdar\u0131 olub v\u0259 onu d\u0259st\u0259kl\u0259yibl\u0259r.<\/p>\n<p><strong>ARANTV.AZ<\/strong> bildirir ki, bunu\u00a0<a href=\"http:\/\/az.trend.az\/\" target=\"_blank\" rel=\"noopener\">Trend<\/a>-\u0259 Milli M\u0259clisin deputat\u0131 Asim Mollazad\u0259 deyib.<\/p>\n<p>Onun s\u00f6zl\u0259rin\u0259 g\u00f6r\u0259, fa\u015fizm rejiminin t\u00f6r\u0259tdikl\u0259rinin \u0259ks\u0259riyy\u0259ti insanl\u0131\u011fa qar\u015f\u0131 \u0259n a\u011f\u0131r cinay\u0259tl\u0259r olub. \u0130\u015f\u011fal edilmi\u015f \u0259razil\u0259rd\u0259 m\u00fclki \u0259halinin k\u00fctl\u0259vi \u015f\u0259kild\u0259 q\u0259tli m\u0259hz SS qo\u015funlar\u0131 t\u0259r\u0259find\u0259n h\u0259yata ke\u00e7irilib:<\/p>\n<p>&#8220;N\u0259z\u0259r\u0259 almaq laz\u0131md\u0131r ki, fa\u015fistl\u0259rin \u0259n qat\u0131 cinay\u0259tl\u0259rini t\u00f6r\u0259d\u0259nl\u0259r d\u0259 m\u0259hz SS-\u00e7il\u0259r olub. Bel\u0259 cinay\u0259tl\u0259ri yerin\u0259 yetir\u0259n Njde Qaregin v\u0259 &#8220;Dro&#8221; l\u0259q\u0259bi il\u0259 tan\u0131nan Drastamat Kanayan da erm\u0259ni olub v\u0259 onlar m\u0259hz SS-\u0259 xidm\u0259t edibl\u0259r. Amma erm\u0259ni cinay\u0259tkarlar\u0131 m\u0259hz Njde Qaregin\u0259 heyk\u0259l qoyublar. Bu, onlar\u0131n SS-\u0259 ita\u0259t etm\u0259l\u0259rinin, fa\u015fizmin cinay\u0259tl\u0259rini d\u0259st\u0259kl\u0259m\u0259l\u0259rinin bir n\u00fcmun\u0259sidir&#8221;.<\/p>\n<p>A.Mollazad\u0259 hesab edir ki, Erm\u0259nistan\u0131n ba\u015f naziri babas\u0131 Nikol Pa\u015finyan\u0131n da SS-d\u0259 xidm\u0259t etdiyin\u0259 g\u00f6r\u0259, Njde Qareginin heyk\u0259linin g\u00f6t\u00fcr\u00fclm\u0259sini ist\u0259mir.<\/p>\n<p>Deputat qeyd edib ki, bu il b\u00fct\u00fcn d\u00fcnya fa\u015fizm \u00fcz\u0259rind\u0259 q\u0259l\u0259b\u0259nin 75 illiyini qeyd edir. Lakin yegan\u0259 olaraq, Erm\u0259nistan v\u0259 erm\u0259nil\u0259r fa\u015fizmi d\u0259st\u0259kl\u0259dikl\u0259rini g\u00f6st\u0259r\u0259r\u0259k ona simvolik heyk\u0259ll\u0259r ucald\u0131rlar:<\/p>\n<p>&#8220;Bu, \u00f6z\u00fc-\u00f6zl\u00fcy\u00fcnd\u0259 onu g\u00f6st\u0259rir ki, fa\u015fizmin cinay\u0259tl\u0259ri erm\u0259nil\u0259r t\u0259r\u0259find\u0259n Az\u0259rbaycanda yenid\u0259n t\u0259krar olunub v\u0259 i\u015f\u011fal edilmi\u015f \u0259razil\u0259rimizd\u0259 m\u00fclki \u0259haliy\u0259 qar\u015f\u0131 \u00e7oxsayl\u0131 cinay\u0259tl\u0259r t\u00f6r\u0259dilib. Beyn\u0259lxalq ictimaiyy\u0259t yenid\u0259n SS-l\u0259 ba\u011fl\u0131 N\u00fcrinberq h\u0259rbi tribunal\u0131n\u0131n q\u0259rarlar\u0131n\u0131 d\u00fcnyaya xat\u0131rlatmal\u0131d\u0131r. Biz fa\u015fizm\u0259 &#8220;yox&#8221; dem\u0259liyik. Az\u0259rbaycan xalq\u0131 fa\u015fizml\u0259 m\u00fcbariz\u0259d\u0259 minl\u0259rl\u0259 v\u0259t\u0259nda\u015f\u0131n\u0131 qurban verib. Fa\u015fizm \u00fcz\u0259rind\u0259 q\u0259l\u0259b\u0259nin qazan\u0131lmas\u0131nda neft\u00e7il\u0259rimizin d\u0259 \u00e7ox b\u00f6y\u00fck rolu olub. M\u0259n\u0259 el\u0259 g\u0259lir ki, Az\u0259rbaycan \u0259razil\u0259rinin i\u015f\u011fal\u0131 v\u0259 i\u015f\u011fal edilmi\u015f \u0259razil\u0259rd\u0259ki m\u00fclki \u0259halinin \u00f6ld\u00fcr\u00fclm\u0259si d\u0259 SS t\u0259r\u0259find\u0259n bir qisasd\u0131r&#8221;.<\/p>\n<p>Qeyd ed\u0259k ki, Erm\u0259nistan K\u0130V-l\u0259ri t\u0259r\u0259find\u0259n apar\u0131lm\u0131\u015f ara\u015fd\u0131rma n\u0259tic\u0259sind\u0259 bu \u00f6lk\u0259nin ba\u015f naziri Nikol Pa\u015finyan\u0131n babas\u0131n\u0131n B\u00f6y\u00fck V\u0259t\u0259n m\u00fcharib\u0259si zaman\u0131 SS s\u0131ralar\u0131nda xidm\u0259t etdiyi m\u0259lum olub.<\/p>\n","protected":false},"excerpt":{"rendered":"<p>Erm\u0259nistan\u0131n ba\u015f nazirinin babas\u0131 Nikol Pa\u015finyan\u0131n SS-\u0259 xidm\u0259t etm\u0259si bar\u0259d\u0259 m\u0259lumatlar\u0131n \u00fcz\u0259 \u00e7\u0131xmas\u0131 bir daha onu g\u00f6st\u0259rir ki, erm\u0259nil\u0259rin \u0259ks\u0259riyy\u0259ti h\u0259l\u0259 o zaman fa\u015fizm rejiminin t\u0259r\u0259fdar\u0131 olub v\u0259 onu d\u0259st\u0259kl\u0259yibl\u0259r. ARANTV.AZ bildirir ki, bunu\u00a0Trend-\u0259 Milli M\u0259clisin deputat\u0131 Asim Mollazad\u0259 deyib. Onun s\u00f6zl\u0259rin\u0259 g\u00f6r\u0259, fa\u015fizm rejiminin t\u00f6r\u0259tdikl\u0259rinin \u0259ks\u0259riyy\u0259ti insanl\u0131\u011fa qar\u015f\u0131 \u0259n a\u011f\u0131r cinay\u0259tl\u0259r olub. \u0130\u015f\u011fal edilmi\u015f \u0259razil\u0259rd\u0259 m\u00fclki \u0259halinin k\u00fctl\u0259vi \u015f\u0259kild\u0259 q\u0259tli m\u0259hz SS qo\u015funlar\u0131 t\u0259r\u0259find\u0259n h\u0259yata ke\u00e7irilib: &#8220;N\u0259z\u0259r\u0259 almaq laz\u0131md\u0131r ki, fa\u015fistl\u0259rin \u0259n qat\u0131 cinay\u0259tl\u0259rini t\u00f6r\u0259d\u0259nl\u0259r d\u0259 m\u0259hz SS-\u00e7il\u0259r olub. Bel\u0259 cinay\u0259tl\u0259ri yerin\u0259 yetir\u0259n Njde Qaregin v\u0259 &#8220;Dro&#8221; l\u0259q\u0259bi il\u0259&hellip;<\/p>\n","protected":false},"author":2,"featured_media":163488,"comment_status":"closed","ping_status":"closed","sticky":false,"template":"","format":"standard","meta":{"om_disable_all_campaigns":false,"_monsterinsights_skip_tracking":false,"_monsterinsights_sitenote_active":false,"_monsterinsights_sitenote_note":"","_monsterinsights_sitenote_category":0},"categories":[19],"tags":[],"aioseo_notices":[],"gutentor_comment":0,"rttpg_featured_image_url":{"full":["https:\/\/arantv.az\/wp-content\/uploads\/2020\/05\/asim_mollazade_041.jpg",800,600,false],"landscape":["https:\/\/arantv.az\/wp-content\/uploads\/2020\/05\/asim_mollazade_041.jpg",800,600,false],"portraits":["https:\/\/arantv.az\/wp-content\/uploads\/2020\/05\/asim_mollazade_041.jpg",800,600,false],"thumbnail":["https:\/\/arantv.az\/wp-content\/uploads\/2020\/05\/asim_mollazade_041-150x150.jpg",150,150,true],"medium":["https:\/\/arantv.az\/wp-content\/uploads\/2020\/05\/asim_mollazade_041-300x225.jpg",300,225,true],"large":["https:\/\/arantv.az\/wp-content\/uploads\/2020\/05\/asim_mollazade_041.jpg",640,480,false],"1536x1536":["https:\/\/arantv.az\/wp-content\/uploads\/2020\/05\/asim_mollazade_041.jpg",800,600,false],"2048x2048":["https:\/\/arantv.az\/wp-content\/uploads\/2020\/05\/asim_mollazade_041.jpg",800,600,false],"post-thumbnail":["https:\/\/arantv.az\/wp-content\/uploads\/2020\/05\/asim_mollazade_041-240x172.jpg",240,172,true],"advps-thumb-one":["https:\/\/arantv.az\/wp-content\/uploads\/2020\/05\/asim_mollazade_041.jpg",800,600,false]},"rttpg_author":{"display_name":"V\u00fcsal Rafiqo\u011flu","author_link":"https:\/\/arantv.az\/?author=2"},"rttpg_comment":0,"rttpg_category":"<a href=\"https:\/\/arantv.az\/?cat=19\" rel=\"category\">G\u00fcnd\u0259m<\/a>","rttpg_excerpt":"Erm\u0259nistan\u0131n ba\u015f nazirinin babas\u0131 Nikol Pa\u015finyan\u0131n SS-\u0259 xidm\u0259t etm\u0259si bar\u0259d\u0259 m\u0259lumatlar\u0131n \u00fcz\u0259 \u00e7\u0131xmas\u0131 bir daha onu g\u00f6st\u0259rir ki, erm\u0259nil\u0259rin \u0259ks\u0259riyy\u0259ti h\u0259l\u0259 o zaman fa\u015fizm rejiminin t\u0259r\u0259fdar\u0131 olub v\u0259 onu d\u0259st\u0259kl\u0259yibl\u0259r. ARANTV.AZ bildirir ki, bunu\u00a0Trend-\u0259 Milli M\u0259clisin deputat\u0131 Asim Mollazad\u0259 deyib. Onun s\u00f6zl\u0259rin\u0259 g\u00f6r\u0259, fa\u015fizm rejiminin t\u00f6r\u0259tdikl\u0259rinin \u0259ks\u0259riyy\u0259ti insanl\u0131\u011fa qar\u015f\u0131 \u0259n a\u011f\u0131r cinay\u0259tl\u0259r olub. \u0130\u015f\u011fal edilmi\u015f&hellip;","_links":{"self":[{"href":"https:\/\/arantv.az\/index.php?rest_route=\/wp\/v2\/posts\/163483"}],"collection":[{"href":"https:\/\/arantv.az\/index.php?rest_route=\/wp\/v2\/posts"}],"about":[{"href":"https:\/\/arantv.az\/index.php?rest_route=\/wp\/v2\/types\/post"}],"author":[{"embeddable":true,"href":"https:\/\/arantv.az\/index.php?rest_route=\/wp\/v2\/users\/2"}],"replies":[{"embeddable":true,"href":"https:\/\/arantv.az\/index.php?rest_route=%2Fwp%2Fv2%2Fcomments&post=163483"}],"version-history":[{"count":0,"href":"https:\/\/arantv.az\/index.php?rest_route=\/wp\/v2\/posts\/163483\/revisions"}],"wp:featuredmedia":[{"embeddable":true,"href":"https:\/\/arantv.az\/index.php?rest_route=\/wp\/v2\/media\/163488"}],"wp:attachment":[{"href":"https:\/\/arantv.az\/index.php?rest_route=%2Fwp%2Fv2%2Fmedia&parent=163483"}],"wp:term":[{"taxonomy":"category","embeddable":true,"href":"https:\/\/arantv.az\/index.php?rest_route=%2Fwp%2Fv2%2Fcategories&post=163483"},{"taxonomy":"post_tag","embeddable":true,"href":"https:\/\/arantv.az\/index.php?rest_route=%2Fwp%2Fv2%2Ftags&post=163483"}],"curies":[{"name":"wp","href":"https:\/\/api.w.org\/{rel}","templated":true}]}}