{"id":163491,"date":"2020-05-11T22:43:23","date_gmt":"2020-05-11T19:43:23","guid":{"rendered":"http:\/\/arantv.az\/?p=163491"},"modified":"2020-05-11T22:43:23","modified_gmt":"2020-05-11T19:43:23","slug":"elman-n%c9%99sirov-pasinyanin-babasinin-fasistl%c9%99r%c9%99-xidm%c9%99t-etm%c9%99si-erm%c9%99nistanda-bu-ideologiyanin-t%c9%99bliginin-motivl%c9%99rind%c9%99ndir","status":"publish","type":"post","link":"https:\/\/arantv.az\/?p=163491","title":{"rendered":"Elman N\u0259sirov: Pa\u015finyan\u0131n babas\u0131n\u0131n fa\u015fistl\u0259r\u0259 xidm\u0259t etm\u0259si Erm\u0259nistanda bu ideologiyan\u0131n t\u0259bli\u011finin motivl\u0259rind\u0259ndir"},"content":{"rendered":"<p>Pa\u015finyan\u0131n babas\u0131n\u0131n fa\u015fistl\u0259r\u0259 xidm\u0259t etm\u0259si Erm\u0259nistanda bu ideologiyan\u0131n t\u0259bli\u011finin motivl\u0259rind\u0259ndir.<\/p>\n<p><strong>ARANTV.AZ<\/strong> bildirir ki, bunu\u00a0<a href=\"http:\/\/az.trend.az\/\" target=\"_blank\" rel=\"noopener\">Trend<\/a>-\u0259 Milli M\u0259clisin deputat\u0131 Elman N\u0259sirov deyib.<\/p>\n<p>Deputat xat\u0131rlad\u0131b ki, d\u00fcnya d\u00f6vl\u0259tl\u0259ri v\u0259 xalqlar\u0131n\u0131n fa\u015fizm \u00fcz\u0259rind\u0259 q\u0259l\u0259b\u0259nin 75 illiyini qeyd etdiyi bir vaxtda Erm\u0259nistan\u0131n ba\u015f naziri Nikol Pa\u015finyan\u0131n babas\u0131 Nikolay Vartanovi\u00e7 Pa\u015finyan\u0131n fa\u015fistl\u0259r\u0259 xidm\u0259t g\u00f6st\u0259rdiyi haqq\u0131nda t\u0259kzibedilm\u0259z faktlar \u00fcz\u0259 \u00e7\u0131x\u0131b. H\u0259min faktlar s\u00fcbut edir ki, Nikolay Vartanovi\u00e7 Pa\u015finyan fa\u015fistl\u0259rl\u0259 bir ba\u015fa \u0259laq\u0259d\u0259 olub v\u0259 onlara xidm\u0259t edib:<\/p>\n<p>&#8220;Fa\u015fizm \u00fcz\u0259rind\u0259 q\u0259l\u0259b\u0259nin 75 illiyi il\u0259 \u00fcst-\u00fcst\u0259 d\u00fc\u015f\u0259n bu hadis\u0259 \u00e7oxsayl\u0131 suallar yarad\u0131r. Art\u0131q m\u0259lum olur ki, Erm\u0259nistan\u0131n \u0259vv\u0259lki prezidenti Serj Sarkisyan fa\u015fistl\u0259rin \u0259lalt\u0131s\u0131 olan Njde Qaregin\u0259 6 metr h\u00fcnd\u00fcrl\u00fcy\u00fcnd\u0259 heyk\u0259l qoyub. Bug\u00fcnk\u00fc ba\u015f nazirin babas\u0131n\u0131n is\u0259 fa\u015fistl\u0259r\u0259 xidm\u0259t etm\u0259si art\u0131q faktlarla, s\u0259n\u0259dl\u0259rl\u0259 t\u0259sdiq olunub.<\/p>\n<p>B\u00fct\u00fcn bu faktlar ortaya \u00e7\u0131xd\u0131qdan sonra bu g\u00fcn Erm\u0259nistanda fa\u015fizmin q\u0259hr\u0259manla\u015fd\u0131r\u0131lmas\u0131n\u0131n, fa\u015fizm ideologiyas\u0131n\u0131n t\u0259bli\u011finin v\u0259 t\u0259\u015fviqinin motivl\u0259rini anlamaq daha asand\u0131r&#8221;.<\/p>\n<p>Xat\u0131rladaq ki, Erm\u0259nistan K\u0130V-l\u0259ri t\u0259r\u0259find\u0259n apar\u0131lm\u0131\u015f ara\u015fd\u0131rma n\u0259tic\u0259sind\u0259 m\u0259lum olub ki, bu \u00f6lk\u0259nin Ba\u015f naziri Nikol Pa\u015finyan\u0131n babas\u0131 B\u00f6y\u00fck V\u0259t\u0259n m\u00fcharib\u0259si zaman\u0131 SS s\u0131ralar\u0131nda xidm\u0259t edib.<\/p>\n","protected":false},"excerpt":{"rendered":"<p>Pa\u015finyan\u0131n babas\u0131n\u0131n fa\u015fistl\u0259r\u0259 xidm\u0259t etm\u0259si Erm\u0259nistanda bu ideologiyan\u0131n t\u0259bli\u011finin motivl\u0259rind\u0259ndir. ARANTV.AZ bildirir ki, bunu\u00a0Trend-\u0259 Milli M\u0259clisin deputat\u0131 Elman N\u0259sirov deyib. Deputat xat\u0131rlad\u0131b ki, d\u00fcnya d\u00f6vl\u0259tl\u0259ri v\u0259 xalqlar\u0131n\u0131n fa\u015fizm \u00fcz\u0259rind\u0259 q\u0259l\u0259b\u0259nin 75 illiyini qeyd etdiyi bir vaxtda Erm\u0259nistan\u0131n ba\u015f naziri Nikol Pa\u015finyan\u0131n babas\u0131 Nikolay Vartanovi\u00e7 Pa\u015finyan\u0131n fa\u015fistl\u0259r\u0259 xidm\u0259t g\u00f6st\u0259rdiyi haqq\u0131nda t\u0259kzibedilm\u0259z faktlar \u00fcz\u0259 \u00e7\u0131x\u0131b. H\u0259min faktlar s\u00fcbut edir ki, Nikolay Vartanovi\u00e7 Pa\u015finyan fa\u015fistl\u0259rl\u0259 bir ba\u015fa \u0259laq\u0259d\u0259 olub v\u0259 onlara xidm\u0259t edib: &#8220;Fa\u015fizm \u00fcz\u0259rind\u0259 q\u0259l\u0259b\u0259nin 75 illiyi il\u0259 \u00fcst-\u00fcst\u0259 d\u00fc\u015f\u0259n bu hadis\u0259 \u00e7oxsayl\u0131 suallar yarad\u0131r. Art\u0131q m\u0259lum olur ki, Erm\u0259nistan\u0131n \u0259vv\u0259lki prezidenti&hellip;<\/p>\n","protected":false},"author":2,"featured_media":163492,"comment_status":"closed","ping_status":"closed","sticky":false,"template":"","format":"standard","meta":{"om_disable_all_campaigns":false,"_monsterinsights_skip_tracking":false,"_monsterinsights_sitenote_active":false,"_monsterinsights_sitenote_note":"","_monsterinsights_sitenote_category":0},"categories":[19],"tags":[],"aioseo_notices":[],"gutentor_comment":0,"rttpg_featured_image_url":{"full":["https:\/\/arantv.az\/wp-content\/uploads\/2020\/05\/elman_nesirov_11.jpg",800,600,false],"landscape":["https:\/\/arantv.az\/wp-content\/uploads\/2020\/05\/elman_nesirov_11.jpg",800,600,false],"portraits":["https:\/\/arantv.az\/wp-content\/uploads\/2020\/05\/elman_nesirov_11.jpg",800,600,false],"thumbnail":["https:\/\/arantv.az\/wp-content\/uploads\/2020\/05\/elman_nesirov_11-150x150.jpg",150,150,true],"medium":["https:\/\/arantv.az\/wp-content\/uploads\/2020\/05\/elman_nesirov_11-300x225.jpg",300,225,true],"large":["https:\/\/arantv.az\/wp-content\/uploads\/2020\/05\/elman_nesirov_11.jpg",640,480,false],"1536x1536":["https:\/\/arantv.az\/wp-content\/uploads\/2020\/05\/elman_nesirov_11.jpg",800,600,false],"2048x2048":["https:\/\/arantv.az\/wp-content\/uploads\/2020\/05\/elman_nesirov_11.jpg",800,600,false],"post-thumbnail":["https:\/\/arantv.az\/wp-content\/uploads\/2020\/05\/elman_nesirov_11-240x172.jpg",240,172,true],"advps-thumb-one":["https:\/\/arantv.az\/wp-content\/uploads\/2020\/05\/elman_nesirov_11.jpg",800,600,false]},"rttpg_author":{"display_name":"V\u00fcsal Rafiqo\u011flu","author_link":"https:\/\/arantv.az\/?author=2"},"rttpg_comment":0,"rttpg_category":"<a href=\"https:\/\/arantv.az\/?cat=19\" rel=\"category\">G\u00fcnd\u0259m<\/a>","rttpg_excerpt":"Pa\u015finyan\u0131n babas\u0131n\u0131n fa\u015fistl\u0259r\u0259 xidm\u0259t etm\u0259si Erm\u0259nistanda bu ideologiyan\u0131n t\u0259bli\u011finin motivl\u0259rind\u0259ndir. ARANTV.AZ bildirir ki, bunu\u00a0Trend-\u0259 Milli M\u0259clisin deputat\u0131 Elman N\u0259sirov deyib. Deputat xat\u0131rlad\u0131b ki, d\u00fcnya d\u00f6vl\u0259tl\u0259ri v\u0259 xalqlar\u0131n\u0131n fa\u015fizm \u00fcz\u0259rind\u0259 q\u0259l\u0259b\u0259nin 75 illiyini qeyd etdiyi bir vaxtda Erm\u0259nistan\u0131n ba\u015f naziri Nikol Pa\u015finyan\u0131n babas\u0131 Nikolay Vartanovi\u00e7 Pa\u015finyan\u0131n fa\u015fistl\u0259r\u0259 xidm\u0259t g\u00f6st\u0259rdiyi haqq\u0131nda t\u0259kzibedilm\u0259z faktlar \u00fcz\u0259 \u00e7\u0131x\u0131b. H\u0259min faktlar&hellip;","_links":{"self":[{"href":"https:\/\/arantv.az\/index.php?rest_route=\/wp\/v2\/posts\/163491"}],"collection":[{"href":"https:\/\/arantv.az\/index.php?rest_route=\/wp\/v2\/posts"}],"about":[{"href":"https:\/\/arantv.az\/index.php?rest_route=\/wp\/v2\/types\/post"}],"author":[{"embeddable":true,"href":"https:\/\/arantv.az\/index.php?rest_route=\/wp\/v2\/users\/2"}],"replies":[{"embeddable":true,"href":"https:\/\/arantv.az\/index.php?rest_route=%2Fwp%2Fv2%2Fcomments&post=163491"}],"version-history":[{"count":0,"href":"https:\/\/arantv.az\/index.php?rest_route=\/wp\/v2\/posts\/163491\/revisions"}],"wp:featuredmedia":[{"embeddable":true,"href":"https:\/\/arantv.az\/index.php?rest_route=\/wp\/v2\/media\/163492"}],"wp:attachment":[{"href":"https:\/\/arantv.az\/index.php?rest_route=%2Fwp%2Fv2%2Fmedia&parent=163491"}],"wp:term":[{"taxonomy":"category","embeddable":true,"href":"https:\/\/arantv.az\/index.php?rest_route=%2Fwp%2Fv2%2Fcategories&post=163491"},{"taxonomy":"post_tag","embeddable":true,"href":"https:\/\/arantv.az\/index.php?rest_route=%2Fwp%2Fv2%2Ftags&post=163491"}],"curies":[{"name":"wp","href":"https:\/\/api.w.org\/{rel}","templated":true}]}}