{"id":163503,"date":"2020-05-11T22:49:30","date_gmt":"2020-05-11T19:49:30","guid":{"rendered":"http:\/\/arantv.az\/?p=163503"},"modified":"2020-05-11T22:49:30","modified_gmt":"2020-05-11T19:49:30","slug":"pandemiyanin-%c9%99n-cox-t%c9%99sir-etdiyi-insanlar-video","status":"publish","type":"post","link":"https:\/\/arantv.az\/?p=163503","title":{"rendered":"Pandemiyan\u0131n \u0259n \u00e7ox t\u0259sir etdiyi insanlar &#8211; V\u0130DEO"},"content":{"rendered":"<div class=\"news-content\">\n<div>\n<p><strong>Pandemiyan\u0131n bu v\u0259 ya dig\u0259r \u015f\u0259kild\u0259 \u0259n \u00e7ox t\u0259sir etdiyi insanlar ya\u015fl\u0131lard\u0131r.<\/strong><\/p>\n<p>S\u0259rtl\u0259\u015fdirilmi\u015f karantin rejimi ilk olaraq onlar \u00fc\u00e7\u00fcn t\u0259tbiq olundu. \u0130ki aydan \u00e7oxdur ki, evd\u0259n \u00e7\u00f6l\u0259 \u00e7\u0131xa bilm\u0259y\u0259n ah\u0131l insanlar evd\u0259 oturmaqdan yorulublar des\u0259k, yan\u0131lmar\u0131q. \u018fn \u00e7ox da t\u0259nha ya\u015fayan ya\u015fl\u0131 sakinl\u0259rimiz \u00e7\u0259tinlik \u00e7\u0259kirl\u0259r.<\/p>\n<p>Baku TV \u0259m\u0259kda\u015flar\u0131 ya\u015fl\u0131 insanlarla g\u00f6r\u00fc\u015f\u00fcb, onlar\u0131n probleml\u0259ri il\u0259 maraqlan\u0131blar.<\/p>\n<p>\u018ftrafl\u0131 videonu t\u0259qdim edirik:<\/p>\n<p><iframe loading=\"lazy\" src=\"https:\/\/baku.tv\/embed\/18478\" width=\"640\" height=\"360\" frameborder=\"0\" scrolling=\"no\" allowfullscreen=\"allowfullscreen\" data-mce-fragment=\"1\"><\/iframe><\/p>\n<\/div>\n<\/div>\n<div class=\"subs-in-social subs-telegram\">\n<div class=\"icon\"><\/div>\n<\/div>\n","protected":false},"excerpt":{"rendered":"<p>Pandemiyan\u0131n bu v\u0259 ya dig\u0259r \u015f\u0259kild\u0259 \u0259n \u00e7ox t\u0259sir etdiyi insanlar ya\u015fl\u0131lard\u0131r. S\u0259rtl\u0259\u015fdirilmi\u015f karantin rejimi ilk olaraq onlar \u00fc\u00e7\u00fcn t\u0259tbiq olundu. \u0130ki aydan \u00e7oxdur ki, evd\u0259n \u00e7\u00f6l\u0259 \u00e7\u0131xa bilm\u0259y\u0259n ah\u0131l insanlar evd\u0259 oturmaqdan yorulublar des\u0259k, yan\u0131lmar\u0131q. \u018fn \u00e7ox da t\u0259nha ya\u015fayan ya\u015fl\u0131 sakinl\u0259rimiz \u00e7\u0259tinlik \u00e7\u0259kirl\u0259r. Baku TV \u0259m\u0259kda\u015flar\u0131 ya\u015fl\u0131 insanlarla g\u00f6r\u00fc\u015f\u00fcb, onlar\u0131n probleml\u0259ri il\u0259 maraqlan\u0131blar. \u018ftrafl\u0131 videonu t\u0259qdim edirik:<\/p>\n","protected":false},"author":2,"featured_media":163504,"comment_status":"closed","ping_status":"closed","sticky":false,"template":"","format":"standard","meta":{"om_disable_all_campaigns":false,"_monsterinsights_skip_tracking":false,"_monsterinsights_sitenote_active":false,"_monsterinsights_sitenote_note":"","_monsterinsights_sitenote_category":0},"categories":[19],"tags":[],"aioseo_notices":[],"gutentor_comment":0,"rttpg_featured_image_url":{"full":["https:\/\/arantv.az\/wp-content\/uploads\/2020\/05\/0381d14243e414262e23cfeb849efbd6.jpg",450,300,false],"landscape":["https:\/\/arantv.az\/wp-content\/uploads\/2020\/05\/0381d14243e414262e23cfeb849efbd6.jpg",450,300,false],"portraits":["https:\/\/arantv.az\/wp-content\/uploads\/2020\/05\/0381d14243e414262e23cfeb849efbd6.jpg",450,300,false],"thumbnail":["https:\/\/arantv.az\/wp-content\/uploads\/2020\/05\/0381d14243e414262e23cfeb849efbd6-150x150.jpg",150,150,true],"medium":["https:\/\/arantv.az\/wp-content\/uploads\/2020\/05\/0381d14243e414262e23cfeb849efbd6-300x200.jpg",300,200,true],"large":["https:\/\/arantv.az\/wp-content\/uploads\/2020\/05\/0381d14243e414262e23cfeb849efbd6.jpg",450,300,false],"1536x1536":["https:\/\/arantv.az\/wp-content\/uploads\/2020\/05\/0381d14243e414262e23cfeb849efbd6.jpg",450,300,false],"2048x2048":["https:\/\/arantv.az\/wp-content\/uploads\/2020\/05\/0381d14243e414262e23cfeb849efbd6.jpg",450,300,false],"post-thumbnail":["https:\/\/arantv.az\/wp-content\/uploads\/2020\/05\/0381d14243e414262e23cfeb849efbd6-240x172.jpg",240,172,true],"advps-thumb-one":["https:\/\/arantv.az\/wp-content\/uploads\/2020\/05\/0381d14243e414262e23cfeb849efbd6.jpg",450,300,false]},"rttpg_author":{"display_name":"V\u00fcsal Rafiqo\u011flu","author_link":"https:\/\/arantv.az\/?author=2"},"rttpg_comment":0,"rttpg_category":"<a href=\"https:\/\/arantv.az\/?cat=19\" rel=\"category\">G\u00fcnd\u0259m<\/a>","rttpg_excerpt":"Pandemiyan\u0131n bu v\u0259 ya dig\u0259r \u015f\u0259kild\u0259 \u0259n \u00e7ox t\u0259sir etdiyi insanlar ya\u015fl\u0131lard\u0131r. S\u0259rtl\u0259\u015fdirilmi\u015f karantin rejimi ilk olaraq onlar \u00fc\u00e7\u00fcn t\u0259tbiq olundu. \u0130ki aydan \u00e7oxdur ki, evd\u0259n \u00e7\u00f6l\u0259 \u00e7\u0131xa bilm\u0259y\u0259n ah\u0131l insanlar evd\u0259 oturmaqdan yorulublar des\u0259k, yan\u0131lmar\u0131q. \u018fn \u00e7ox da t\u0259nha ya\u015fayan ya\u015fl\u0131 sakinl\u0259rimiz \u00e7\u0259tinlik \u00e7\u0259kirl\u0259r. Baku TV \u0259m\u0259kda\u015flar\u0131 ya\u015fl\u0131 insanlarla g\u00f6r\u00fc\u015f\u00fcb, onlar\u0131n probleml\u0259ri il\u0259 maraqlan\u0131blar.&hellip;","_links":{"self":[{"href":"https:\/\/arantv.az\/index.php?rest_route=\/wp\/v2\/posts\/163503"}],"collection":[{"href":"https:\/\/arantv.az\/index.php?rest_route=\/wp\/v2\/posts"}],"about":[{"href":"https:\/\/arantv.az\/index.php?rest_route=\/wp\/v2\/types\/post"}],"author":[{"embeddable":true,"href":"https:\/\/arantv.az\/index.php?rest_route=\/wp\/v2\/users\/2"}],"replies":[{"embeddable":true,"href":"https:\/\/arantv.az\/index.php?rest_route=%2Fwp%2Fv2%2Fcomments&post=163503"}],"version-history":[{"count":0,"href":"https:\/\/arantv.az\/index.php?rest_route=\/wp\/v2\/posts\/163503\/revisions"}],"wp:featuredmedia":[{"embeddable":true,"href":"https:\/\/arantv.az\/index.php?rest_route=\/wp\/v2\/media\/163504"}],"wp:attachment":[{"href":"https:\/\/arantv.az\/index.php?rest_route=%2Fwp%2Fv2%2Fmedia&parent=163503"}],"wp:term":[{"taxonomy":"category","embeddable":true,"href":"https:\/\/arantv.az\/index.php?rest_route=%2Fwp%2Fv2%2Fcategories&post=163503"},{"taxonomy":"post_tag","embeddable":true,"href":"https:\/\/arantv.az\/index.php?rest_route=%2Fwp%2Fv2%2Ftags&post=163503"}],"curies":[{"name":"wp","href":"https:\/\/api.w.org\/{rel}","templated":true}]}}