{"id":163555,"date":"2020-05-12T08:34:48","date_gmt":"2020-05-12T05:34:48","guid":{"rendered":"http:\/\/arantv.az\/?p=163555"},"modified":"2020-05-12T08:34:48","modified_gmt":"2020-05-12T05:34:48","slug":"az%c9%99rbaycanda-avtomobili-d%c9%99r%c9%99d%c9%99n-bel%c9%99-asirdilar-video","status":"publish","type":"post","link":"https:\/\/arantv.az\/?p=163555","title":{"rendered":"Az\u0259rbaycanda avtomobili d\u0259r\u0259d\u0259n bel\u0259 a\u015f\u0131rd\u0131lar &#8211; V\u0130DEO"},"content":{"rendered":"<p>Sosial \u015f\u0259b\u0259k\u0259d\u0259 BMW markal\u0131 avtomobilin d\u0259r\u0259d\u0259n a\u015f\u0131r\u0131lmas\u0131n\u0131n g\u00f6r\u00fcnt\u00fcl\u0259ri yay\u0131l\u0131b.<\/p>\n<p><b>ARANTV.AZ\u00a0<\/b>x\u0259b\u0259r verir ki, hadis\u0259nin d\u0259qiq harada ba\u015f verdiyi m\u0259lum deyil.<\/p>\n<p>Videoda BMW-nin dig\u0259r eyni markal\u0131 avtomobili q\u0259sd\u0259n vuraraq, d\u0259r\u0259d\u0259n a\u015f\u0131rmas\u0131 g\u00f6r\u00fcn\u00fcr.<\/p>\n<div id=\"AdviadNativeVideo0\" class=\"AdviadNativeVideo\"><\/div>\n<p>Videonu \u00e7\u0259k\u0259n \u015f\u0259xs is\u0259 s\u00fcr\u00fcc\u00fcy\u0259 bunu etm\u0259kl\u0259 ba\u011fl\u0131 g\u00f6st\u0259ri\u015f verib.<\/p>\n<p>H\u0259min g\u00f6r\u00fcnt\u00fcl\u0259ri t\u0259qdim edirik:<\/p>\n<div><iframe loading=\"lazy\" src=\"https:\/\/player.baku.tv\/embed\/18497\" width=\"560\" height=\"315\" frameborder=\"0\" allowfullscreen=\"allowfullscreen\" data-mce-fragment=\"1\"><\/iframe><\/div>\n<p>Oxu.Az<\/p>\n","protected":false},"excerpt":{"rendered":"<p>Sosial \u015f\u0259b\u0259k\u0259d\u0259 BMW markal\u0131 avtomobilin d\u0259r\u0259d\u0259n a\u015f\u0131r\u0131lmas\u0131n\u0131n g\u00f6r\u00fcnt\u00fcl\u0259ri yay\u0131l\u0131b. ARANTV.AZ\u00a0x\u0259b\u0259r verir ki, hadis\u0259nin d\u0259qiq harada ba\u015f verdiyi m\u0259lum deyil. Videoda BMW-nin dig\u0259r eyni markal\u0131 avtomobili q\u0259sd\u0259n vuraraq, d\u0259r\u0259d\u0259n a\u015f\u0131rmas\u0131 g\u00f6r\u00fcn\u00fcr. Videonu \u00e7\u0259k\u0259n \u015f\u0259xs is\u0259 s\u00fcr\u00fcc\u00fcy\u0259 bunu etm\u0259kl\u0259 ba\u011fl\u0131 g\u00f6st\u0259ri\u015f verib. H\u0259min g\u00f6r\u00fcnt\u00fcl\u0259ri t\u0259qdim edirik: Oxu.Az<\/p>\n","protected":false},"author":2,"featured_media":163556,"comment_status":"closed","ping_status":"closed","sticky":false,"template":"","format":"standard","meta":{"om_disable_all_campaigns":false,"_monsterinsights_skip_tracking":false,"_monsterinsights_sitenote_active":false,"_monsterinsights_sitenote_note":"","_monsterinsights_sitenote_category":0},"categories":[5],"tags":[],"aioseo_notices":[],"gutentor_comment":0,"rttpg_featured_image_url":{"full":["https:\/\/arantv.az\/wp-content\/uploads\/2020\/05\/000.jpg",620,415,false],"landscape":["https:\/\/arantv.az\/wp-content\/uploads\/2020\/05\/000.jpg",620,415,false],"portraits":["https:\/\/arantv.az\/wp-content\/uploads\/2020\/05\/000.jpg",620,415,false],"thumbnail":["https:\/\/arantv.az\/wp-content\/uploads\/2020\/05\/000-150x150.jpg",150,150,true],"medium":["https:\/\/arantv.az\/wp-content\/uploads\/2020\/05\/000-300x201.jpg",300,201,true],"large":["https:\/\/arantv.az\/wp-content\/uploads\/2020\/05\/000.jpg",620,415,false],"1536x1536":["https:\/\/arantv.az\/wp-content\/uploads\/2020\/05\/000.jpg",620,415,false],"2048x2048":["https:\/\/arantv.az\/wp-content\/uploads\/2020\/05\/000.jpg",620,415,false],"post-thumbnail":["https:\/\/arantv.az\/wp-content\/uploads\/2020\/05\/000-240x172.jpg",240,172,true],"advps-thumb-one":["https:\/\/arantv.az\/wp-content\/uploads\/2020\/05\/000.jpg",620,415,false]},"rttpg_author":{"display_name":"V\u00fcsal Rafiqo\u011flu","author_link":"https:\/\/arantv.az\/?author=2"},"rttpg_comment":0,"rttpg_category":"<a href=\"https:\/\/arantv.az\/?cat=5\" rel=\"category\">Hadis\u0259<\/a>","rttpg_excerpt":"Sosial \u015f\u0259b\u0259k\u0259d\u0259 BMW markal\u0131 avtomobilin d\u0259r\u0259d\u0259n a\u015f\u0131r\u0131lmas\u0131n\u0131n g\u00f6r\u00fcnt\u00fcl\u0259ri yay\u0131l\u0131b. ARANTV.AZ\u00a0x\u0259b\u0259r verir ki, hadis\u0259nin d\u0259qiq harada ba\u015f verdiyi m\u0259lum deyil. Videoda BMW-nin dig\u0259r eyni markal\u0131 avtomobili q\u0259sd\u0259n vuraraq, d\u0259r\u0259d\u0259n a\u015f\u0131rmas\u0131 g\u00f6r\u00fcn\u00fcr. Videonu \u00e7\u0259k\u0259n \u015f\u0259xs is\u0259 s\u00fcr\u00fcc\u00fcy\u0259 bunu etm\u0259kl\u0259 ba\u011fl\u0131 g\u00f6st\u0259ri\u015f verib. H\u0259min g\u00f6r\u00fcnt\u00fcl\u0259ri t\u0259qdim edirik: Oxu.Az","_links":{"self":[{"href":"https:\/\/arantv.az\/index.php?rest_route=\/wp\/v2\/posts\/163555"}],"collection":[{"href":"https:\/\/arantv.az\/index.php?rest_route=\/wp\/v2\/posts"}],"about":[{"href":"https:\/\/arantv.az\/index.php?rest_route=\/wp\/v2\/types\/post"}],"author":[{"embeddable":true,"href":"https:\/\/arantv.az\/index.php?rest_route=\/wp\/v2\/users\/2"}],"replies":[{"embeddable":true,"href":"https:\/\/arantv.az\/index.php?rest_route=%2Fwp%2Fv2%2Fcomments&post=163555"}],"version-history":[{"count":0,"href":"https:\/\/arantv.az\/index.php?rest_route=\/wp\/v2\/posts\/163555\/revisions"}],"wp:featuredmedia":[{"embeddable":true,"href":"https:\/\/arantv.az\/index.php?rest_route=\/wp\/v2\/media\/163556"}],"wp:attachment":[{"href":"https:\/\/arantv.az\/index.php?rest_route=%2Fwp%2Fv2%2Fmedia&parent=163555"}],"wp:term":[{"taxonomy":"category","embeddable":true,"href":"https:\/\/arantv.az\/index.php?rest_route=%2Fwp%2Fv2%2Fcategories&post=163555"},{"taxonomy":"post_tag","embeddable":true,"href":"https:\/\/arantv.az\/index.php?rest_route=%2Fwp%2Fv2%2Ftags&post=163555"}],"curies":[{"name":"wp","href":"https:\/\/api.w.org\/{rel}","templated":true}]}}