{"id":163583,"date":"2020-05-12T08:59:56","date_gmt":"2020-05-12T05:59:56","guid":{"rendered":"http:\/\/arantv.az\/?p=163583"},"modified":"2020-05-12T08:59:56","modified_gmt":"2020-05-12T05:59:56","slug":"partiya-s%c9%99dri-%c9%99bulf%c9%99s-qarayev-etimadi-dogrulda-bilm%c9%99di","status":"publish","type":"post","link":"https:\/\/arantv.az\/?p=163583","title":{"rendered":"Partiya s\u0259dri: \u201c\u018fb\u00fclf\u0259s Qarayev etimad\u0131 do\u011frulda bilm\u0259di\u201d"},"content":{"rendered":"<p>\u201cM\u0259d\u0259niyy\u0259t Nazirliyi d\u00f6vl\u0259tin strateji, m\u00fch\u00fcm \u0259h\u0259miyy\u0259t\u0259 malik olan qurumlar\u0131ndan biridir. Nazirliyin \u0259sas v\u0259zif\u0259l\u0259ri aras\u0131nda m\u0259d\u0259ni irsin qorunmas\u0131 x\u00fcsusi yer tutur. Haz\u0131rda h\u0259m Q\u0259rbi Az\u0259rbaycanda, h\u0259m d\u0259 i\u015f\u011fal alt\u0131nda olan Qaraba\u011fda m\u0259d\u0259ni irsimiz\u0259 qar\u015f\u0131 minl\u0259rl\u0259 vandalizm akt\u0131 h\u0259yata ke\u00e7irilir. Amma bu faktlar\u0131 d\u00fcnyaya \u00e7atd\u0131rmal\u0131 olan M\u0259d\u0259niyy\u0259t Nazirliyinin daxilind\u0259 qanunazidd \u0259m\u0259ll\u0259rin ba\u015f verm\u0259si ham\u0131m\u0131z\u0131 hidd\u0259tl\u0259ndirir\u201d.<\/p>\n<p>Bu s\u00f6zl\u0259ri Oxu.Az-a a\u00e7\u0131qlamas\u0131nda Az\u0259rbaycan Namin\u0259 Alyans Partiyas\u0131n\u0131n s\u0259dri Abutal\u0131b S\u0259m\u0259dov D\u00f6vl\u0259t T\u0259hl\u00fck\u0259sizliyi Xidm\u0259tinin (DTX) M\u0259d\u0259niyy\u0259t Nazirliyind\u0259 ke\u00e7irdiyi \u0259m\u0259liyyata m\u00fcnasib\u0259t bildir\u0259rk\u0259n deyib.<\/p>\n<p>Onun fikrinc\u0259, M\u0259d\u0259niyy\u0259t Nazirliyind\u0259 \u0259m\u0259liyyat\u0131n ke\u00e7irilm\u0259si, v\u0259zif\u0259li \u015f\u0259xsl\u0259rin saxlan\u0131lmas\u0131 Az\u0259rbaycanda toxunulmaz \u015f\u0259xsl\u0259rin olmad\u0131\u011f\u0131n\u0131 g\u00f6st\u0259rir.<\/p>\n<p>A.S\u0259m\u0259dov qeyd edib ki, s\u0259lahiyy\u0259tli orqanlar\u0131n ictimaiyy\u0259t\u0259 geni\u015f a\u00e7\u0131qlamas\u0131ndan sonra M\u0259d\u0259niyy\u0259t Nazirliyind\u0259 daha geni\u015f korrupsiya \u015f\u0259b\u0259k\u0259sinin oldu\u011fu \u00fcz\u0259 \u00e7\u0131xacaq.<\/p>\n<p>Partiya s\u0259drinin s\u00f6zl\u0259rin\u0259 g\u00f6r\u0259, nazirlikd\u0259 \u0259m\u0259liyyat\u0131n ke\u00e7irilm\u0259si onu g\u00f6st\u0259rir ki, d\u00f6vl\u0259t r\u0259hb\u0259rliyini narahat ed\u0259n \u00e7ox ciddi m\u0259s\u0259l\u0259l\u0259r var.<\/p>\n<p>A.S\u0259m\u0259dov M\u0259d\u0259niyy\u0259t naziri \u018fb\u00fclf\u0259s Qarayevin d\u0259 f\u0259aliyy\u0259tini t\u0259nqid edib.<\/p>\n<p>\u201c\u00c7ox t\u0259\u0259ss\u00fcfl\u0259r olsun ki, \u018fb\u00fclf\u0259s Qarayev ona olan etimad\u0131 do\u011frulda bilm\u0259di. Onun M\u0259d\u0259niyy\u0259t Nazirliyind\u0259ki qanunsuz \u0259m\u0259ll\u0259rd\u0259n x\u0259b\u0259rsiz oldu\u011funu iddia etm\u0259k m\u00fcmk\u00fcn deyil. \u00c7\u00fcnki nazirin \u0259sas i\u015fl\u0259rind\u0259n biri d\u0259 kadrlara, d\u00f6vl\u0259t b\u00fcdc\u0259sind\u0259n ayr\u0131lan v\u0259saitl\u0259rin d\u00fczg\u00fcn x\u0259rcl\u0259nm\u0259sin\u0259 n\u0259zar\u0259t etm\u0259kd\u0259n ibar\u0259tdir. Ancaq ya bu m\u0259s\u0259l\u0259l\u0259r uzun m\u00fcdd\u0259t n\u0259zar\u0259td\u0259n k\u0259narda qal\u0131b, ya da bil\u0259-bil\u0259 qanunsuz \u0259m\u0259ll\u0259r\u0259 imkan verilib\u201d, &#8211; dey\u0259 A.S\u0259m\u0259dov \u0259lav\u0259 edib.<\/p>\n<p>Partiya s\u0259drinin s\u00f6zl\u0259rin\u0259 g\u00f6r\u0259, \u018f.Qarayevin hadis\u0259 il\u0259 ba\u011fl\u0131 verdiyi a\u00e7\u0131qlama \u00e7ox u\u011fursuzdur:<\/p>\n<p>\u201c\u018fb\u00fclf\u0259s Qarayev deyir ki, m\u0259s\u0259l\u0259y\u0259 h\u00fcquqi qiym\u0259t veril\u0259c\u0259k. Hesab edir\u0259m ki, o, \u00f6z f\u0259aliyy\u0259tin\u0259 t\u0259nqidi yana\u015fmal\u0131, obyektiv b\u0259yanat verm\u0259lidir\u201d.<\/p>\n<p>Qeyd ed\u0259k ki, DTX may\u0131n 8-d\u0259 M\u0259d\u0259niyy\u0259t Nazirliyind\u0259 ke\u00e7irdiyi \u0259m\u0259liyyatla m\u0259d\u0259niyy\u0259t nazirinin m\u00fcavini Rafiq Abbasov, M\u0259d\u0259ni \u0130rsin Qorunmas\u0131, \u0130nki\u015faf\u0131 v\u0259 B\u0259rpas\u0131 \u00fczr\u0259 D\u00f6vl\u0259t Xidm\u0259tinin r\u0259isi Zakir Sultanov saxlan\u0131l\u0131blar.<\/p>\n<p>S\u0259bail rayon M\u0259hk\u0259m\u0259sinin q\u0259rar\u0131 il\u0259 Cinay\u0259t M\u0259c\u0259ll\u0259sinin 308-ci (v\u0259zif\u0259 s\u0259lahiyy\u0259tl\u0259rini a\u015fma) v\u0259 179-cu (m\u0259nims\u0259m\u0259) madd\u0259l\u0259ri il\u0259 ittiham olunan h\u0259r iki \u015f\u0259xs bar\u0259sind\u0259 d\u00f6rd ay m\u00fcdd\u0259tin\u0259 h\u0259bs q\u0259timkan t\u0259dbiri se\u00e7ilib.<\/p>\n<p>Onu da bildir\u0259k ki, Prezident \u0130lham \u018fliyevin may\u0131n 9-da imzalad\u0131\u011f\u0131 s\u0259r\u0259ncamla Rafiq Abbasov v\u0259 Zakir Sultanov v\u0259zif\u0259l\u0259rind\u0259n azad edilibl\u0259r.<\/p>\n","protected":false},"excerpt":{"rendered":"<p>\u201cM\u0259d\u0259niyy\u0259t Nazirliyi d\u00f6vl\u0259tin strateji, m\u00fch\u00fcm \u0259h\u0259miyy\u0259t\u0259 malik olan qurumlar\u0131ndan biridir. Nazirliyin \u0259sas v\u0259zif\u0259l\u0259ri aras\u0131nda m\u0259d\u0259ni irsin qorunmas\u0131 x\u00fcsusi yer tutur. Haz\u0131rda h\u0259m Q\u0259rbi Az\u0259rbaycanda, h\u0259m d\u0259 i\u015f\u011fal alt\u0131nda olan Qaraba\u011fda m\u0259d\u0259ni irsimiz\u0259 qar\u015f\u0131 minl\u0259rl\u0259 vandalizm akt\u0131 h\u0259yata ke\u00e7irilir. Amma bu faktlar\u0131 d\u00fcnyaya \u00e7atd\u0131rmal\u0131 olan M\u0259d\u0259niyy\u0259t Nazirliyinin daxilind\u0259 qanunazidd \u0259m\u0259ll\u0259rin ba\u015f verm\u0259si ham\u0131m\u0131z\u0131 hidd\u0259tl\u0259ndirir\u201d. Bu s\u00f6zl\u0259ri Oxu.Az-a a\u00e7\u0131qlamas\u0131nda Az\u0259rbaycan Namin\u0259 Alyans Partiyas\u0131n\u0131n s\u0259dri Abutal\u0131b S\u0259m\u0259dov D\u00f6vl\u0259t T\u0259hl\u00fck\u0259sizliyi Xidm\u0259tinin (DTX) M\u0259d\u0259niyy\u0259t Nazirliyind\u0259 ke\u00e7irdiyi \u0259m\u0259liyyata m\u00fcnasib\u0259t bildir\u0259rk\u0259n deyib. Onun fikrinc\u0259, M\u0259d\u0259niyy\u0259t Nazirliyind\u0259 \u0259m\u0259liyyat\u0131n ke\u00e7irilm\u0259si, v\u0259zif\u0259li \u015f\u0259xsl\u0259rin saxlan\u0131lmas\u0131 Az\u0259rbaycanda toxunulmaz \u015f\u0259xsl\u0259rin olmad\u0131\u011f\u0131n\u0131 g\u00f6st\u0259rir. A.S\u0259m\u0259dov&hellip;<\/p>\n","protected":false},"author":2,"featured_media":163584,"comment_status":"closed","ping_status":"closed","sticky":false,"template":"","format":"standard","meta":{"om_disable_all_campaigns":false,"_monsterinsights_skip_tracking":false,"_monsterinsights_sitenote_active":false,"_monsterinsights_sitenote_note":"","_monsterinsights_sitenote_category":0},"categories":[26],"tags":[],"aioseo_notices":[],"gutentor_comment":0,"rttpg_featured_image_url":{"full":["https:\/\/arantv.az\/wp-content\/uploads\/2020\/05\/1588940784_1545821424_1bba9f05-c0f5-4d82-b11c-6b38f8d85696.jpg",620,413,false],"landscape":["https:\/\/arantv.az\/wp-content\/uploads\/2020\/05\/1588940784_1545821424_1bba9f05-c0f5-4d82-b11c-6b38f8d85696.jpg",620,413,false],"portraits":["https:\/\/arantv.az\/wp-content\/uploads\/2020\/05\/1588940784_1545821424_1bba9f05-c0f5-4d82-b11c-6b38f8d85696.jpg",620,413,false],"thumbnail":["https:\/\/arantv.az\/wp-content\/uploads\/2020\/05\/1588940784_1545821424_1bba9f05-c0f5-4d82-b11c-6b38f8d85696-150x150.jpg",150,150,true],"medium":["https:\/\/arantv.az\/wp-content\/uploads\/2020\/05\/1588940784_1545821424_1bba9f05-c0f5-4d82-b11c-6b38f8d85696-300x200.jpg",300,200,true],"large":["https:\/\/arantv.az\/wp-content\/uploads\/2020\/05\/1588940784_1545821424_1bba9f05-c0f5-4d82-b11c-6b38f8d85696.jpg",620,413,false],"1536x1536":["https:\/\/arantv.az\/wp-content\/uploads\/2020\/05\/1588940784_1545821424_1bba9f05-c0f5-4d82-b11c-6b38f8d85696.jpg",620,413,false],"2048x2048":["https:\/\/arantv.az\/wp-content\/uploads\/2020\/05\/1588940784_1545821424_1bba9f05-c0f5-4d82-b11c-6b38f8d85696.jpg",620,413,false],"post-thumbnail":["https:\/\/arantv.az\/wp-content\/uploads\/2020\/05\/1588940784_1545821424_1bba9f05-c0f5-4d82-b11c-6b38f8d85696-240x172.jpg",240,172,true],"advps-thumb-one":["https:\/\/arantv.az\/wp-content\/uploads\/2020\/05\/1588940784_1545821424_1bba9f05-c0f5-4d82-b11c-6b38f8d85696.jpg",620,413,false]},"rttpg_author":{"display_name":"V\u00fcsal Rafiqo\u011flu","author_link":"https:\/\/arantv.az\/?author=2"},"rttpg_comment":0,"rttpg_category":"<a href=\"https:\/\/arantv.az\/?cat=26\" rel=\"category\">Sosial<\/a>","rttpg_excerpt":"\u201cM\u0259d\u0259niyy\u0259t Nazirliyi d\u00f6vl\u0259tin strateji, m\u00fch\u00fcm \u0259h\u0259miyy\u0259t\u0259 malik olan qurumlar\u0131ndan biridir. Nazirliyin \u0259sas v\u0259zif\u0259l\u0259ri aras\u0131nda m\u0259d\u0259ni irsin qorunmas\u0131 x\u00fcsusi yer tutur. Haz\u0131rda h\u0259m Q\u0259rbi Az\u0259rbaycanda, h\u0259m d\u0259 i\u015f\u011fal alt\u0131nda olan Qaraba\u011fda m\u0259d\u0259ni irsimiz\u0259 qar\u015f\u0131 minl\u0259rl\u0259 vandalizm akt\u0131 h\u0259yata ke\u00e7irilir. Amma bu faktlar\u0131 d\u00fcnyaya \u00e7atd\u0131rmal\u0131 olan M\u0259d\u0259niyy\u0259t Nazirliyinin daxilind\u0259 qanunazidd \u0259m\u0259ll\u0259rin ba\u015f verm\u0259si ham\u0131m\u0131z\u0131 hidd\u0259tl\u0259ndirir\u201d. Bu s\u00f6zl\u0259ri&hellip;","_links":{"self":[{"href":"https:\/\/arantv.az\/index.php?rest_route=\/wp\/v2\/posts\/163583"}],"collection":[{"href":"https:\/\/arantv.az\/index.php?rest_route=\/wp\/v2\/posts"}],"about":[{"href":"https:\/\/arantv.az\/index.php?rest_route=\/wp\/v2\/types\/post"}],"author":[{"embeddable":true,"href":"https:\/\/arantv.az\/index.php?rest_route=\/wp\/v2\/users\/2"}],"replies":[{"embeddable":true,"href":"https:\/\/arantv.az\/index.php?rest_route=%2Fwp%2Fv2%2Fcomments&post=163583"}],"version-history":[{"count":0,"href":"https:\/\/arantv.az\/index.php?rest_route=\/wp\/v2\/posts\/163583\/revisions"}],"wp:featuredmedia":[{"embeddable":true,"href":"https:\/\/arantv.az\/index.php?rest_route=\/wp\/v2\/media\/163584"}],"wp:attachment":[{"href":"https:\/\/arantv.az\/index.php?rest_route=%2Fwp%2Fv2%2Fmedia&parent=163583"}],"wp:term":[{"taxonomy":"category","embeddable":true,"href":"https:\/\/arantv.az\/index.php?rest_route=%2Fwp%2Fv2%2Fcategories&post=163583"},{"taxonomy":"post_tag","embeddable":true,"href":"https:\/\/arantv.az\/index.php?rest_route=%2Fwp%2Fv2%2Ftags&post=163583"}],"curies":[{"name":"wp","href":"https:\/\/api.w.org\/{rel}","templated":true}]}}